{"id":228677,"date":"2024-08-06T11:27:09","date_gmt":"2024-08-06T09:27:09","guid":{"rendered":"https:\/\/www.brundisium.net\/?p=228677"},"modified":"2024-08-06T14:03:20","modified_gmt":"2024-08-06T12:03:20","slug":"wow-fasano-al-via-al-minareto-i-concerti-del-festival-metropolitano-bari-in-jazz","status":"publish","type":"post","link":"https:\/\/www.brundisium.net\/index.php\/wow-fasano-al-via-al-minareto-i-concerti-del-festival-metropolitano-bari-in-jazz\/","title":{"rendered":"WOW! Fasano: al via al Minareto i concerti del Festival Metropolitano Bari in Jazz"},"content":{"rendered":"<p>Parte questa sera, marted\u00ec 6 agosto, l\u2019estate silvana targata Bari In Jazz: il festival metropolitano, reso tale grazie al prezioso contributo e alla collaborazione di Ministero della Cultura, Regione Puglia, Teatro Pubblico Pugliese, Puglia Promozione, Consorzio Regionale per le Arti e la Cultura, e i comuni di Bari e Fasano.<\/p>\n<p>Questa sera al Minareto, a Selva di Fasano, la compositrice, cantautrice, chitarrista franco-italiana Fanelly presenter\u00e0 per la prima volta in Italia le composizioni del suo nuovo progetto \u201cIl Mare\u201d, affiancata dai talentuosi Mauro Gargano, Davide Chiarelli e Abdel Benz. Seguir\u00e0 il concerto dell\u2019Alba Carmona Duo, guidato della cantautrice spagnola Alba Carmona, che sapientemente coniuga tradizione e modernit\u00e0, in particolare nel flamenco e nella musica folk, con Jes\u00fas Guerrero alla chitarra.<\/p>\n<p>Nella stessa location, il 9 agosto, sar\u00e0 la volta di \u201cBallad for a Tree\u201d, una performance di Massimo Bertolini eseguita dal sassofonista Francesco Galizia e dedicata ai pini secolari del giardino del Minareto. \u201cBallad for a Tree\u201d \u00e8 una delle opere pi\u00f9 emblematiche di Massimo Bartolini: un sassofonista si avvicina a un albero e gli dedica un assolo, nel tentativo di stabilire un contatto con lui. A seguire, l\u2019esibizione di Leo Middea, giovane promettente artista della nuova generazione della M\u00fasica Popular Brasileira, con quattro album all\u2019attivo e un grande seguito su Spotify, dove conta oltre 123.000 ascoltatori mensili, e brani che superano 1 milione di stream.<\/p>\n<p>Il 10 agosto, sempre al Minareto, si terr\u00e0 un doppio concerto. La serata inizier\u00e0 con il Capriello Duo, formato dal sassofonista Giuseppe Capriello e dal pianista Enrico Asquitti, musicisti campani noti per la capacit\u00e0 di fondere varie influenze musicali in un&#8217;esperienza unica e coinvolgente. Il palco sar\u00e0 poi affidato a Luca Aquino, eccellente trombettista e compositore pugliese, la cui musica spazia tra jazz, classica e contemporanea, insieme a una ospite d&#8217;eccezione, la flautista   .<\/p>\n<p>Questo il programma dei concerti al Minareto dal 6 al 10 agosto<\/p>\n<p>FANELLY<br \/>\n\u201cIl Mare\u201d<br \/>\n6 Agosto 2024<br \/>\nMinareto | Selva di Fasano<br \/>\nOre 21:00<br \/>\nIngresso 8 euro + d.p.<br \/>\nIn collaborazione con Teatro Pubblico Pugliese. Programmazione Puglia Sounds 2024<\/p>\n<p>Fanelly, voce, chitarra, testi, musiche Mauro Gargano, contrabasso Davide Chiarelli, batteria, percussioni con la partecipazione di Abdel Benz, al kanoun.<\/p>\n<p>Fanelly \u00e8 una compositrice, cantautrice, chitarrista franco-italiana con un sound raffinato e originale. ha iniziato a farsi conoscere in Francia e in Italia con il suo primo album \u201cMetro Stories\u201d. La sua musica abbraccia influenze folk, pop, jazz e world, creando un universo artistico senza confini. Il suo timbro caldo e melodioso richiama le radici della sua regione natale, la Puglia. Ha gi\u00e0 lasciato il segno nei prestigiosi club jazz parigini come Sunset Sunside, Barbizon e 59 Rivoli, oltre a esibirsi su grandi palchi come Maison de la Musique e il Locomotive Jazz Festival. Il Festival Bari in Jazz sar\u00e0 l\u2019occasione per presentare per la prima volta in Italia le composizioni del suo nuovo progetto \u201cIl Mare\u201d.<\/p>\n<p>ALBA CARMONA DUO<br \/>\n6 Agosto 2024<br \/>\nMinareto | Selva di Fasano<br \/>\nOre 22:00<br \/>\nIngresso 7 euro + d.p.<\/p>\n<p>Alba Carmona voce, Jes\u00fas Guerrero chitarra<\/p>\n<p>Alba Carmona Duo \u00e8 un progetto guidato dalla cantautrice spagnola Alba Carmona, che sa coniugare tradizione e modernit\u00e0, in particolare nel flamenco e nella musica folk. Il duo \u00e8 formato dalla voce di Alba Carmona e da una chitarra. Nel loro repertorio ci sono brani tradizionali reinterpretati e brani originali che mescolano il flamenco, il folk e altre sonorit\u00e0. Alba Carmona viene da Barcellona e ha collaborato con molti artisti, tra cui il gruppo Las Migas. Il duo propone performance acustiche e intimiste, in cui si mettono in risalto la voce intensa di Alba e la bravura del chitarrista. Il repertorio comprende brani tradizionali e brani originali. Alba Carmona ha realizzato diversi album e ha ottenuto premi per il suo apporto alla musica spagnola contemporanea.<\/p>\n<p>BALLAD FOR A TREE<br \/>\nPerformance di Massimo Bertolini eseguita da Francesco Galizia<br \/>\n9 Agosto 2024<br \/>\nMinareto | Selva di Fasano<br \/>\nOre 21:00<br \/>\nEvento realizzato, in collaborazione con WeStart, nell\u2019ambito del Public Program del Padiglione Italia alla Biennale Arte 2024, curato da Luca Cerizza e promosso dalla Direzione Generale Creativit\u00e0 Contemporanea del Ministero della Cultura.<\/p>\n<p>\u201cBallad for a Tree\u201d \u00e8 una performance di Massimo Bartolini eseguita dal sassofonista Francesco Galizia che suona una ballata dedicata ai pini secolari che si trovano nel giardino del Minareto, la sontuosa villa moresca, in Contrada Gordini alla Selva di Fasano, con grandi finestre e ornamenti orientali, che decorano tutta la struttura, da cui \u00e8 possibile attraversare con lo sguardo la Valle D\u2019Itria.<br \/>\nBallad for a Tree (2003) \u00e8 un\u2019opera tra le pi\u00f9 iconiche di Massimo Bartolini che, come spesso capita nella sua pratica, ha una forte dimensione performativa che include il suono e la musica. Un sassofonista si avvicina a un albero e improvvisa un assolo in un tentativo di comunicare con un essere non umano, nella speranza, forse, che l\u2019albero possa chiedersi: \u201cche strano uccello sta suonando oggi davanti a me?\u201d.<br \/>\nCos\u00ec, concepita inizialmente negli anni 2000, a dimostrazione di un lunghissimo interesse dell\u2019artista per la natura e il paesaggio (evidente in molte altre opere e nel progetto per il Padiglione Italia 2024), Ballad for a Tree \u00e8 stata eseguita anche come atto di apertura della mostra retrospettiva di Bartolini Hagoromo, al Centro Pecci di Prato (2022).<br \/>\nIn occasione di Due qui \/ To Hear, Bartolini ha concepito una nuova versione di quest\u2019opera come un progetto diffuso e itinerante in diverse regioni d\u2019Italia. Alcuni sassofonisti, selezionati con la collaborazione del musicista Edoardo Marraffa, storico collaboratore dell\u2019artista, suoneranno intorno a diversi alberi di giardini, di campagna e urbani, sparsi per vari comuni italiani.<\/p>\n<p>LEO MIDDEA<br \/>\n9 Agosto 2024<br \/>\nMinareto | Selva di Fasano<br \/>\nOre 22:00<br \/>\nBiglietto unico per entrambi i concerti, Ballad for a tree e Leo Middea: 15,00 euro + d.p.<\/p>\n<p>Leo Middea \u00e8 un artista emergente della nuova generazione della M\u00fasica Popular Brasileira (MPB), nato a Rio de Janeiro e attualmente residente tra Lisbona e Barcellona. Ha pubblicato cinque album. Nel 2022, ha aperto due concerti della cantante francese Sheila alla Salle Pleyel di Parigi. Riconosciuto come uno dei grandi nomi della musica brasiliana in Portogallo, \u00e8 stato invitato dal Primo Ministro a esibirsi per il Bicentenario dell&#8217;Indipendenza del Brasile. Il suo album &#8220;Vicentina&#8221; (2020) \u00e8 stato finanziato attraverso una raccolta fondi per strada e ha raggiunto un milione di ascolti su Spotify in nove mesi. Durante la pandemia, ha realizzato tour dal balcone e concerti sold-out in varie citt\u00e0. Nel 2023, con il nuovo album &#8220;Gente&#8221;, ha intrapreso un tour di 80 concerti in 8 paesi e 3 continenti, ottenendo un altro milione di stream.<\/p>\n<p>DUO CAPRIELLO \u2013 ASQUITTI<br \/>\n10 Agosto 2024<br \/>\nMinareto | Selva di Fasano<br \/>\nOre 21:00<\/p>\n<p>Giuseppe Capriello sassofono e Enrico Asquitti piano<\/p>\n<p>Il Capriello Duo \u00e8 una formazione musicale nata nel 2022 e composta da due talentuosi musicisti campani che si distinguono per la loro capacit\u00e0 di fondere diverse influenze musicali in un&#8217;esperienza unica e coinvolgente. Il loro repertorio spazia tra vari generi, tra cui il jazz, la musica classica e le tradizioni popolari. Sono noti per le loro interpretazioni tecnicamente abili e capacit\u00e0 interpretativa, esplorando un vasto repertorio e rendendo ogni esibizione un viaggio musicale diverso e appassionante. Il duo sie \u00e8 esibito in numerose occasioni, partecipando a festival, concerti ed eventi speciali. Le loro performance sono state accolte con entusiasmo sia dalla critica che dal pubblico, guadagnando riconoscimenti e apprezzamenti per la qualit\u00e0 della loro musica e l&#8217;originalit\u00e0 delle loro interpretazioni.<\/p>\n<p>LUCA AQUINO Ensemble<br \/>\n10 Agosto 2024<br \/>\nMinareto | Selva di Fasano<br \/>\nOre 22:00<br \/>\nBiglietto unico per entrambi i concerti, Duo Capriello \u2013 Asquitti e Luca Aquino: 15,00 euro + d.p.<\/p>\n<p>Un nuovo progetto originale del trombettista   con il suo quartetto, composto da   alla batteria,   alla chitarra elettrica,   al basso elettrico, insieme a una ospite d&#8217;eccezione, la flautista   .<br \/>\nNe ha vissute di esperienze Luca Aquino, con collaborazioni importanti da Sting a Manu Katch\u00e9, da Jon Hassell a Lucio Dalla e Mimmo Paladino, con centinaia di concerti e registrazioni discografiche in tutto il mondo, progetti originali, illuminati e lungimiranti, registrati in luoghi d&#8217;arte storici e spettacolari come il sito archeologico di Petra in Giordania e il teatro Quam ai confini con la Siria. I tour nei Balcani, in Scandinavia, in Francia, Germania e l&#8217;Europa intera e soprattutto in Medio Oriente, in pi\u00f9 l&#8217;aggiunta di due infortuni importanti, due paresi facciali di Bell recuperate poi miracolosamente, che hanno tenuto lontano dalle scene e dalla tromba per tre anni il jazzista. Percorsi profondi e impegnativi che hanno arricchito il suono della sua tromba di Luca Aquino, rendendolo ancora pi\u00f9 profondo e riconoscibile. Con questo nuovo progetto, insieme ai suoi amici e storici compagni di viaggi, Luca Aquino racconta una nuova storia, con sue composizioni originali, di cui una dedicata alla figlia Anita e due dedicate ai due campioni del pugilato Carnera e l&#8217;argentino &#8220;entocable&#8221; Nicolino Locche, e la rivisitazione di tre brani molto noti come &#8220;Can\u2019t Help Falling in Love&#8221;, resa celebre da Elvis Presley, &#8220;Ironic&#8221; di Alanis Morissette e &#8220;Nature Boy&#8221; di Eden Ahbez e la poetica e drammatica &#8220;Alfonsina y El Mar&#8221; di Mercedes Sosa.<\/p>\n<p>Ufficio Stampa<br \/>\nCitt\u00e0 di Fasano<\/p>\n","protected":false},"excerpt":{"rendered":"<p>Parte questa sera, marted\u00ec 6 agosto, l\u2019estate silvana targata Bari In Jazz: il festival metropolitano, reso tale grazie al prezioso contributo e alla collaborazione di Ministero della Cultura, Regione Puglia, Teatro Pubblico Pugliese, Puglia Promozione, Consorzio Regionale per le Arti e la Cultura, e i comuni di Bari e Fasano. Questa sera al Minareto, a Selva di Fasano, la compositrice, cantautrice, chitarrista franco-italiana Fanelly presenter\u00e0 per la prima volta in Italia le composizioni del suo nuovo progetto \u201cIl Mare\u201d, affiancata dai talentuosi Mauro Gargano, Davide Chiarelli e Abdel Benz. Seguir\u00e0 il concerto dell\u2019Alba Carmona Duo, guidato della cantautrice spagnola Alba Carmona, che sapientemente coniuga tradizione e modernit\u00e0, in particolare nel flamenco e nella musica folk, con Jes\u00fas Guerrero alla chitarra. Nella stessa location, il 9 agosto, sar\u00e0 la volta di \u201cBallad for a Tree\u201d, una performance di Massimo Bertolini eseguita dal sassofonista Francesco Galizia e dedicata ai pini secolari del giardino del Minareto. \u201cBallad for a Tree\u201d \u00e8 una delle opere pi\u00f9 emblematiche di Massimo Bartolini: un sassofonista si avvicina&#8230;<\/p>\n","protected":false},"author":2,"featured_media":228680,"comment_status":"open","ping_status":"closed","sticky":false,"template":"","format":"standard","meta":{"footnotes":""},"categories":[7],"tags":[],"class_list":["post-228677","post","type-post","status-publish","format-standard","has-post-thumbnail","hentry","category-news"],"_links":{"self":[{"href":"https:\/\/www.brundisium.net\/index.php\/wp-json\/wp\/v2\/posts\/228677","targetHints":{"allow":["GET"]}}],"collection":[{"href":"https:\/\/www.brundisium.net\/index.php\/wp-json\/wp\/v2\/posts"}],"about":[{"href":"https:\/\/www.brundisium.net\/index.php\/wp-json\/wp\/v2\/types\/post"}],"author":[{"embeddable":true,"href":"https:\/\/www.brundisium.net\/index.php\/wp-json\/wp\/v2\/users\/2"}],"replies":[{"embeddable":true,"href":"https:\/\/www.brundisium.net\/index.php\/wp-json\/wp\/v2\/comments?post=228677"}],"version-history":[{"count":1,"href":"https:\/\/www.brundisium.net\/index.php\/wp-json\/wp\/v2\/posts\/228677\/revisions"}],"predecessor-version":[{"id":228681,"href":"https:\/\/www.brundisium.net\/index.php\/wp-json\/wp\/v2\/posts\/228677\/revisions\/228681"}],"wp:featuredmedia":[{"embeddable":true,"href":"https:\/\/www.brundisium.net\/index.php\/wp-json\/wp\/v2\/media\/228680"}],"wp:attachment":[{"href":"https:\/\/www.brundisium.net\/index.php\/wp-json\/wp\/v2\/media?parent=228677"}],"wp:term":[{"taxonomy":"category","embeddable":true,"href":"https:\/\/www.brundisium.net\/index.php\/wp-json\/wp\/v2\/categories?post=228677"},{"taxonomy":"post_tag","embeddable":true,"href":"https:\/\/www.brundisium.net\/index.php\/wp-json\/wp\/v2\/tags?post=228677"}],"curies":[{"name":"wp","href":"https:\/\/api.w.org\/{rel}","templated":true}]}}