{"id":229878,"date":"2024-09-02T13:08:24","date_gmt":"2024-09-02T11:08:24","guid":{"rendered":"https:\/\/www.brundisium.net\/?p=229878"},"modified":"2024-09-02T13:08:24","modified_gmt":"2024-09-02T11:08:24","slug":"il-partito-democratico-di-brindisi-esprime-solidarieta-e-sostegno-a-monsignor-giovanni-intini","status":"publish","type":"post","link":"https:\/\/www.brundisium.net\/index.php\/il-partito-democratico-di-brindisi-esprime-solidarieta-e-sostegno-a-monsignor-giovanni-intini\/","title":{"rendered":"Il Partito Democratico di Brindisi esprime solidariet\u00e0 e sostegno a Monsignor Giovanni Intini"},"content":{"rendered":"<p>Il circolo di Brindisi del Partito Democratico, fondato sui valori storici di solidariet\u00e0, comunit\u00e0, rispetto e impegno sociale, esprime la propria solidariet\u00e0 e il pieno sostegno all&#8217;Arcivescovo Monsignor Giovanni Intini, per quanto accaduto durante l\u2019atteso discorso a margine della processione a mare per i Santi Patroni della citt\u00e0. L\u2019amarezza e la delusione dell\u2019Arcivescovo sono sentimenti che accomunano la maggior parte dei cittadini, non solo credenti.<br \/>\nLa vergognosa e inutile intolleranza manifestata da una manciata di irrispettosi e ineducati cittadini in un momento, atteso un anno, in cui si celebra la tradizionale omelia in onore di San Lorenzo e San Teodoro rappresenta una grave macchia ai festeggiamenti.<br \/>\nRiteniamo che la festa patronale non sia solo un evento di folklore popolare, ma principalmente una profonda celebrazione religiosa che invita la nostra comunit\u00e0 a riflettere sui valori fondanti del nostro vivere come comunit\u00e0.<br \/>\nLe parole di Monsignor Intini sono state un richiamo necessario e urgente alla riscoperta dell&#8217;appartenenza e della partecipazione, valori fondamentali che, come ha sottolineato lo stesso Arcivescovo, stanno vivendo una preoccupante crisi nella nostra societ\u00e0. In un&#8217;epoca in cui il benessere personale e la felicit\u00e0 individuale vengono anteposti a qualsiasi altra responsabilit\u00e0 sociale, \u00e8 fondamentale accogliere l&#8217;invito del nostro pastore spirituale a ritrovare il &#8220;noi&#8221;, costruendo insieme una comunit\u00e0 pi\u00f9 unita e solidale.<br \/>\nIl discorso di Monsignor Intini ha saputo cogliere con saggezza la necessit\u00e0 di una riflessione profonda su temi cruciali come l&#8217;illegalit\u00e0, la corruzione, l&#8217;esclusione sociale e la difesa degli interessi di parte, che stanno limitando sempre pi\u00f9 la partecipazione democratica. Richiamandosi al pensiero di Aldo Moro e di Papa Francesco, l&#8217;Arcivescovo ha giustamente sottolineato come uno Stato possa dirsi veramente democratico solo se al servizio della dignit\u00e0, libert\u00e0 e autonomia della persona umana.<br \/>\nIl Partito Democratico di Brindisi condivide pienamente questa visione e ritiene che la partecipazione non possa essere improvvisata, ma debba essere coltivata e promossa, soprattutto tra le giovani generazioni. Siamo quindi convinti che le parole di Monsignor Intini rappresentino un faro per la nostra comunit\u00e0 e meritino il massimo rispetto e attenzione.<br \/>\nIl Partito Democratico di Brindisi si augura pertanto che tutti i cittadini possano riflettere sulle parole dell&#8217;Arcivescovo e possano unirsi nello sforzo di costruire una societ\u00e0 pi\u00f9 giusta, inclusiva e solidale, in cui nessuno si senta abbandonato o escluso.<\/p>\n<p>Partito Democratico di Brindisi<\/p>\n","protected":false},"excerpt":{"rendered":"<p>Il circolo di Brindisi del Partito Democratico, fondato sui valori storici di solidariet\u00e0, comunit\u00e0, rispetto e impegno sociale, esprime la propria solidariet\u00e0 e il pieno sostegno all&#8217;Arcivescovo Monsignor Giovanni Intini, per quanto accaduto durante l\u2019atteso discorso a margine della processione a mare per i Santi Patroni della citt\u00e0. L\u2019amarezza e la delusione dell\u2019Arcivescovo sono sentimenti che accomunano la maggior parte dei cittadini, non solo credenti. La vergognosa e inutile intolleranza manifestata da una manciata di irrispettosi e ineducati cittadini in un momento, atteso un anno, in cui si celebra la tradizionale omelia in onore di San Lorenzo e San Teodoro rappresenta una grave macchia ai festeggiamenti. Riteniamo che la festa patronale non sia solo un evento di folklore popolare, ma principalmente una profonda celebrazione religiosa che invita la nostra comunit\u00e0 a riflettere sui valori fondanti del nostro vivere come comunit\u00e0. Le parole di Monsignor Intini sono state un richiamo necessario e urgente alla riscoperta dell&#8217;appartenenza e della partecipazione, valori fondamentali che, come ha sottolineato lo stesso Arcivescovo, stanno vivendo una&#8230;<\/p>\n","protected":false},"author":2,"featured_media":205381,"comment_status":"open","ping_status":"closed","sticky":false,"template":"","format":"standard","meta":{"footnotes":""},"categories":[7],"tags":[],"class_list":["post-229878","post","type-post","status-publish","format-standard","has-post-thumbnail","hentry","category-news"],"_links":{"self":[{"href":"https:\/\/www.brundisium.net\/index.php\/wp-json\/wp\/v2\/posts\/229878","targetHints":{"allow":["GET"]}}],"collection":[{"href":"https:\/\/www.brundisium.net\/index.php\/wp-json\/wp\/v2\/posts"}],"about":[{"href":"https:\/\/www.brundisium.net\/index.php\/wp-json\/wp\/v2\/types\/post"}],"author":[{"embeddable":true,"href":"https:\/\/www.brundisium.net\/index.php\/wp-json\/wp\/v2\/users\/2"}],"replies":[{"embeddable":true,"href":"https:\/\/www.brundisium.net\/index.php\/wp-json\/wp\/v2\/comments?post=229878"}],"version-history":[{"count":1,"href":"https:\/\/www.brundisium.net\/index.php\/wp-json\/wp\/v2\/posts\/229878\/revisions"}],"predecessor-version":[{"id":229879,"href":"https:\/\/www.brundisium.net\/index.php\/wp-json\/wp\/v2\/posts\/229878\/revisions\/229879"}],"wp:featuredmedia":[{"embeddable":true,"href":"https:\/\/www.brundisium.net\/index.php\/wp-json\/wp\/v2\/media\/205381"}],"wp:attachment":[{"href":"https:\/\/www.brundisium.net\/index.php\/wp-json\/wp\/v2\/media?parent=229878"}],"wp:term":[{"taxonomy":"category","embeddable":true,"href":"https:\/\/www.brundisium.net\/index.php\/wp-json\/wp\/v2\/categories?post=229878"},{"taxonomy":"post_tag","embeddable":true,"href":"https:\/\/www.brundisium.net\/index.php\/wp-json\/wp\/v2\/tags?post=229878"}],"curies":[{"name":"wp","href":"https:\/\/api.w.org\/{rel}","templated":true}]}}