{"id":229965,"date":"2024-09-04T09:18:21","date_gmt":"2024-09-04T07:18:21","guid":{"rendered":"https:\/\/www.brundisium.net\/?p=229965"},"modified":"2024-09-04T09:18:21","modified_gmt":"2024-09-04T07:18:21","slug":"dismissione-cerano-stefanazzi-governo-ed-enel-riavviino-il-tavolo-istituzionale-per-scongiurare-riflessi-sulloccupazione-sulleconomia-e-sulla-sicurezza","status":"publish","type":"post","link":"https:\/\/www.brundisium.net\/index.php\/dismissione-cerano-stefanazzi-governo-ed-enel-riavviino-il-tavolo-istituzionale-per-scongiurare-riflessi-sulloccupazione-sulleconomia-e-sulla-sicurezza\/","title":{"rendered":"Dismissione Cerano, Stefanazzi: &#8220;Governo ed Enel riavviino il tavolo istituzionale per scongiurare riflessi sull&#8217;occupazione, sull&#8217;economia e sulla sicurezza&#8221;"},"content":{"rendered":"<p>Di seguito il testo dell\u2019interrogazione parlamentare depositata dall\u2019On. Claudio Stefanazzi del Partito Democratico in merito allo stallo del tavolo ministeriale per la decarbonizzazione e al preoccupante rischio di una recrudescenza mafiosa a causa della crisi economica e sociale che il territorio sta vivendo, denunciato dal Procuratore capo di Brindisi, Antonio De Donno.<br \/>\nL\u2019interrogazione ha anche lo scopo di sensibilizzare tutte le Istituzioni, locali e nazionali, coinvolte al fine di poter individuare un percorso comune nel pi\u00f9 breve tempo possibile.<br \/>\n<em><\/p>\n<p>On. Claudio Michele Stefanazzi<\/p>\n<p>Al Ministro delle Imprese e del Made in Italy. Per sapere &#8211; premesso che:<br \/>\ncome noto, Enel ha annunciato la dismissione della centrale \u201cFederico II\u201d di Cerano a Brindisi entro il 2025;<br \/>\nse, da un lato, la chiusura dello stabilimento rappresenta una buona notizia per l\u2019ambiente, dall\u2019altro costituisce un rischio economico e occupazionale molto preoccupante per un\u2019area gi\u00e0 al centro di diverse crisi industriali;<br \/>\nsin dall\u2019annuncio di Enel, la Regione Puglia e le parti sociali hanno richiesto all\u2019azienda di farsi carico di un progetto di reindustrializzazione del sito capace di assorbire la forza lavoro diretta e indiretta;<br \/>\nda mesi, come denunciato dai consiglieri PD del Comune di Brindisi, il tavolo ministeriale per la decarbonizzazione del sito \u00e8 sostanzialmente fermo;<br \/>\na fronte delle promesse fatte in pi\u00f9 occasioni dal Ministro in indirizzo, n\u00e9 da esponenti del Governo, n\u00e9 da Enel sono pervenute proposte in grado di alleviare le preoccupazioni dei lavoratori e delle imprese dell\u2019indotto;<br \/>\noccorre ricordare che la comunit\u00e0 brindisina ha pagato un prezzo altissimo, in termini di salute e ambiente, proprio a causa della presenza della centrale sul suo territorio per quarant\u2019anni;<br \/>\ncome ha inteso ribadire il Procuratore capo di Brindisi, dott. Antonio De Donno, in una recente intervista, la recrudescenza di fenomeni di stampo mafioso nell\u2019area suggerisce la possibilit\u00e0 che i clan possano approfittare della persistente crisi sociale ed economica del territorio. -:<br \/>\nse e quali iniziative intenda intraprendere per sbloccare l\u2019impasse in cui \u00e8 piombato il tavolo ministeriale e favorire l\u2019individuazione di soluzioni tali da scongiurare le ripercussioni occupazionali ed economiche della chiusura ormai prossima della centrale Enel di Brindisi.<br \/>\n<\/em><\/p>\n","protected":false},"excerpt":{"rendered":"<p>Di seguito il testo dell\u2019interrogazione parlamentare depositata dall\u2019On. Claudio Stefanazzi del Partito Democratico in merito allo stallo del tavolo ministeriale per la decarbonizzazione e al preoccupante rischio di una recrudescenza mafiosa a causa della crisi economica e sociale che il territorio sta vivendo, denunciato dal Procuratore capo di Brindisi, Antonio De Donno. L\u2019interrogazione ha anche lo scopo di sensibilizzare tutte le Istituzioni, locali e nazionali, coinvolte al fine di poter individuare un percorso comune nel pi\u00f9 breve tempo possibile. On. Claudio Michele Stefanazzi Al Ministro delle Imprese e del Made in Italy. Per sapere &#8211; premesso che: come noto, Enel ha annunciato la dismissione della centrale \u201cFederico II\u201d di Cerano a Brindisi entro il 2025; se, da un lato, la chiusura dello stabilimento rappresenta una buona notizia per l\u2019ambiente, dall\u2019altro costituisce un rischio economico e occupazionale molto preoccupante per un\u2019area gi\u00e0 al centro di diverse crisi industriali; sin dall\u2019annuncio di Enel, la Regione Puglia e le parti sociali hanno richiesto all\u2019azienda di farsi carico di un progetto di reindustrializzazione del&#8230;<\/p>\n","protected":false},"author":2,"featured_media":216097,"comment_status":"open","ping_status":"closed","sticky":false,"template":"","format":"standard","meta":{"footnotes":""},"categories":[7],"tags":[],"class_list":["post-229965","post","type-post","status-publish","format-standard","has-post-thumbnail","hentry","category-news"],"_links":{"self":[{"href":"https:\/\/www.brundisium.net\/index.php\/wp-json\/wp\/v2\/posts\/229965","targetHints":{"allow":["GET"]}}],"collection":[{"href":"https:\/\/www.brundisium.net\/index.php\/wp-json\/wp\/v2\/posts"}],"about":[{"href":"https:\/\/www.brundisium.net\/index.php\/wp-json\/wp\/v2\/types\/post"}],"author":[{"embeddable":true,"href":"https:\/\/www.brundisium.net\/index.php\/wp-json\/wp\/v2\/users\/2"}],"replies":[{"embeddable":true,"href":"https:\/\/www.brundisium.net\/index.php\/wp-json\/wp\/v2\/comments?post=229965"}],"version-history":[{"count":1,"href":"https:\/\/www.brundisium.net\/index.php\/wp-json\/wp\/v2\/posts\/229965\/revisions"}],"predecessor-version":[{"id":229968,"href":"https:\/\/www.brundisium.net\/index.php\/wp-json\/wp\/v2\/posts\/229965\/revisions\/229968"}],"wp:featuredmedia":[{"embeddable":true,"href":"https:\/\/www.brundisium.net\/index.php\/wp-json\/wp\/v2\/media\/216097"}],"wp:attachment":[{"href":"https:\/\/www.brundisium.net\/index.php\/wp-json\/wp\/v2\/media?parent=229965"}],"wp:term":[{"taxonomy":"category","embeddable":true,"href":"https:\/\/www.brundisium.net\/index.php\/wp-json\/wp\/v2\/categories?post=229965"},{"taxonomy":"post_tag","embeddable":true,"href":"https:\/\/www.brundisium.net\/index.php\/wp-json\/wp\/v2\/tags?post=229965"}],"curies":[{"name":"wp","href":"https:\/\/api.w.org\/{rel}","templated":true}]}}