{"id":230337,"date":"2024-09-11T15:30:53","date_gmt":"2024-09-11T13:30:53","guid":{"rendered":"https:\/\/www.brundisium.net\/?p=230337"},"modified":"2024-09-11T15:30:53","modified_gmt":"2024-09-11T13:30:53","slug":"confesercenti-perche-la-politica-non-vuole-risolvere-il-problema-parcheggi-a-brindisi","status":"publish","type":"post","link":"https:\/\/www.brundisium.net\/index.php\/confesercenti-perche-la-politica-non-vuole-risolvere-il-problema-parcheggi-a-brindisi\/","title":{"rendered":"Confesercenti: \u201cPerch\u00e8 la politica non vuole risolvere il problema-parcheggi a Brindisi?\u201d."},"content":{"rendered":"<p>Messi da parte oramai i viaggi, le vacanze, l\u2019allegria e la spensieratezza della stagione estiva, le feste patronali e altro ancora, si torna brutalmente al tradizionale tran tran quotidiano autunnale. E, oltre al cader delle foglie dagli alberi, i mesi che ci separano dalla fine dell\u2019anno portano con s\u00e9 l\u2019annoso e anche irritante problema della penuria dei parcheggi nel centro di Brindisi aggravato dall\u2019istituzione di stagionali macro aree pedonali, una tra le tante cause della desertificazione commerciale delle principali vie urbane del capoluogo.<\/p>\n<p>Trascorrono impietose le stagioni sul nostro calendario, si avvicendano le amministrazioni alla guida di Palazzo di Citt\u00e0, ma la cronicit\u00e0 della mancanza di parcheggi concretamente non viene risolta. Da nessuno. \u201cLa responsabilit\u00e0 \u00e8 tutta politica \u2013 dichiara il presidente provinciale di Confesercenti, Michele Piccirillo \u2013 ed \u00e8 naturalmente trasversale, interessando tutti i partiti e tutti gli schieramenti che hanno fatto e fanno parte dell\u2019assise consiliare. Da parte di chi si candida nel ruolo di amministratore ci si aspetta la volont\u00e0 di risolvere realmente tale questione e altre problematiche di vivibilit\u00e0. Sar\u00e0 questa la volta buona? Se s\u00ec, questa circostanza andrebbe quanto prima manifestata da un assessore, un consigliere comunale, un sindaco.<\/p>\n<p>Per tutti loro le idee dovrebbero essere l\u2019unica stella polare del loro percorso politico nato per favorire il benessere della collettivit\u00e0 e non solo il cavallo di battaglia delle campagne elettorali.<\/p>\n<p>\u2018A pensar male si fa peccato ma a volte ci si azzecca\u2019 diceva spesso un politico di alta levatura come Giulio Andreotti e non nascondo che pi\u00f9 volte ho avuto il dubbio che facesse comodo non risolvere il problema, magari per agevolare lo sviluppo dei centri commerciali a discapito delle attivit\u00e0 site in Centro. Spero e mi auguro di sbagliarmi e che non sia davvero cos\u00ec, ma fino a quando non vedo fatti concreti e non solo annunci, il dubbio resta\u201d.<\/p>\n<p>&nbsp;<\/p>\n<p>&nbsp;<\/p>\n","protected":false},"excerpt":{"rendered":"<p>Messi da parte oramai i viaggi, le vacanze, l\u2019allegria e la spensieratezza della stagione estiva, le feste patronali e altro ancora, si torna brutalmente al tradizionale tran tran quotidiano autunnale. E, oltre al cader delle foglie dagli alberi, i mesi che ci separano dalla fine dell\u2019anno portano con s\u00e9 l\u2019annoso e anche irritante problema della penuria dei parcheggi nel centro di Brindisi aggravato dall\u2019istituzione di stagionali macro aree pedonali, una tra le tante cause della desertificazione commerciale delle principali vie urbane del capoluogo. Trascorrono impietose le stagioni sul nostro calendario, si avvicendano le amministrazioni alla guida di Palazzo di Citt\u00e0, ma la cronicit\u00e0 della mancanza di parcheggi concretamente non viene risolta. Da nessuno. \u201cLa responsabilit\u00e0 \u00e8 tutta politica \u2013 dichiara il presidente provinciale di Confesercenti, Michele Piccirillo \u2013 ed \u00e8 naturalmente trasversale, interessando tutti i partiti e tutti gli schieramenti che hanno fatto e fanno parte dell\u2019assise consiliare. Da parte di chi si candida nel ruolo di amministratore ci si aspetta la volont\u00e0 di risolvere realmente tale questione e altre&#8230;<\/p>\n","protected":false},"author":2,"featured_media":125438,"comment_status":"open","ping_status":"closed","sticky":false,"template":"","format":"standard","meta":{"footnotes":""},"categories":[7],"tags":[],"class_list":["post-230337","post","type-post","status-publish","format-standard","has-post-thumbnail","hentry","category-news"],"_links":{"self":[{"href":"https:\/\/www.brundisium.net\/index.php\/wp-json\/wp\/v2\/posts\/230337","targetHints":{"allow":["GET"]}}],"collection":[{"href":"https:\/\/www.brundisium.net\/index.php\/wp-json\/wp\/v2\/posts"}],"about":[{"href":"https:\/\/www.brundisium.net\/index.php\/wp-json\/wp\/v2\/types\/post"}],"author":[{"embeddable":true,"href":"https:\/\/www.brundisium.net\/index.php\/wp-json\/wp\/v2\/users\/2"}],"replies":[{"embeddable":true,"href":"https:\/\/www.brundisium.net\/index.php\/wp-json\/wp\/v2\/comments?post=230337"}],"version-history":[{"count":1,"href":"https:\/\/www.brundisium.net\/index.php\/wp-json\/wp\/v2\/posts\/230337\/revisions"}],"predecessor-version":[{"id":230340,"href":"https:\/\/www.brundisium.net\/index.php\/wp-json\/wp\/v2\/posts\/230337\/revisions\/230340"}],"wp:featuredmedia":[{"embeddable":true,"href":"https:\/\/www.brundisium.net\/index.php\/wp-json\/wp\/v2\/media\/125438"}],"wp:attachment":[{"href":"https:\/\/www.brundisium.net\/index.php\/wp-json\/wp\/v2\/media?parent=230337"}],"wp:term":[{"taxonomy":"category","embeddable":true,"href":"https:\/\/www.brundisium.net\/index.php\/wp-json\/wp\/v2\/categories?post=230337"},{"taxonomy":"post_tag","embeddable":true,"href":"https:\/\/www.brundisium.net\/index.php\/wp-json\/wp\/v2\/tags?post=230337"}],"curies":[{"name":"wp","href":"https:\/\/api.w.org\/{rel}","templated":true}]}}