{"id":230803,"date":"2024-09-20T18:32:14","date_gmt":"2024-09-20T16:32:14","guid":{"rendered":"https:\/\/www.brundisium.net\/?p=230803"},"modified":"2024-09-20T18:32:15","modified_gmt":"2024-09-20T16:32:15","slug":"decarbonizzazione-uil-bene-le-progettualita-per-cerano-ma-necessaria-tutela-di-tutti-i-lavoratori","status":"publish","type":"post","link":"https:\/\/www.brundisium.net\/index.php\/decarbonizzazione-uil-bene-le-progettualita-per-cerano-ma-necessaria-tutela-di-tutti-i-lavoratori\/","title":{"rendered":"Decarbonizzazione, Uil: &#8220;bene le progettualit\u00e0 per Cerano ma necessaria tutela di tutti i lavoratori&#8221;"},"content":{"rendered":"<p>Abbiamo partecipato con interesse all\u2019incontro convocato questa mattina in Prefettura sulle sorti dell\u2019area di Cerano e siamo grati a S.E. il Prefetto, alla Task Force regionale ed al Ministero per gli sforzi compiuti in questi mesi per razionalizzare idee e progettualit\u00e0 utili a programmare un futuro per il comparto industriale di Brindisi anche dopo il disimpegno di realt\u00e0 di peso come Enel. Siamo soddisfatti per quanto dichiarato dal Sindaco di Brindisi esprimendo una posizione chiara e netta a difesa del lavoro esistente e sulla necessit\u00e0 di un concreto rilancio del comporto industriale nel nostro territorio.<br \/>\nRiteniamo le tante e diverse progettualit\u00e0 sul Tavolo meritevoli e decisamente in linea con la Transizione Ecologica e lo Sviluppo Sostenibile ma continueremo a tenere alta, altissima, l\u2019attenzione sull\u2019altra Transizione, quella Sociale, di cui invece non cogliamo segnali altrettanto rassicuranti.<br \/>\nLa grande assente continua ad essere Enel. Nella forma la societ\u00e0 partecipa con progettualit\u00e0 e propri rappresentanti a tutti i Tavoli ma nella sostanza non vi \u00e8 ancora ad oggi un Cronoprogramma chiaro per il sito di Cerano. Cosa e quando sar\u00e0 dismesso, come, con quali modalit\u00e0, con quale prospettiva per ognuno dei lavoratori impiegati in modo diretto e nell\u2019indotto della Centrale Federico II? Non si tratta di dettagli ma di fondamentali passaggi per essere certi che alcun lavoratore non sia abbandonato a s\u00e9 stesso in questo grande Passaggio. Enel deve parlare chiaro e rendere nota ogni fase. Lo deve ad una terra che ha utilizzato per decenni ed alla dignit\u00e0 di centinaia di lavoratori diretti e dell\u2019indotto che hanno reso produttivo per un lungo periodo uno Stabilimento strategico per l\u2019Azienda ed il Sistema Paese. I rappresentanti istituzionali del territorio di ogni Istituzione e livello pretendano da Enel rispetto per Brindisi chiedendo la chiarezza di tempi e passaggi.<br \/>\nIl futuro dei lavoratori diretti e dell\u2019indotto e la certezza che ognuno abbia continuit\u00e0 di reddito e di dignit\u00e0 professionale \u00e8 il punto irrinunciabile su cui il Sindacato continuer\u00e0 il suo impegno e le sue lotte. Crediamo necessario a questo proposito che il Governo, unitamente a tutti gli altri Enti ed Istituzioni coinvolti, preveda per tutti i lavoratori dell\u2019area di Cerano un Ammortizzatore Sociale Unico assieme a reali ed immediati percorsi di riconversione e formazione. Non vi deve essere nemmeno un giorno di disimpegno per chi opera a Cerano in modo diretto o nell\u2019indotto: \u00e8 questa la Transizione Sociale.<br \/>\nPerch\u00e9 questo si realizzi \u00e8 fondamentale che per Brindisi venga designata una figura unica, un riferimento chiaro ed univoco, quale pu\u00f2 essere un Commissario ad acta. Altrettanto evidente \u00e8 che misure straordinarie di questo calibro richiedono ci\u00f2 che da tempo il Sindacato chiede: una Legge Speciale per Brindisi.<br \/>\nSe i progetti per il rilancio dell\u2019ex Centrale sono in divenire, il futuro dei lavoratori di Cerano diretti e dell\u2019indotto \u00e8 un cantiere aperto. Il Sindacato \u00e8 stato e continuer\u00e0 ad essere in prima linea a difesa del lavoro e delle condizioni di crescita e sviluppo di Brindisi.<\/p>\n<p>IL COORD. PROV. UIL BR<br \/>\nFabrizio Caliolo<\/p>\n","protected":false},"excerpt":{"rendered":"<p>Abbiamo partecipato con interesse all\u2019incontro convocato questa mattina in Prefettura sulle sorti dell\u2019area di Cerano e siamo grati a S.E. il Prefetto, alla Task Force regionale ed al Ministero per gli sforzi compiuti in questi mesi per razionalizzare idee e progettualit\u00e0 utili a programmare un futuro per il comparto industriale di Brindisi anche dopo il disimpegno di realt\u00e0 di peso come Enel. Siamo soddisfatti per quanto dichiarato dal Sindaco di Brindisi esprimendo una posizione chiara e netta a difesa del lavoro esistente e sulla necessit\u00e0 di un concreto rilancio del comporto industriale nel nostro territorio. Riteniamo le tante e diverse progettualit\u00e0 sul Tavolo meritevoli e decisamente in linea con la Transizione Ecologica e lo Sviluppo Sostenibile ma continueremo a tenere alta, altissima, l\u2019attenzione sull\u2019altra Transizione, quella Sociale, di cui invece non cogliamo segnali altrettanto rassicuranti. La grande assente continua ad essere Enel. Nella forma la societ\u00e0 partecipa con progettualit\u00e0 e propri rappresentanti a tutti i Tavoli ma nella sostanza non vi \u00e8 ancora ad oggi un Cronoprogramma chiaro per il&#8230;<\/p>\n","protected":false},"author":2,"featured_media":230808,"comment_status":"open","ping_status":"closed","sticky":false,"template":"","format":"standard","meta":{"footnotes":""},"categories":[7],"tags":[],"class_list":["post-230803","post","type-post","status-publish","format-standard","has-post-thumbnail","hentry","category-news"],"_links":{"self":[{"href":"https:\/\/www.brundisium.net\/index.php\/wp-json\/wp\/v2\/posts\/230803","targetHints":{"allow":["GET"]}}],"collection":[{"href":"https:\/\/www.brundisium.net\/index.php\/wp-json\/wp\/v2\/posts"}],"about":[{"href":"https:\/\/www.brundisium.net\/index.php\/wp-json\/wp\/v2\/types\/post"}],"author":[{"embeddable":true,"href":"https:\/\/www.brundisium.net\/index.php\/wp-json\/wp\/v2\/users\/2"}],"replies":[{"embeddable":true,"href":"https:\/\/www.brundisium.net\/index.php\/wp-json\/wp\/v2\/comments?post=230803"}],"version-history":[{"count":1,"href":"https:\/\/www.brundisium.net\/index.php\/wp-json\/wp\/v2\/posts\/230803\/revisions"}],"predecessor-version":[{"id":230809,"href":"https:\/\/www.brundisium.net\/index.php\/wp-json\/wp\/v2\/posts\/230803\/revisions\/230809"}],"wp:featuredmedia":[{"embeddable":true,"href":"https:\/\/www.brundisium.net\/index.php\/wp-json\/wp\/v2\/media\/230808"}],"wp:attachment":[{"href":"https:\/\/www.brundisium.net\/index.php\/wp-json\/wp\/v2\/media?parent=230803"}],"wp:term":[{"taxonomy":"category","embeddable":true,"href":"https:\/\/www.brundisium.net\/index.php\/wp-json\/wp\/v2\/categories?post=230803"},{"taxonomy":"post_tag","embeddable":true,"href":"https:\/\/www.brundisium.net\/index.php\/wp-json\/wp\/v2\/tags?post=230803"}],"curies":[{"name":"wp","href":"https:\/\/api.w.org\/{rel}","templated":true}]}}