{"id":230880,"date":"2024-09-21T21:23:36","date_gmt":"2024-09-21T19:23:36","guid":{"rendered":"https:\/\/www.brundisium.net\/?p=230880"},"modified":"2024-09-21T21:23:36","modified_gmt":"2024-09-21T19:23:36","slug":"i-c-casale-martedi-22-la-cerimonia-di-inaugurazione-del-nuovo-anno-scolastico","status":"publish","type":"post","link":"https:\/\/www.brundisium.net\/index.php\/i-c-casale-martedi-22-la-cerimonia-di-inaugurazione-del-nuovo-anno-scolastico\/","title":{"rendered":"I.C. Casale: marted\u00ec 22 la cerimonia di inaugurazione del nuovo anno scolastico"},"content":{"rendered":"<p>Marted\u00ec 24 settembre l\u2019Istituto Comprensivo Casale inaugurer\u00e0 l\u2019anno scolastico 2024- 2025, aprendo le porte ai genitori dei bambini delle classi prime della Scuola Primaria e dei ragazzi della Scuola Secondaria di Primo Grado ed alla cittadinanza.<br \/>\nAnno scolastico che si preannuncia ricco di novit\u00e0, nuovi laboratori, aule, strumentazioni e ambienti con setting innovato.<br \/>\nParticolare risalto durante la cerimonia d\u2019inaugurazione sar\u00e0 dato ad una serie di attivit\u00e0, che vedr\u00e0 protagonisti i bambini della Scuola Primaria che hanno iniziato il dinamico viaggio nella didattica \u201cSenza Zaino\u201d .<br \/>\nSar\u00e0 una giornata di festa e di condivisione, divisa in due momenti salienti: la mattina dedicata ad attivit\u00e0 laboratoriali e ludiche nei due plessi \u201cCal\u00f2\u201d e \u201cMarinaio d\u2019Italia\u201d ed il pomeriggio che vedr\u00e0 partecipi ad una tavola rotonda dal titolo \u201cUn nuovo anno scolastico: istruzioni per l\u2019uso\u201d,coordinata dalla Dirigente Scolastica prof. Mariavittoria Caprioli, la comunit\u00e0 educante (genitori, docenti, esperti e autorit\u00e0), mentre i bambini delle classi prime della Primaria e i ragazzi delle prime classi della Secondaria di I Grado attiveranno insieme ai propri docenti ed esperti laboratori di arte, di manipolazione e un laboratorio circense a cura di TenRock Teatro Circo partner dell\u2019Istituto comprensivo Casale da diversi anni.<br \/>\nLa cerimonia di inaugurazione sar\u00e0 accompagnata da momenti musicali che vedranno protagoniste l\u2019orchestra musicale della scuola Secondaria di I Grado \u201cKennedy\u201d e quella del Liceo Musicale e Artistico \u201cSimone Durano\u201d.<\/p>\n<p>La tavola Rotonda sar\u00e0 allietata dalla presenza delle pedagogiste Elvira D\u2019al\u00f2 e Antonella Mastro, dai dirigenti Scolastici delle scuole che collaborano con l\u2019Istituto Comprensivo Casale nel percorso di orientamento educativo e didattico, quali: Istituto Superiore &#8220;Ettore Majorana&#8221;,I.P.S.S.S. &#8216;Francesca Laura Morvillo Falcone&#8217;, Liceo Marzolla Leo Simone Durano, Istituto Tecnico Economico Tecnologico &#8220;Carnaro-Marconi-Flacco-Belluzzi&#8221; e IISS \u201cFERRARIS-DE MARCO &#8211; VALZANI\u201d Polo professionale \u201cMessapia\u201d. Parteciper\u00e0 anche L\u2019Istituto Comprensivo Moro di Taranto in qualit\u00e0 di scuola capofila delle Scuole Senza Zaino pugliesi con la Dirigente Scolastica Loredana Bucci.<br \/>\nNella seconda parte della cerimonia ci sar\u00e0 l\u2019inaugurazione di stalli donati da Hitch bike Brindisi per i nostri giovani ciclo-alunni e saranno consegnati a tutti gli alunni i diari della scuola 2024\/25.<br \/>\nQuesta giornata rappresenta, conclude la Dirigente Scolastica dell\u2019Istituto Comprensivo Casale prof.ssa Mariavittoria Caprioli, un\u2019opportunit\u00e0 speciale per la comunit\u00e0 scolastica di riunirsi e celebrare l\u2019inizio dell\u2019anno scolastico in un\u2019atmosfera festosa e stimolante, nella consapevolezza di quanto importante sia fare<br \/>\nscuola insieme.<\/p>\n","protected":false},"excerpt":{"rendered":"<p>Marted\u00ec 24 settembre l\u2019Istituto Comprensivo Casale inaugurer\u00e0 l\u2019anno scolastico 2024- 2025, aprendo le porte ai genitori dei bambini delle classi prime della Scuola Primaria e dei ragazzi della Scuola Secondaria di Primo Grado ed alla cittadinanza. Anno scolastico che si preannuncia ricco di novit\u00e0, nuovi laboratori, aule, strumentazioni e ambienti con setting innovato. Particolare risalto durante la cerimonia d\u2019inaugurazione sar\u00e0 dato ad una serie di attivit\u00e0, che vedr\u00e0 protagonisti i bambini della Scuola Primaria che hanno iniziato il dinamico viaggio nella didattica \u201cSenza Zaino\u201d . Sar\u00e0 una giornata di festa e di condivisione, divisa in due momenti salienti: la mattina dedicata ad attivit\u00e0 laboratoriali e ludiche nei due plessi \u201cCal\u00f2\u201d e \u201cMarinaio d\u2019Italia\u201d ed il pomeriggio che vedr\u00e0 partecipi ad una tavola rotonda dal titolo \u201cUn nuovo anno scolastico: istruzioni per l\u2019uso\u201d,coordinata dalla Dirigente Scolastica prof. Mariavittoria Caprioli, la comunit\u00e0 educante (genitori, docenti, esperti e autorit\u00e0), mentre i bambini delle classi prime della Primaria e i ragazzi delle prime classi della Secondaria di I Grado attiveranno insieme ai propri docenti&#8230;<\/p>\n","protected":false},"author":2,"featured_media":230889,"comment_status":"open","ping_status":"closed","sticky":false,"template":"","format":"standard","meta":{"footnotes":""},"categories":[7],"tags":[],"class_list":["post-230880","post","type-post","status-publish","format-standard","has-post-thumbnail","hentry","category-news"],"_links":{"self":[{"href":"https:\/\/www.brundisium.net\/index.php\/wp-json\/wp\/v2\/posts\/230880","targetHints":{"allow":["GET"]}}],"collection":[{"href":"https:\/\/www.brundisium.net\/index.php\/wp-json\/wp\/v2\/posts"}],"about":[{"href":"https:\/\/www.brundisium.net\/index.php\/wp-json\/wp\/v2\/types\/post"}],"author":[{"embeddable":true,"href":"https:\/\/www.brundisium.net\/index.php\/wp-json\/wp\/v2\/users\/2"}],"replies":[{"embeddable":true,"href":"https:\/\/www.brundisium.net\/index.php\/wp-json\/wp\/v2\/comments?post=230880"}],"version-history":[{"count":1,"href":"https:\/\/www.brundisium.net\/index.php\/wp-json\/wp\/v2\/posts\/230880\/revisions"}],"predecessor-version":[{"id":230890,"href":"https:\/\/www.brundisium.net\/index.php\/wp-json\/wp\/v2\/posts\/230880\/revisions\/230890"}],"wp:featuredmedia":[{"embeddable":true,"href":"https:\/\/www.brundisium.net\/index.php\/wp-json\/wp\/v2\/media\/230889"}],"wp:attachment":[{"href":"https:\/\/www.brundisium.net\/index.php\/wp-json\/wp\/v2\/media?parent=230880"}],"wp:term":[{"taxonomy":"category","embeddable":true,"href":"https:\/\/www.brundisium.net\/index.php\/wp-json\/wp\/v2\/categories?post=230880"},{"taxonomy":"post_tag","embeddable":true,"href":"https:\/\/www.brundisium.net\/index.php\/wp-json\/wp\/v2\/tags?post=230880"}],"curies":[{"name":"wp","href":"https:\/\/api.w.org\/{rel}","templated":true}]}}