{"id":230881,"date":"2024-09-21T19:10:40","date_gmt":"2024-09-21T17:10:40","guid":{"rendered":"https:\/\/www.brundisium.net\/?p=230881"},"modified":"2024-09-21T21:19:07","modified_gmt":"2024-09-21T19:19:07","slug":"mesagne-aderisce-alla-settimana-europea-della-mobilita-2024","status":"publish","type":"post","link":"https:\/\/www.brundisium.net\/index.php\/mesagne-aderisce-alla-settimana-europea-della-mobilita-2024\/","title":{"rendered":"Mesagne aderisce alla Settimana europea della Mobilit\u00e0 2024"},"content":{"rendered":"<p>Il Comune di Mesagne aderisce alla Settimana europea della Mobilit\u00e0 sostenibile e si impegna a promuovere il tema \u201cLa condivisione degli spazi pubblici\u201d scelto per l\u2019anno 2024.<\/p>\n<p>\u00abMesagne \u00e8 tra i 153 Comuni italiani che hanno scelto di aderire a quella che \u00e8 la pi\u00f9 importante campagna europea di sensibilizzazione della mobilit\u00e0 sostenibile, un\u2019occasione &#8211; ha spiegato il sindaco Antonio Matarrelli \u2013 per riflettere sulle linee guida tematiche scelte per quest\u2019anno e per continuarne l\u2019attuazione\u00bb. L&#8217;evento realizzato a Mesagne coincider\u00e0 con lo svolgimento della cicloescursione organizzata in collaborazione con le associazioni sportive \u201cAtletica Mesagne\u201d, \u201cCicloamici\u201d e \u201cWild Team Mesagne\u201d nella mattinata di domenica 22 settembre. Dal centro storico verso il sito archeologico di  Muro Tenente: la pedalata collegher\u00e0 anche idealmente gli elementi naturali e culturali che accomunano la Settimana della Sostenibilit\u00e0 con l\u2019\u201cAppia Day\u201d, la giornata dedicata alla Regina Viarum che ricorre anch\u2019essa il 22 settembre.<\/p>\n<p>\u00abVivere lo spazio pubblico in modo diverso, riqualificare insieme lo spazio urbano, creare uno spazio sicuro per gli spostamenti attivi, pianificare e progettare di strade pi\u00f9 sicure: i punti programmatici indicati dal vademecum europeo \u2013 ha affermato Francesco Rogoli, assessore comunale all\u2019Urbanistica e alla Mobilit\u00e0 &#8211;  rappresentano una bussola preziosa per gli enti locali che intendono proseguire nella direzione dei cambiamenti comportamentali, verso soluzioni di trasporto pi\u00f9 ecologiche e maggiormente rispettose di salute e ambiente\u00bb.<\/p>\n<p>Anche quest\u2019anno gli spunti di riflessione della Settimana europea della Mobilit\u00e0 si offrono alla cittadinanza e alle amministrazioni locali come un\u2019ulteriore opportunit\u00e0 per proseguire in un percorso necessario e ormai avviato, di miglioramento della mobilit\u00e0 urbana e della sostenibilit\u00e0 ambientale, per la crescita economica e la qualit\u00e0 della vita delle comunit\u00e0.<\/p>\n<p>\tPrivo di virus.www.avast.com<\/p>\n<p>Bici Muro.jpg<\/p>\n","protected":false},"excerpt":{"rendered":"<p>Il Comune di Mesagne aderisce alla Settimana europea della Mobilit\u00e0 sostenibile e si impegna a promuovere il tema \u201cLa condivisione degli spazi pubblici\u201d scelto per l\u2019anno 2024. \u00abMesagne \u00e8 tra i 153 Comuni italiani che hanno scelto di aderire a quella che \u00e8 la pi\u00f9 importante campagna europea di sensibilizzazione della mobilit\u00e0 sostenibile, un\u2019occasione &#8211; ha spiegato il sindaco Antonio Matarrelli \u2013 per riflettere sulle linee guida tematiche scelte per quest\u2019anno e per continuarne l\u2019attuazione\u00bb. L&#8217;evento realizzato a Mesagne coincider\u00e0 con lo svolgimento della cicloescursione organizzata in collaborazione con le associazioni sportive \u201cAtletica Mesagne\u201d, \u201cCicloamici\u201d e \u201cWild Team Mesagne\u201d nella mattinata di domenica 22 settembre. Dal centro storico verso il sito archeologico di Muro Tenente: la pedalata collegher\u00e0 anche idealmente gli elementi naturali e culturali che accomunano la Settimana della Sostenibilit\u00e0 con l\u2019\u201cAppia Day\u201d, la giornata dedicata alla Regina Viarum che ricorre anch\u2019essa il 22 settembre. \u00abVivere lo spazio pubblico in modo diverso, riqualificare insieme lo spazio urbano, creare uno spazio sicuro per gli spostamenti attivi, pianificare e progettare di&#8230;<\/p>\n","protected":false},"author":2,"featured_media":230887,"comment_status":"open","ping_status":"closed","sticky":false,"template":"","format":"standard","meta":{"footnotes":""},"categories":[7],"tags":[],"class_list":["post-230881","post","type-post","status-publish","format-standard","has-post-thumbnail","hentry","category-news"],"_links":{"self":[{"href":"https:\/\/www.brundisium.net\/index.php\/wp-json\/wp\/v2\/posts\/230881","targetHints":{"allow":["GET"]}}],"collection":[{"href":"https:\/\/www.brundisium.net\/index.php\/wp-json\/wp\/v2\/posts"}],"about":[{"href":"https:\/\/www.brundisium.net\/index.php\/wp-json\/wp\/v2\/types\/post"}],"author":[{"embeddable":true,"href":"https:\/\/www.brundisium.net\/index.php\/wp-json\/wp\/v2\/users\/2"}],"replies":[{"embeddable":true,"href":"https:\/\/www.brundisium.net\/index.php\/wp-json\/wp\/v2\/comments?post=230881"}],"version-history":[{"count":1,"href":"https:\/\/www.brundisium.net\/index.php\/wp-json\/wp\/v2\/posts\/230881\/revisions"}],"predecessor-version":[{"id":230888,"href":"https:\/\/www.brundisium.net\/index.php\/wp-json\/wp\/v2\/posts\/230881\/revisions\/230888"}],"wp:featuredmedia":[{"embeddable":true,"href":"https:\/\/www.brundisium.net\/index.php\/wp-json\/wp\/v2\/media\/230887"}],"wp:attachment":[{"href":"https:\/\/www.brundisium.net\/index.php\/wp-json\/wp\/v2\/media?parent=230881"}],"wp:term":[{"taxonomy":"category","embeddable":true,"href":"https:\/\/www.brundisium.net\/index.php\/wp-json\/wp\/v2\/categories?post=230881"},{"taxonomy":"post_tag","embeddable":true,"href":"https:\/\/www.brundisium.net\/index.php\/wp-json\/wp\/v2\/tags?post=230881"}],"curies":[{"name":"wp","href":"https:\/\/api.w.org\/{rel}","templated":true}]}}