{"id":230883,"date":"2024-09-21T19:11:00","date_gmt":"2024-09-21T17:11:00","guid":{"rendered":"https:\/\/www.brundisium.net\/?p=230883"},"modified":"2024-09-21T21:17:09","modified_gmt":"2024-09-21T19:17:09","slug":"lanza-del-vasto-lattualita-del-suo-pensiero-nel-convegno-internazionale-nella-sua-san-vito","status":"publish","type":"post","link":"https:\/\/www.brundisium.net\/index.php\/lanza-del-vasto-lattualita-del-suo-pensiero-nel-convegno-internazionale-nella-sua-san-vito\/","title":{"rendered":"Lanza Del Vasto, l\u2019attualita\u2019 del suo pensiero nel Convegno Internazionale nella sua San Vito"},"content":{"rendered":"<p>Con gli indirizzi di saluto del sindaco di San Vito dei Normanni, Citt\u00e0 di Pace, prof. Silvana Errico e dei rappresentanti delle Istituzioni e delle Organizzazioni internazionali e con le relazioni di Giandomenico Placentino, Ambrogio Bongiovanni e Paolo Trianni \u00e8 in pieno svolgimento nella sala conferenze della biblioteca civica \u201cGiovanni XXIII\u201d di San Vito dei Normanni, con il patrocinio della Pontificia Universit\u00e0 Gregoriana, dell\u2019Universit\u00e0 del Salento, della Comunit\u00e0 di Bose e della Fondazione Don Tonino Bello di Alessano, il convegno internazionale di studi sul tema \u00abAttualit\u00e0 del pensiero di Lanza del Vasto, Maestro di non violenza e dialogo\u00bb.<br \/>\n\u00abFra le iniziative pi\u00f9 significative a cui Lanza del Vasto ha dato vita, va ricordata la Comunit\u00e0 dell\u2019Arca, esempio di applicazione della dottrina gandiana della nonviolenza in Occidente. Sono comunit\u00e0 che si impegnano a vivere la nonviolenza nella loro vita, una vita di relazione interreligiosa, fatta di semplicit\u00e0 ed altruismo\u00bb \u00e8 stato detto ed a parlare di tutto questo \u00e8 stato Frate Placentino della Comunit\u00e0 Monastica di Bose di Ostuni, comunit\u00e0 che fa dello sviluppo del dialogo fra le diverse chiese e della vita monastica la propria regola.<br \/>\nDella complessa figura di Lanza del Vasto, poeta, filosofo, teologo, nonviolento ha parlato il prof. Trianni, da tempo impegnato nello studio di questo uomo che \u00e8 rimasto sempre attaccato anche alla sua terra natia, San Vito dei Normanni. \u00abLa svolta della vita di Lanza del Vasto \u00e8 stato il suo viaggio in India quando ha incontrato Gandhi \u2013 \u00e8 stato ricordato &#8211; impegnandosi poi a portare il messaggio della non violenza di Gandhi in Europa ma attraverso una rilettura teologica e biblica di quel messaggio. Possiamo quindi parlare di un cristianesimo gandiano \u2013 \u00e8 stato osservato -, che mette insieme i valori cristiani ed il messaggio del Mahatma\u00bb. Il direttore del Centro Studi Interreligioso della Pontificia Universit\u00e0 Gregoriana, prof Bongiovanni, si \u00e8 quindi soffermato sulla spiritualit\u00e0 interreligiosa universale di Lanza del Vasto. \u00abLanza si dichiara sempre fortemente radicato nel cristianesimo ma mantiene una grande apertura verso le altre tradizioni \u2013 \u00e8 stato detto -. La sua visione \u00e8 per un progetto unitario su un punto cruciale di tutte le religioni: la spiritualit\u00e0; una spiritualit\u00e0 pre-religiosa, che per primo compito si d\u00e0 quello della ricerca del s\u00e9\u00bb. Oltremodo interessanti le comunicazioni alla sessione del Convegno, moderate dalla prof. Rosa Parisi (Unisalento)e proposte dalla dott. Claudia Barrientos, console onorario del Guatemala e dal prof. Sergio Tanzarella, ordinario presso la Facolt\u00e0 Teologica dell\u2019Italia meridionale. Il prof. Tanzarella, direttore dell\u2019Istituto di Storia del Cristianesimo della Facolt\u00e0 Teologica dell\u2019Italia meridionale, in particolare, si \u00e8 soffermato sul ruolo e le attese che vengono riconosciute alla Chiesa da parte di Lanza del Vasto in ordine anche alla condizione geopolitica del mondo. \u00abAttese \u2013 ha osservato &#8211; che lo portano ad elaborare anche proposte concrete di pace e nonviolenza in una lettera a papa Giovanni XXIII che invita a tenere in conto nel lavori del Concilio Vaticano II\u00bb. Protagonista della serata anche il Consiglio comunale dei ragazzi, due componenti del quale, hanno declamato poesie di Lanza del Vasto con accompagnamento musicale del M\u00b0 Marco De Luca.<\/p>\n","protected":false},"excerpt":{"rendered":"<p>Con gli indirizzi di saluto del sindaco di San Vito dei Normanni, Citt\u00e0 di Pace, prof. Silvana Errico e dei rappresentanti delle Istituzioni e delle Organizzazioni internazionali e con le relazioni di Giandomenico Placentino, Ambrogio Bongiovanni e Paolo Trianni \u00e8 in pieno svolgimento nella sala conferenze della biblioteca civica \u201cGiovanni XXIII\u201d di San Vito dei Normanni, con il patrocinio della Pontificia Universit\u00e0 Gregoriana, dell\u2019Universit\u00e0 del Salento, della Comunit\u00e0 di Bose e della Fondazione Don Tonino Bello di Alessano, il convegno internazionale di studi sul tema \u00abAttualit\u00e0 del pensiero di Lanza del Vasto, Maestro di non violenza e dialogo\u00bb. \u00abFra le iniziative pi\u00f9 significative a cui Lanza del Vasto ha dato vita, va ricordata la Comunit\u00e0 dell\u2019Arca, esempio di applicazione della dottrina gandiana della nonviolenza in Occidente. Sono comunit\u00e0 che si impegnano a vivere la nonviolenza nella loro vita, una vita di relazione interreligiosa, fatta di semplicit\u00e0 ed altruismo\u00bb \u00e8 stato detto ed a parlare di tutto questo \u00e8 stato Frate Placentino della Comunit\u00e0 Monastica di Bose di Ostuni, comunit\u00e0 che&#8230;<\/p>\n","protected":false},"author":2,"featured_media":230885,"comment_status":"open","ping_status":"closed","sticky":false,"template":"","format":"standard","meta":{"footnotes":""},"categories":[7],"tags":[],"class_list":["post-230883","post","type-post","status-publish","format-standard","has-post-thumbnail","hentry","category-news"],"_links":{"self":[{"href":"https:\/\/www.brundisium.net\/index.php\/wp-json\/wp\/v2\/posts\/230883","targetHints":{"allow":["GET"]}}],"collection":[{"href":"https:\/\/www.brundisium.net\/index.php\/wp-json\/wp\/v2\/posts"}],"about":[{"href":"https:\/\/www.brundisium.net\/index.php\/wp-json\/wp\/v2\/types\/post"}],"author":[{"embeddable":true,"href":"https:\/\/www.brundisium.net\/index.php\/wp-json\/wp\/v2\/users\/2"}],"replies":[{"embeddable":true,"href":"https:\/\/www.brundisium.net\/index.php\/wp-json\/wp\/v2\/comments?post=230883"}],"version-history":[{"count":1,"href":"https:\/\/www.brundisium.net\/index.php\/wp-json\/wp\/v2\/posts\/230883\/revisions"}],"predecessor-version":[{"id":230886,"href":"https:\/\/www.brundisium.net\/index.php\/wp-json\/wp\/v2\/posts\/230883\/revisions\/230886"}],"wp:featuredmedia":[{"embeddable":true,"href":"https:\/\/www.brundisium.net\/index.php\/wp-json\/wp\/v2\/media\/230885"}],"wp:attachment":[{"href":"https:\/\/www.brundisium.net\/index.php\/wp-json\/wp\/v2\/media?parent=230883"}],"wp:term":[{"taxonomy":"category","embeddable":true,"href":"https:\/\/www.brundisium.net\/index.php\/wp-json\/wp\/v2\/categories?post=230883"},{"taxonomy":"post_tag","embeddable":true,"href":"https:\/\/www.brundisium.net\/index.php\/wp-json\/wp\/v2\/tags?post=230883"}],"curies":[{"name":"wp","href":"https:\/\/api.w.org\/{rel}","templated":true}]}}