{"id":230910,"date":"2024-09-21T23:42:32","date_gmt":"2024-09-21T21:42:32","guid":{"rendered":"https:\/\/www.brundisium.net\/?p=230910"},"modified":"2024-09-21T23:42:32","modified_gmt":"2024-09-21T21:42:32","slug":"patto-della-legalita-arrivano-le-prime-disponibilita-alla-sottoscrizione","status":"publish","type":"post","link":"https:\/\/www.brundisium.net\/index.php\/patto-della-legalita-arrivano-le-prime-disponibilita-alla-sottoscrizione\/","title":{"rendered":"Patto della legalit\u00e0: arrivano le prime disponibilit\u00e0 alla sottoscrizione"},"content":{"rendered":"<p><em><strong>Rachiero (Attiva Brindisi)<br \/>\n<\/strong><\/em>Attiva Brindisi esprime la propria incondizionata adesione alla proposta di patto d\u00ec legalit\u00e0 formulata nella odierna conferenza stampa dal M5S e dal Consigliere Roberto Fusco.<\/p>\n<p>In attesa che l\u2019inchiesta faccia il suo corso \u00e8 fondamentale dare un segnale forte ora che pare finalmente essere stato scoperchiato un vaso di Pandora cui la cittadinanza e l\u2019elettorato incredibilmente apparivano assuefatti o meglio rassegnati.<\/p>\n<p>Tutte le forze politiche e civiche dovrebbero guardare con entusiasmo a tale proposta che, forse, potrebbe contribuire a restituire fiducia e senso di appartenenza ad una citt\u00e0 in cui meno della met\u00e0 degli elettori sceglie il proprio sindaco.<\/p>\n<p>ATTIVA BRINDISI \u00e8 pronta a sottoscrivere il Patto di Legalit\u00e0 anche immediatamente.<\/p>\n<p>&nbsp;<\/p>\n<p><em><strong>Ivano Valente (Segretario PRC Brindisi):<br \/>\n<\/strong><\/em>In un momento storico in cui la partecipazione attiva alla politica rasenta il minimo storico, riteniamo ammirevoli le parole dell\u2019Avv. Roberto Fusco e la proposta di un \u201cPatto per la legalit\u00e0\u201d al quale aderiamo in maniera convinta.<\/p>\n<p>Gli ultimi episodi che mettono ombra alle ultime elezioni amministrative devono essere contrastati con fermezza per ridare fiducia ai cittadini che ormai da anni decidono di non votare pi\u00f9 ed a tutti quelli che compiono il loro dovere ad ogni tornata elettorale senza essere traditi da episodi come quello della compravendita dei voti.<\/p>\n<p>Confidiamo nella giustizia e organi competenti nel valutare con saggezza all\u2019applicazione del decreto-legge 31 maggio 1991, n. 164 ovvero lo scioglimento dei consigli comunali conseguente a fenomeni di infiltrazione e di condizionamento di tipo mafioso.<\/p>\n<p><strong><br \/>\n<em>Alessandro ANTONINO (Capogruppo Impegno per Brindisi):<\/em><\/strong><br \/>\nIl gruppo Impegno per Brindisi annuncia la propria adesione al Patto per la Legalit\u00e0 contro il voto di scambio, proposto dal capogruppo del Movimento 5 Stelle, Roberto Fusco. La decisione \u00e8 stata presa in linea con l&#8217;impegno del gruppo a favore della trasparenza e dell&#8217;integrit\u00e0 nelle competizioni elettorali. Impegno per Brindisi ritiene che la sottoscrizione del patto rappresenti un passo fondamentale per garantire elezioni libere da influenze illecite, contribuendo cos\u00ec a rafforzare la fiducia dei cittadini nelle istituzioni locali.<\/p>\n<p>&nbsp;<\/p>\n<p><em><strong>Roberto Quarta (Consigliere Comunale Brindisi)<\/strong><\/em><br \/>\nOggi, ho assistito e successivamente partecipato al dibattito che ha seguito la conferenza stampa convocata dall\u2019avvocato Fusco, incentrata sulla delicata questione del voto di scambio.<\/p>\n<p>Durante l&#8217;incontro, sono emersi temi cruciale riguardanti la legalit\u00e0 e l&#8217;etica nel panorama politico attuale. La conferenza ha messo in luce preoccupazioni significative circa la necessit\u00e0 di garantire trasparenza e integrit\u00e0 nei processi elettorali. L\u2019avvocato Fusco ha presentato una serie di argomentazioni e prove che hanno stimolato un acceso confronto tra i partecipanti.<\/p>\n<p>\u00c8 stato evidente quanto sia fondamentale mantenere un dialogo aperto su queste problematiche, affinch\u00e9 il nostro sistema democratico possa rimanere saldamente nelle mani dei cittadini e lontano da pratiche illecite. La partecipazione attiva dei cittadini e delle istituzioni \u00e8 essenziale per prevenire il voto di scambio e per promuovere una cultura di legalit\u00e0 e responsabilit\u00e0.<\/p>\n<p>Ritengo sia dovere di tutti noi, come rappresentanti e cittadini, impegnarci a fondo per garantire che la nostra democrazia non venga compromessa da comportamenti scorretti. Continuer\u00f2 a seguire con attenzione questa tematica e a sostenere iniziative che promuovono l\u2019integrit\u00e0 del nostro sistema elettorale.<\/p>\n<p>Ho anche sottolineato che, allo stato attuale, nessuno pu\u00f2 sentirsi escluso da un eventuale coinvolgimento da parte di un proprio candidato. Sottolineo inoltre che l\u2019unico rappresentante del territorio a Roma, l\u2019On. Mauro D\u2019Attis, nonch\u00e9 Vice Presidente della Commissione Antimafia, ha gi\u00e0 dimostrato di essere impegnato nella questione di Bari e sicuramente metter\u00e0 in campo tutto ci\u00f2 che servir\u00e0 per fare chiarezza e giustizia su questa importante tematica.<br \/>\n\u00c8 essenziale far comprendere a tutti i cittadini l&#8217;importanza della propria responsabilit\u00e0 collettiva in materia di integrit\u00e0 elettorale.<br \/>\nRoberto Quarta<br \/>\nConsigliere comunale<br \/>\nCitt\u00e0 di Brindisi<\/p>\n","protected":false},"excerpt":{"rendered":"<p>Rachiero (Attiva Brindisi) Attiva Brindisi esprime la propria incondizionata adesione alla proposta di patto d\u00ec legalit\u00e0 formulata nella odierna conferenza stampa dal M5S e dal Consigliere Roberto Fusco. In attesa che l\u2019inchiesta faccia il suo corso \u00e8 fondamentale dare un segnale forte ora che pare finalmente essere stato scoperchiato un vaso di Pandora cui la cittadinanza e l\u2019elettorato incredibilmente apparivano assuefatti o meglio rassegnati. Tutte le forze politiche e civiche dovrebbero guardare con entusiasmo a tale proposta che, forse, potrebbe contribuire a restituire fiducia e senso di appartenenza ad una citt\u00e0 in cui meno della met\u00e0 degli elettori sceglie il proprio sindaco. ATTIVA BRINDISI \u00e8 pronta a sottoscrivere il Patto di Legalit\u00e0 anche immediatamente. &nbsp; Ivano Valente (Segretario PRC Brindisi): In un momento storico in cui la partecipazione attiva alla politica rasenta il minimo storico, riteniamo ammirevoli le parole dell\u2019Avv. Roberto Fusco e la proposta di un \u201cPatto per la legalit\u00e0\u201d al quale aderiamo in maniera convinta. Gli ultimi episodi che mettono ombra alle ultime elezioni amministrative devono essere contrastati&#8230;<\/p>\n","protected":false},"author":2,"featured_media":135084,"comment_status":"open","ping_status":"closed","sticky":false,"template":"","format":"standard","meta":{"footnotes":""},"categories":[7],"tags":[],"class_list":["post-230910","post","type-post","status-publish","format-standard","has-post-thumbnail","hentry","category-news"],"_links":{"self":[{"href":"https:\/\/www.brundisium.net\/index.php\/wp-json\/wp\/v2\/posts\/230910","targetHints":{"allow":["GET"]}}],"collection":[{"href":"https:\/\/www.brundisium.net\/index.php\/wp-json\/wp\/v2\/posts"}],"about":[{"href":"https:\/\/www.brundisium.net\/index.php\/wp-json\/wp\/v2\/types\/post"}],"author":[{"embeddable":true,"href":"https:\/\/www.brundisium.net\/index.php\/wp-json\/wp\/v2\/users\/2"}],"replies":[{"embeddable":true,"href":"https:\/\/www.brundisium.net\/index.php\/wp-json\/wp\/v2\/comments?post=230910"}],"version-history":[{"count":1,"href":"https:\/\/www.brundisium.net\/index.php\/wp-json\/wp\/v2\/posts\/230910\/revisions"}],"predecessor-version":[{"id":230917,"href":"https:\/\/www.brundisium.net\/index.php\/wp-json\/wp\/v2\/posts\/230910\/revisions\/230917"}],"wp:featuredmedia":[{"embeddable":true,"href":"https:\/\/www.brundisium.net\/index.php\/wp-json\/wp\/v2\/media\/135084"}],"wp:attachment":[{"href":"https:\/\/www.brundisium.net\/index.php\/wp-json\/wp\/v2\/media?parent=230910"}],"wp:term":[{"taxonomy":"category","embeddable":true,"href":"https:\/\/www.brundisium.net\/index.php\/wp-json\/wp\/v2\/categories?post=230910"},{"taxonomy":"post_tag","embeddable":true,"href":"https:\/\/www.brundisium.net\/index.php\/wp-json\/wp\/v2\/tags?post=230910"}],"curies":[{"name":"wp","href":"https:\/\/api.w.org\/{rel}","templated":true}]}}