{"id":231015,"date":"2024-09-24T08:28:44","date_gmt":"2024-09-24T06:28:44","guid":{"rendered":"https:\/\/www.brundisium.net\/?p=231015"},"modified":"2024-09-24T08:28:44","modified_gmt":"2024-09-24T06:28:44","slug":"tutto-pronto-per-il-raduno-annuale-della-protezione-civile-della-puglia-bruno-alle-spalle-un-anno-durissimo-ora-e-il-momento-di-stare-insieme","status":"publish","type":"post","link":"https:\/\/www.brundisium.net\/index.php\/tutto-pronto-per-il-raduno-annuale-della-protezione-civile-della-puglia-bruno-alle-spalle-un-anno-durissimo-ora-e-il-momento-di-stare-insieme\/","title":{"rendered":"Tutto pronto per il raduno annuale della Protezione Civile della Puglia. Bruno: \u201cAlle spalle un anno durissimo. Ora \u00e8 il momento di stare insieme\u201d"},"content":{"rendered":"<p>Ci siamo.<br \/>\nGioved\u00ec 26 settembre avr\u00e0 inizio il nono raduno nazionale della Protezione Civile, nella splendida cornice di Torre Dell\u2019Orso.<\/p>\n<p>Oltre a me e al presidente della Regione Puglia Michele Emiliano, saranno presenti tra gli altri l\u2019assessore regionale del Piemonte alla Protezione Civile Marco Gabusi, il presidente della Provincia di Lecce Stefano Minerva, il direttore di dipartimento e la dirigente di sezione Nicola Lopane e Barbara Valenzano, il prefetto di Lecce Luca Rotondi, il presidente del comitato organizzatore Salvatore Bisanti, i sindaci di Melendugno e Otranto Maurizio Cisternino e Francesco Bruni, e tanti altri.<\/p>\n<p>Ma soprattutto ci saranno loro, i veri protagonisti: centinaia di volontarie e volontari della Protezione Civile, provenienti da tutte le regioni d\u2019Italia, per una tre giorni all\u2019insegna della spensieratezza, dello sport, del mare, dell\u2019amicizia, ma anche della formazione e dell\u2019impegno.<\/p>\n<p>Una menzione particolare voglio riservarla alla signora Paola, mamma di Francesco Ferraro, ragazzo meraviglioso che sul petto aveva cucite due divise: quella dell\u2019Arma dei Carabinieri e quella della Protezione Civile.<\/p>\n<p>Francesco, con il suo sorriso, la sua generosit\u00e0, la sua semplicit\u00e0, ci ha lasciati troppo presto. Ma non il suo ricordo che vive, vivr\u00e0 con noi, e che con sua mamma vogliamo ricordare dedicando a lui questa edizione del nostro e del suo Raduno nazionale.<\/p>\n<p>Viva la Protezione Civile. Viva tutti i volontari e tutte le volontarie.<\/p>\n<p>&nbsp;<\/p>\n<p><em><strong>Maurizio Bruno<\/strong><\/em><br \/>\n<em><strong>(Presidente del Comitato regionale permanente della Protezione civile)<br \/>\n<\/strong><strong>Consigliere Regionale della Puglia (gruppo consigliare PD)<\/strong><\/em><\/p>\n","protected":false},"excerpt":{"rendered":"<p>Ci siamo. Gioved\u00ec 26 settembre avr\u00e0 inizio il nono raduno nazionale della Protezione Civile, nella splendida cornice di Torre Dell\u2019Orso. Oltre a me e al presidente della Regione Puglia Michele Emiliano, saranno presenti tra gli altri l\u2019assessore regionale del Piemonte alla Protezione Civile Marco Gabusi, il presidente della Provincia di Lecce Stefano Minerva, il direttore di dipartimento e la dirigente di sezione Nicola Lopane e Barbara Valenzano, il prefetto di Lecce Luca Rotondi, il presidente del comitato organizzatore Salvatore Bisanti, i sindaci di Melendugno e Otranto Maurizio Cisternino e Francesco Bruni, e tanti altri. Ma soprattutto ci saranno loro, i veri protagonisti: centinaia di volontarie e volontari della Protezione Civile, provenienti da tutte le regioni d\u2019Italia, per una tre giorni all\u2019insegna della spensieratezza, dello sport, del mare, dell\u2019amicizia, ma anche della formazione e dell\u2019impegno. Una menzione particolare voglio riservarla alla signora Paola, mamma di Francesco Ferraro, ragazzo meraviglioso che sul petto aveva cucite due divise: quella dell\u2019Arma dei Carabinieri e quella della Protezione Civile. Francesco, con il suo sorriso, la&#8230;<\/p>\n","protected":false},"author":2,"featured_media":194038,"comment_status":"open","ping_status":"closed","sticky":false,"template":"","format":"standard","meta":{"footnotes":""},"categories":[7],"tags":[],"class_list":["post-231015","post","type-post","status-publish","format-standard","has-post-thumbnail","hentry","category-news"],"_links":{"self":[{"href":"https:\/\/www.brundisium.net\/index.php\/wp-json\/wp\/v2\/posts\/231015","targetHints":{"allow":["GET"]}}],"collection":[{"href":"https:\/\/www.brundisium.net\/index.php\/wp-json\/wp\/v2\/posts"}],"about":[{"href":"https:\/\/www.brundisium.net\/index.php\/wp-json\/wp\/v2\/types\/post"}],"author":[{"embeddable":true,"href":"https:\/\/www.brundisium.net\/index.php\/wp-json\/wp\/v2\/users\/2"}],"replies":[{"embeddable":true,"href":"https:\/\/www.brundisium.net\/index.php\/wp-json\/wp\/v2\/comments?post=231015"}],"version-history":[{"count":1,"href":"https:\/\/www.brundisium.net\/index.php\/wp-json\/wp\/v2\/posts\/231015\/revisions"}],"predecessor-version":[{"id":231018,"href":"https:\/\/www.brundisium.net\/index.php\/wp-json\/wp\/v2\/posts\/231015\/revisions\/231018"}],"wp:featuredmedia":[{"embeddable":true,"href":"https:\/\/www.brundisium.net\/index.php\/wp-json\/wp\/v2\/media\/194038"}],"wp:attachment":[{"href":"https:\/\/www.brundisium.net\/index.php\/wp-json\/wp\/v2\/media?parent=231015"}],"wp:term":[{"taxonomy":"category","embeddable":true,"href":"https:\/\/www.brundisium.net\/index.php\/wp-json\/wp\/v2\/categories?post=231015"},{"taxonomy":"post_tag","embeddable":true,"href":"https:\/\/www.brundisium.net\/index.php\/wp-json\/wp\/v2\/tags?post=231015"}],"curies":[{"name":"wp","href":"https:\/\/api.w.org\/{rel}","templated":true}]}}