{"id":231083,"date":"2024-09-25T14:53:20","date_gmt":"2024-09-25T12:53:20","guid":{"rendered":"https:\/\/www.brundisium.net\/?p=231083"},"modified":"2024-09-26T06:54:53","modified_gmt":"2024-09-26T04:54:53","slug":"amati-chiede-il-commissariamento-della-asl-di-brindisi","status":"publish","type":"post","link":"https:\/\/www.brundisium.net\/index.php\/amati-chiede-il-commissariamento-della-asl-di-brindisi\/","title":{"rendered":"Amati chiede il commissariamento della ASL di Brindisi"},"content":{"rendered":"<p>\u201cLa ASL Brindisi ignora continuamente le ripetute indicazioni della Regione, peraltro chiare e risolute, per risolvere il problema del Centro di riabilitazione di Ceglie Messapica. Per questo motivo ho chiesto al presidente Emiliano di procedere al commissariamento della ASL di Brindisi o alla nomina, se fosse possibile, di un commissario ad acta.<br \/>\nHo purtroppo constatato una continua e reiterata difformit\u00e0 tra i provvedimenti opportuni richiesti dalla Regione (Dipartimento Salute) alla ASL e i relativi atti d\u2019esecuzione adottati dalla stessa ASL. Poich\u00e9 non posso credere che tale condotta sia derivante da incompetenza, devo ritenere che le ragioni di tali difformit\u00e0 possano risiedere (spero di sbagliarmi) in una volont\u00e0 \u201cpolitica\u201d, eccedente il ruolo, non allineata con le decisioni del legislatore regionale e dei suoi organi d\u2019indirizzo politico, a cominciare dal presidente della Regione e dalla sua Giunta.<br \/>\nTali difformit\u00e0 si sono sostanziate &#8211; nel corso delle ultime settimane &#8211; in varie imprecisioni e stonature nella redazione del Piano di emergenza, in vari procedimenti inerenti a manifestazioni d\u2019interesse degli attuali dipendenti della Fondazione San Raffaele, nel mancato avvio della procedura di transito del personale sanitario attualmente in servizio (come per legge) per la sottoscrizione di un contratto a tempo indeterminato (magari con clausola sospensiva), nell\u2019avvio di una vecchia procedura per il reclutamento OSS mai autorizzata dalla Regione, nella mancata e definitiva puntualizzazione che i posti letto assegnati alla Fondazione San Raffaele non possono essere aumentati: in questo senso, l\u2019ultima rivolta dalla Fondazione San Raffaele al presidente Emiliano &#8211; ossia di autorizzare un numero di posti letto pari a quelli illegalmente occupati negli ultimi anni &#8211; ha il sapore dell\u2019istigazione dei lavoratori per sostenere le ragioni del privato, usando il problema occupazionale, pur sapendo che mai e poi mai potrebbero essere autorizzati un numero maggiore di posti letto e che le tolleranze del passato non potranno che essere oggetto di un procedimento di recupero somme. Nulla di pi\u00f9 e nulla di meno.<br \/>\nA ci\u00f2 si aggiunga che ad oggi ancora non sappiamo se la ASL abbia deciso o meno di appellare il provvedimento del TAR dinanzi al Consiglio di Stato, nonostante le gravi carenze gestionali, l\u2019invito esplicito della Regione e pure la nota molto risoluta del suo stesso difensore officiato per la difesa dinanzi al Giudice amministrativo.<br \/>\nTutto ci\u00f2 significa che tra qualche giorno (massimo qualche settimana) ci ritroveremo con il seguente scenario: il gestore Fondazione San Raffaele ridurr\u00e0 il personale, con grave disagio sociale, addebitando alla Regione la riduzione dei posti di degenza assegnati; incertezza sulle procedure di transito dal privato in sperimentazione gestionale al servizio sanitario pubblico; il mancato versamento degli stipendi al personale in servizio; la riduzione dei livelli di assistenza in materia di riabilitazione intensiva, a carico non solo della ASL Brindisi ma di tutta la Regione Puglia.<br \/>\nPer questi motivi ho chiesto al presidente Emiliano di valutare immediatamente l\u2019ipotesi della nomina di un commissario ad acta, oppure &#8211; nell\u2019impossibilit\u00e0 di realizzare questo obiettivo &#8211; di un commissariamento della ASL\u201d.\/comunicato<\/p>\n","protected":false},"excerpt":{"rendered":"<p>\u201cLa ASL Brindisi ignora continuamente le ripetute indicazioni della Regione, peraltro chiare e risolute, per risolvere il problema del Centro di riabilitazione di Ceglie Messapica. Per questo motivo ho chiesto al presidente Emiliano di procedere al commissariamento della ASL di Brindisi o alla nomina, se fosse possibile, di un commissario ad acta. Ho purtroppo constatato una continua e reiterata difformit\u00e0 tra i provvedimenti opportuni richiesti dalla Regione (Dipartimento Salute) alla ASL e i relativi atti d\u2019esecuzione adottati dalla stessa ASL. Poich\u00e9 non posso credere che tale condotta sia derivante da incompetenza, devo ritenere che le ragioni di tali difformit\u00e0 possano risiedere (spero di sbagliarmi) in una volont\u00e0 \u201cpolitica\u201d, eccedente il ruolo, non allineata con le decisioni del legislatore regionale e dei suoi organi d\u2019indirizzo politico, a cominciare dal presidente della Regione e dalla sua Giunta. Tali difformit\u00e0 si sono sostanziate &#8211; nel corso delle ultime settimane &#8211; in varie imprecisioni e stonature nella redazione del Piano di emergenza, in vari procedimenti inerenti a manifestazioni d\u2019interesse degli attuali dipendenti della Fondazione&#8230;<\/p>\n","protected":false},"author":2,"featured_media":179555,"comment_status":"open","ping_status":"closed","sticky":false,"template":"","format":"standard","meta":{"footnotes":""},"categories":[7],"tags":[],"class_list":["post-231083","post","type-post","status-publish","format-standard","has-post-thumbnail","hentry","category-news"],"_links":{"self":[{"href":"https:\/\/www.brundisium.net\/index.php\/wp-json\/wp\/v2\/posts\/231083","targetHints":{"allow":["GET"]}}],"collection":[{"href":"https:\/\/www.brundisium.net\/index.php\/wp-json\/wp\/v2\/posts"}],"about":[{"href":"https:\/\/www.brundisium.net\/index.php\/wp-json\/wp\/v2\/types\/post"}],"author":[{"embeddable":true,"href":"https:\/\/www.brundisium.net\/index.php\/wp-json\/wp\/v2\/users\/2"}],"replies":[{"embeddable":true,"href":"https:\/\/www.brundisium.net\/index.php\/wp-json\/wp\/v2\/comments?post=231083"}],"version-history":[{"count":1,"href":"https:\/\/www.brundisium.net\/index.php\/wp-json\/wp\/v2\/posts\/231083\/revisions"}],"predecessor-version":[{"id":231086,"href":"https:\/\/www.brundisium.net\/index.php\/wp-json\/wp\/v2\/posts\/231083\/revisions\/231086"}],"wp:featuredmedia":[{"embeddable":true,"href":"https:\/\/www.brundisium.net\/index.php\/wp-json\/wp\/v2\/media\/179555"}],"wp:attachment":[{"href":"https:\/\/www.brundisium.net\/index.php\/wp-json\/wp\/v2\/media?parent=231083"}],"wp:term":[{"taxonomy":"category","embeddable":true,"href":"https:\/\/www.brundisium.net\/index.php\/wp-json\/wp\/v2\/categories?post=231083"},{"taxonomy":"post_tag","embeddable":true,"href":"https:\/\/www.brundisium.net\/index.php\/wp-json\/wp\/v2\/tags?post=231083"}],"curies":[{"name":"wp","href":"https:\/\/api.w.org\/{rel}","templated":true}]}}