{"id":231090,"date":"2024-09-25T12:59:54","date_gmt":"2024-09-25T10:59:54","guid":{"rendered":"https:\/\/www.brundisium.net\/?p=231090"},"modified":"2024-09-26T08:01:47","modified_gmt":"2024-09-26T06:01:47","slug":"unite-nel-segno-del-cinema-mesagne-collegata-ad-altre-5-citta-ditalia-col-meff-school","status":"publish","type":"post","link":"https:\/\/www.brundisium.net\/index.php\/unite-nel-segno-del-cinema-mesagne-collegata-ad-altre-5-citta-ditalia-col-meff-school\/","title":{"rendered":"Unite nel segno del cinema: Mesagne collegata ad altre 5 citt\u00e0 d\u2019Italia col \u201cMeff School\u201d"},"content":{"rendered":"<p>Si \u00e8 svolta questa mattina presso palazzo Celestini la conferenza stampa del MEFF SCHOOL ITALIA &#8211; Una linea immaginaria tra pi\u00f9 regioni, progetto didattico nazionale dell\u2019associazione culturale \u201cBlue Desk\u201d, costola e fiore all\u2019occhiello del Messapica Film Festival, la rassegna culturale che si realizza da sei anni con il sostegno del Comune di Mesagne. Giunto alla sua quarta edizione, il progetto \u00e8 risultato vincitore del Bando di Rilevanza territoriale del Piano Nazionale Cinema e Immagini per la Scuola pubblicato dal Ministero della Cultura Direzione Generale Cinema e Audiovisivo con il Ministero dell\u2019Istruzione e del Merito. \u00abPer il secondo anno consecutivo, il progetto formativo del \u201cMessapica Film Festival\u201d si colloca tra le eccellenze a livello nazionale e il fatto che Mesagne rappresenti l\u2019incubatore culturale di un\u2019esperienza cos\u00ec arricchente ci riempie di gioia\u00bb, ha commentato il sindaco di Mesagne, Antonio Matarrelli. Il progetto \u00e8 stato ammesso per un finanziamento di oltre 76mila euro, risorse certamente preziose, che verranno investite per le attivit\u00e0 nelle scuole primarie e secondarie di primo e secondo grado della Puglia, del Lazio, della Toscana e della Sardegna.<\/p>\n<p>Per il Lazio partecipano l\u2019IISS \u201cGiorgio Ambrosoli\u201d e il Liceo \u201cTullio Levi Civita\u201d di Roma; per la Toscana l\u2019IIS \u201cSassetti-Peruzzi\u201d di Firenze e Scandicci; per la Sardegna l\u2019IC \u201cMonti\u201d Sassari; per la Puglia l\u2019\u201cIISS Epifanio Ferdinando\u201d, gli Istituti comprensivi \u201cGiovanni XXIII \u2013 Moro\u201d e  \u201cCarducci-Materdona\u201d di Mesagne e il Primo Istituto Comprensivo di San Vito dei Normanni. \u00abRispetto allo scorso anno aumentano i Comuni e gli studenti protagonisti delle iniziative; con sei citt\u00e0 e 3mila e 700 ragazzi aumenta il capitale umano e crescono le occasioni di scambio e crescita dei ragazzi coinvolti\u00bb, ha dichiarato Marco Cal\u00f2, consigliere comunale della citt\u00e0 di Mesagne con delega alla Cultura e al Turismo. Tante le attivit\u00e0 previste dal Meff School Italia, che quest\u2019anno coinvolge per la prima volta anche i piccoli delle primarie con proiezioni, percorsi didattici alla scoperta del cinema, dei suoi linguaggi e del suo funzionamento; e ancora incontri con esperti, un\u2019arena estiva gestita dagli studenti e la realizzazione di un film collettivo sulle prossimit\u00e0 e le distanze tra le diverse aree geografiche interessate.<\/p>\n<p>Floriana Pinto, curatrice e ideatrice del progetto insieme al regista Simone Amendola, \u00e8 intervenuta durante l\u2019incontro soffermandosi sul valore della continuit\u00e0 e del sostegno ai progetti formativi. \u00abIl neonato \u201cPiccolo Cinema Ken Loach\u201d, che rappresenta un progetto unico e innovativo in tutta Italia, \u00e8 figlio di questa straordinaria esperienza dei laboratori nelle scuole e sta permettendo ai nostri ragazzi di scrivere un pezzo di storia, non solo per la nostra comunit\u00e0\u00bb.<\/p>\n<p>La seconda edizione del progetto parte sotto una buona stella: il cortometraggio \u201cLa tessera mancante\u201d, realizzato nella scorsa edizione e che ha ispirato l\u2019apertura del \u201cPiccolo Cinema Ken Loach\u201d, \u00e8 stato selezionato nel concorso nazionale del Sottodiciotto Film Festival, il pi\u00f9 importante festival di settore e sar\u00e0 proiettato al Cinema Massimo di Torino il prossimo dicembre.<\/p>\n<p>Nomi e partner coinvolti nel progettoin partenza<\/p>\n<p>Tra i nomi dei professionisti che saranno coinvolti, autori come il regista Francesco Bruni e una pietra miliare del cinema italiano come Silvano Agosti, ma spazio anche a personalit\u00e0 autorevoli che attorno al cinema costruiscono nuovi itinerari come Laura Delli Colli, presidente del Sindacato Nazionale Critici Cinematografici, e il giornalista e critico cinematografico Oscar Iarussi. Fondamentale la rete di istituzioni e enti e delle associazioni che partecipano attivamente mettendo al servizio del progetto l\u2019esperienza nel campo dei diritti, della violenza di genere, dell\u2019interculturalit\u00e0, delle problematiche legate all\u2019et\u00e0 evolutiva. Hanno aderito l\u2019Universit\u00e0 La Sapienza di Roma, l\u2019Ambasciata di Svezia, l\u2019Ambasciata di Norvegia, la Provincia di Brindisi, Apulia Film Commission, Hermes Production, Casa Internazionale delle Donne di Roma, la Commissione Pari Opportunit\u00e0 del Comune di Mesagne, Laser Digital Film, NETFORP-Network Europeo per la Psichiatria Psicodinamica, Progetto Diritti Onlus, Cassandra D, Cooperativa Rinascita, Cooperativa Giro di Boa, Centro Antiviolenza Prospettiva Donna di Olbia, associazione Giuseppe di Vittorio di Mesagne, SPI CGIL Brindisi, SPI CGIL Scandicci.<\/p>\n<p>MEFF OGGI 1.jpg<\/p>\n<p>Meff oggi 2.jpg<\/p>\n","protected":false},"excerpt":{"rendered":"<p>Si \u00e8 svolta questa mattina presso palazzo Celestini la conferenza stampa del MEFF SCHOOL ITALIA &#8211; Una linea immaginaria tra pi\u00f9 regioni, progetto didattico nazionale dell\u2019associazione culturale \u201cBlue Desk\u201d, costola e fiore all\u2019occhiello del Messapica Film Festival, la rassegna culturale che si realizza da sei anni con il sostegno del Comune di Mesagne. Giunto alla sua quarta edizione, il progetto \u00e8 risultato vincitore del Bando di Rilevanza territoriale del Piano Nazionale Cinema e Immagini per la Scuola pubblicato dal Ministero della Cultura Direzione Generale Cinema e Audiovisivo con il Ministero dell\u2019Istruzione e del Merito. \u00abPer il secondo anno consecutivo, il progetto formativo del \u201cMessapica Film Festival\u201d si colloca tra le eccellenze a livello nazionale e il fatto che Mesagne rappresenti l\u2019incubatore culturale di un\u2019esperienza cos\u00ec arricchente ci riempie di gioia\u00bb, ha commentato il sindaco di Mesagne, Antonio Matarrelli. Il progetto \u00e8 stato ammesso per un finanziamento di oltre 76mila euro, risorse certamente preziose, che verranno investite per le attivit\u00e0 nelle scuole primarie e secondarie di primo e secondo grado della&#8230;<\/p>\n","protected":false},"author":2,"featured_media":231091,"comment_status":"open","ping_status":"closed","sticky":false,"template":"","format":"standard","meta":{"footnotes":""},"categories":[7],"tags":[],"class_list":["post-231090","post","type-post","status-publish","format-standard","has-post-thumbnail","hentry","category-news"],"_links":{"self":[{"href":"https:\/\/www.brundisium.net\/index.php\/wp-json\/wp\/v2\/posts\/231090","targetHints":{"allow":["GET"]}}],"collection":[{"href":"https:\/\/www.brundisium.net\/index.php\/wp-json\/wp\/v2\/posts"}],"about":[{"href":"https:\/\/www.brundisium.net\/index.php\/wp-json\/wp\/v2\/types\/post"}],"author":[{"embeddable":true,"href":"https:\/\/www.brundisium.net\/index.php\/wp-json\/wp\/v2\/users\/2"}],"replies":[{"embeddable":true,"href":"https:\/\/www.brundisium.net\/index.php\/wp-json\/wp\/v2\/comments?post=231090"}],"version-history":[{"count":1,"href":"https:\/\/www.brundisium.net\/index.php\/wp-json\/wp\/v2\/posts\/231090\/revisions"}],"predecessor-version":[{"id":231094,"href":"https:\/\/www.brundisium.net\/index.php\/wp-json\/wp\/v2\/posts\/231090\/revisions\/231094"}],"wp:featuredmedia":[{"embeddable":true,"href":"https:\/\/www.brundisium.net\/index.php\/wp-json\/wp\/v2\/media\/231091"}],"wp:attachment":[{"href":"https:\/\/www.brundisium.net\/index.php\/wp-json\/wp\/v2\/media?parent=231090"}],"wp:term":[{"taxonomy":"category","embeddable":true,"href":"https:\/\/www.brundisium.net\/index.php\/wp-json\/wp\/v2\/categories?post=231090"},{"taxonomy":"post_tag","embeddable":true,"href":"https:\/\/www.brundisium.net\/index.php\/wp-json\/wp\/v2\/tags?post=231090"}],"curies":[{"name":"wp","href":"https:\/\/api.w.org\/{rel}","templated":true}]}}