{"id":231150,"date":"2024-09-26T18:50:15","date_gmt":"2024-09-26T16:50:15","guid":{"rendered":"https:\/\/www.brundisium.net\/?p=231150"},"modified":"2024-09-26T18:50:15","modified_gmt":"2024-09-26T16:50:15","slug":"sara-intitolato-a-padre-angelo-quero-il-bene-di-san-vito-dei-normanni-confiscato-alla-criminalita-organizzata","status":"publish","type":"post","link":"https:\/\/www.brundisium.net\/index.php\/sara-intitolato-a-padre-angelo-quero-il-bene-di-san-vito-dei-normanni-confiscato-alla-criminalita-organizzata\/","title":{"rendered":"Sar\u00e0 intitolato a Padre Angelo Quero il bene di San Vito dei Normanni confiscato alla criminalit\u00e0 organizzata"},"content":{"rendered":"<p>Intitolare \u00abla Villa signorile sita in San Vito dei Normanni &#8211; Via Mesagne n.151 a Padre Angelo Quero \u2013 frate Mercedario\u00bb. La delibera unanime della Giunta comunale di San Vito dei Normanni, che ha fatto seguito alla pronuncia unanime della Commissione comunale, \u00e8 stata comunicata ieri sera dal sindaco Silvana Errico, in occasione della festa di Santa Maria della Mercede, al p. Nunzio Masiello, parroco di quella Comunit\u00e0 religiosa, alla presenza del Vicario generale dell\u2019Arcidiocesi e delle autorit\u00e0 civili, militari e religiose intervenute.<br \/>\nL\u2019esecutivo cittadino, infatti, ha \u00abpreso atto del significato che riveste nella coscienza collettiva e nella memoria civile la figura di Padre Angelo Quero (1936-2003), sacerdote che durante i suoi quindici anni di servizio si distinse per la personalit\u00e0 straordinaria ed il profondo impegno, offrendo un sostegno importante e coraggioso alla nascente Associazione antiracket diventando un punto di riferimento per tutti i sanvitesi\u00bb.<br \/>\n\u00abAbbiano considerato che l\u2019immobile confiscato di Via Mesagne 151 debba essere intitolato alla memoria di una personalit\u00e0 riconosciuta per aver dato un contributo significativo alla nascita di una rinnovata coscienza civile che ha portato a dare vita all\u2019associazione antiracket e divenendo punto di riferimento per le qualit\u00e0 umane e morali espresse nel corso della propria vita\u00bb, ha spiegato il sindaco, Silvana Errico, al termine della celebrazione di ieri.<br \/>\nQuindi \u00e8 stato ricordato come a fine maggio del 2015 fu un decreto dell\u2019Agenzia Nazionale per l\u2019Amministrazione e la Destinazione dei Beni Sequestrati e Confiscati (Anbsc) a trasferire quella Villa signorile al patrimonio del Comune di San Vito, mentre alla fine dello stesso anno una delibera del Consiglio comunale approv\u00f2 l\u2019acquisizione. Si opt\u00f2 per un \u00abprogetto di rifunzionalizzazione strutturale e gestionale del bene\u00bb. L\u201911 novembre 2021, la Giunta approv\u00f2 il progetto esecutivo per un \u00abIntervento di ristrutturazione e recupero funzionale dell\u2019immobile comunale sito sulla via per Mesagne nel Comune di San Vito dei Normanni da destinare a centro aperto polivalente per minori\u00bb ed ora, a lavori di ristrutturazione conclusi, l\u2019Amministrazione comunale \u2013 lo dice chiaramente la delibera \u2013 ha inteso \u00abavviare presso il suddetto immobile un progetto di gestione di un centro aperto polivalente per minori\u00bb.<br \/>\n\u00abIl prossimo 1\u00b0 ottobre  \u2013 ha spiegato  il sindaco \u2013 , data significativa perch\u00e9 proprio in quel giorno del 1997 padre Angelo si accomiat\u00f2 da San Vito, daremo il via alle attivit\u00e0 del centro aperto polivalente per minori con un momento pubblico, che da un lato far\u00e0 riflettere sul significato dell\u2019intero percorso compiuto e dall\u2019altro leggeremo in prospettiva il futuro di questo luogo. Saranno con noi il Prefetto Luigi Carnevale ed il Questore di Brindisi Giampietro Lionetti. Il Procuratore della Repubblica di Brindisi, dott. Antonio De Donno, sempre in quella occasione, porger\u00e0 riflessioni sulla lotta al crimine organizzato nelle nostre zone e sui percorsi di legalit\u00e0, mentre  il sostituto procuratore della Repubblica, dott. Pierpaolo Montinaro, tratter\u00e0  della  tutela giuridica nei reati di violenza sulle donne e sui minori. Con loro per l\u2019occasione il vicecampione del mondo di calcio, Antonio Benarrivo, quale testimonial di impegno nello sport\u00bb.<\/p>\n","protected":false},"excerpt":{"rendered":"<p>Intitolare \u00abla Villa signorile sita in San Vito dei Normanni &#8211; Via Mesagne n.151 a Padre Angelo Quero \u2013 frate Mercedario\u00bb. La delibera unanime della Giunta comunale di San Vito dei Normanni, che ha fatto seguito alla pronuncia unanime della Commissione comunale, \u00e8 stata comunicata ieri sera dal sindaco Silvana Errico, in occasione della festa di Santa Maria della Mercede, al p. Nunzio Masiello, parroco di quella Comunit\u00e0 religiosa, alla presenza del Vicario generale dell\u2019Arcidiocesi e delle autorit\u00e0 civili, militari e religiose intervenute. L\u2019esecutivo cittadino, infatti, ha \u00abpreso atto del significato che riveste nella coscienza collettiva e nella memoria civile la figura di Padre Angelo Quero (1936-2003), sacerdote che durante i suoi quindici anni di servizio si distinse per la personalit\u00e0 straordinaria ed il profondo impegno, offrendo un sostegno importante e coraggioso alla nascente Associazione antiracket diventando un punto di riferimento per tutti i sanvitesi\u00bb. \u00abAbbiano considerato che l\u2019immobile confiscato di Via Mesagne 151 debba essere intitolato alla memoria di una personalit\u00e0 riconosciuta per aver dato un contributo significativo alla&#8230;<\/p>\n","protected":false},"author":2,"featured_media":231158,"comment_status":"open","ping_status":"closed","sticky":false,"template":"","format":"standard","meta":{"footnotes":""},"categories":[7],"tags":[],"class_list":["post-231150","post","type-post","status-publish","format-standard","has-post-thumbnail","hentry","category-news"],"_links":{"self":[{"href":"https:\/\/www.brundisium.net\/index.php\/wp-json\/wp\/v2\/posts\/231150","targetHints":{"allow":["GET"]}}],"collection":[{"href":"https:\/\/www.brundisium.net\/index.php\/wp-json\/wp\/v2\/posts"}],"about":[{"href":"https:\/\/www.brundisium.net\/index.php\/wp-json\/wp\/v2\/types\/post"}],"author":[{"embeddable":true,"href":"https:\/\/www.brundisium.net\/index.php\/wp-json\/wp\/v2\/users\/2"}],"replies":[{"embeddable":true,"href":"https:\/\/www.brundisium.net\/index.php\/wp-json\/wp\/v2\/comments?post=231150"}],"version-history":[{"count":1,"href":"https:\/\/www.brundisium.net\/index.php\/wp-json\/wp\/v2\/posts\/231150\/revisions"}],"predecessor-version":[{"id":231159,"href":"https:\/\/www.brundisium.net\/index.php\/wp-json\/wp\/v2\/posts\/231150\/revisions\/231159"}],"wp:featuredmedia":[{"embeddable":true,"href":"https:\/\/www.brundisium.net\/index.php\/wp-json\/wp\/v2\/media\/231158"}],"wp:attachment":[{"href":"https:\/\/www.brundisium.net\/index.php\/wp-json\/wp\/v2\/media?parent=231150"}],"wp:term":[{"taxonomy":"category","embeddable":true,"href":"https:\/\/www.brundisium.net\/index.php\/wp-json\/wp\/v2\/categories?post=231150"},{"taxonomy":"post_tag","embeddable":true,"href":"https:\/\/www.brundisium.net\/index.php\/wp-json\/wp\/v2\/tags?post=231150"}],"curies":[{"name":"wp","href":"https:\/\/api.w.org\/{rel}","templated":true}]}}