{"id":231222,"date":"2024-09-27T11:10:16","date_gmt":"2024-09-27T09:10:16","guid":{"rendered":"https:\/\/www.brundisium.net\/?p=231222"},"modified":"2024-10-01T14:17:57","modified_gmt":"2024-10-01T12:17:57","slug":"inviato-il-dossier-di-candidatura-di-brindisi-a-capitale-italiana-della-cultura-2027","status":"publish","type":"post","link":"https:\/\/www.brundisium.net\/index.php\/inviato-il-dossier-di-candidatura-di-brindisi-a-capitale-italiana-della-cultura-2027\/","title":{"rendered":"Inviato il dossier di candidatura di Brindisi a Capitale italiana della Cultura 2027"},"content":{"rendered":"<p>\u00c8 stato inviato al Ministero della Cultura il dossier di candidatura di Brindisi al titolo di Capitale italiana della Cultura 2027. Si chiude cos\u00ec la prima fase di un processo che ha visto il gruppo di lavoro, guidato dal direttore di progetto Chris Torch, in costante dialogo con la citt\u00e0 dallo scorso mese di maggio e impegnato nella costruzione di una proposta progettuale che rappresentasse lo scenario della citt\u00e0 e anche una visione forte proiettata verso un nuovo modello di sviluppo economico e sociale. Il titolo del dossier, \u201cNavigare il futuro\u201d, \u00e8 emerso come elemento cardine della narrazione del territorio, dalle sue bellezze culturali e del paesaggio alla storia fino alla creativit\u00e0 contemporanea, un mare che confina con un orizzonte pi\u00f9 sostenibile, diverso dai profili dell\u2019industria di massa.<\/p>\n<p>&nbsp;<\/p>\n<p>\u00abRingrazio anzitutto il team di lavoro per la grande dedizione e la professionalit\u00e0 &#8211; ha detto il sindaco di Brindisi, Giuseppe Marchionna &#8211; con cui in questi mesi si \u00e8 dedicato alla costruzione della candidatura. Il progetto illustrato nel dossier traccia una visione inedita della citt\u00e0. Una visione che trova radici nel Mediterraneo, concepito come spazio di accoglienza e dialogo, e che si evolve in risposta alle grandi transizioni contemporanee, orientate verso un\u2019economia basata sulla conoscenza e sul suo potenziale strategico. Il programma ricompone un percorso coerente che coinvolge l\u2019intero territorio e i suoi attori, dalla dimensione comunitaria a quella produttiva, e tesse una rete culturale che ha il compito esclusivo di valorizzare il nostro patrimonio storico, artistico e archeologico, integrando musica, arti visive, spettacolo e teatro, in un\u2019espressione completa e dinamica della cultura\u00bb.<\/p>\n<p>&nbsp;<\/p>\n<p>Le candidature saranno valutate da una giuria che selezioner\u00e0, tra venti candidate, le dieci citt\u00e0 finaliste, entro il prossimo 12 dicembre. A seguito di audizioni pubbliche, che si svolgeranno entro il 12 marzo 2025, la procedura di valutazione si concluder\u00e0 entro il 28 marzo 2025. Entro quella data la giuria, con opportuna motivazione, raccomander\u00e0 al Ministro della Cultura, la candidatura del Comune, della Citt\u00e0 metropolitana o dell\u2019Unione di Comuni ritenuta pi\u00f9 idonea a essere insignita del titolo di Capitale italiana della cultura per l\u2019anno 2027. Su proposta dello stesso Ministro della Cultura, il titolo di Capitale italiana della Cultura per l\u2019anno 2027 sar\u00e0 successivamente conferito dal Consiglio dei Ministri con propria delibera. La citt\u00e0 vincitrice, grazie anche al contributo statale di un milione di euro, potr\u00e0 realizzare le attivit\u00e0 progettate nel dossier e rilanciare il proprio territorio attraverso la cultura.<\/p>\n<p>&nbsp;<\/p>\n<p><strong>Ufficio Stampa &amp; Comunicazione<br \/>\nFondazione Nuovo Teatro Verdi &#8211; Brindisi<\/strong><\/p>\n","protected":false},"excerpt":{"rendered":"<p>\u00c8 stato inviato al Ministero della Cultura il dossier di candidatura di Brindisi al titolo di Capitale italiana della Cultura 2027. Si chiude cos\u00ec la prima fase di un processo che ha visto il gruppo di lavoro, guidato dal direttore di progetto Chris Torch, in costante dialogo con la citt\u00e0 dallo scorso mese di maggio e impegnato nella costruzione di una proposta progettuale che rappresentasse lo scenario della citt\u00e0 e anche una visione forte proiettata verso un nuovo modello di sviluppo economico e sociale. Il titolo del dossier, \u201cNavigare il futuro\u201d, \u00e8 emerso come elemento cardine della narrazione del territorio, dalle sue bellezze culturali e del paesaggio alla storia fino alla creativit\u00e0 contemporanea, un mare che confina con un orizzonte pi\u00f9 sostenibile, diverso dai profili dell\u2019industria di massa. &nbsp; \u00abRingrazio anzitutto il team di lavoro per la grande dedizione e la professionalit\u00e0 &#8211; ha detto il sindaco di Brindisi, Giuseppe Marchionna &#8211; con cui in questi mesi si \u00e8 dedicato alla costruzione della candidatura. Il progetto illustrato nel dossier traccia&#8230;<\/p>\n","protected":false},"author":2,"featured_media":231224,"comment_status":"open","ping_status":"closed","sticky":false,"template":"","format":"standard","meta":{"footnotes":""},"categories":[7],"tags":[],"class_list":["post-231222","post","type-post","status-publish","format-standard","has-post-thumbnail","hentry","category-news"],"_links":{"self":[{"href":"https:\/\/www.brundisium.net\/index.php\/wp-json\/wp\/v2\/posts\/231222","targetHints":{"allow":["GET"]}}],"collection":[{"href":"https:\/\/www.brundisium.net\/index.php\/wp-json\/wp\/v2\/posts"}],"about":[{"href":"https:\/\/www.brundisium.net\/index.php\/wp-json\/wp\/v2\/types\/post"}],"author":[{"embeddable":true,"href":"https:\/\/www.brundisium.net\/index.php\/wp-json\/wp\/v2\/users\/2"}],"replies":[{"embeddable":true,"href":"https:\/\/www.brundisium.net\/index.php\/wp-json\/wp\/v2\/comments?post=231222"}],"version-history":[{"count":2,"href":"https:\/\/www.brundisium.net\/index.php\/wp-json\/wp\/v2\/posts\/231222\/revisions"}],"predecessor-version":[{"id":231226,"href":"https:\/\/www.brundisium.net\/index.php\/wp-json\/wp\/v2\/posts\/231222\/revisions\/231226"}],"wp:featuredmedia":[{"embeddable":true,"href":"https:\/\/www.brundisium.net\/index.php\/wp-json\/wp\/v2\/media\/231224"}],"wp:attachment":[{"href":"https:\/\/www.brundisium.net\/index.php\/wp-json\/wp\/v2\/media?parent=231222"}],"wp:term":[{"taxonomy":"category","embeddable":true,"href":"https:\/\/www.brundisium.net\/index.php\/wp-json\/wp\/v2\/categories?post=231222"},{"taxonomy":"post_tag","embeddable":true,"href":"https:\/\/www.brundisium.net\/index.php\/wp-json\/wp\/v2\/tags?post=231222"}],"curies":[{"name":"wp","href":"https:\/\/api.w.org\/{rel}","templated":true}]}}