{"id":231528,"date":"2024-10-02T13:00:06","date_gmt":"2024-10-02T11:00:06","guid":{"rendered":"https:\/\/www.brundisium.net\/?p=231528"},"modified":"2024-10-02T13:00:06","modified_gmt":"2024-10-02T11:00:06","slug":"inaugurata-villa-padre-angelo-quero","status":"publish","type":"post","link":"https:\/\/www.brundisium.net\/index.php\/inaugurata-villa-padre-angelo-quero\/","title":{"rendered":"Inaugurata Villa padre Angelo Quero"},"content":{"rendered":"<p>Ragazzi che giocano, ragazzi che studiano. Da domani, 2 ottobre, villa Padre Angelo Quero &#8211; la struttura ubicata su via Mesagne e confiscata alla criminalit\u00e0 organizzata, quindi restituita a nuova vita con l\u2019\u00abintervento di ristrutturazione e recupero funzionale da destinare a centro aperto polivalente per minori\u00bb &#8211; avr\u00e0 il volto di ragazzi di San Vito dei Normanni di una fascia d\u2019et\u00e0 compresa fra i 6 ed i 14 anni, che li svolgeranno attivit\u00e0 didattiche e laboratoriali, tese a prevenire forme di disadattamento giovanile e dispersione scolastica, secondo un progetto curato dalla Cooperativa sociale \u201cAmici di Leonardo\u201d.<\/p>\n<p>Questo pomeriggio, intanto, con un folto pubblico presente e con i parenti di padre Angelo appositamente giunti da Mottola, \u00e8 stata inaugurata la Villa con l\u2019intervento delle massime autorit\u00e0 civili, militari e religiose del territorio provinciale, le quali, con un loro gesto collettivo, hanno svelato la targa che ricorder\u00e0, attraverso una persona, il riscatto di una comunit\u00e0.<\/p>\n<p>Il 1\u00b0 ottobre \u00e8 una data simbolo, intanto, perch\u00e9 proprio in quel giorno del 1997 padre Quero si accomiatava da San Vito dopo 15 anni di impegno non solo pastorale, ma anche civile. Il sindaco Silvana Errico ha ricordato quel giorno e le parole di padre Angelo in risposta agli indirizzi di saluto del sindaco Trizza, quindi ha proseguito: \u00abStasera festeggiamo ancora una volta la legalit\u00e0: siamo in un posto speciale, una villa confiscata al crimine, restituita alla citt\u00e0 e dedicata ai ragazzi. \u00c8 un centro polivalente per minori e siamo felicissimi di avere qui, questa sera, i rappresentanti alti della legalit\u00e0 nel procuratore De Donno, nel sostituto procuratore Montinaro, nel Prefetto, nel Questore, nel Comandante provinciale dei Carabinieri, nel Comandante della Guardia di finanza e di tutti coloro che ci proteggono. Questa villa \u2013 ha proseguito &#8211; diventi la casa della legalit\u00e0, con la volont\u00e0 di tutti: dell\u2019intera comunit\u00e0, delle scuole e delle parrocchie e di tutte le agenzie educative, che concorrono al benessere dei nostri giovani\u00bb.<\/p>\n<p>\u00abQuesta \u00e8 la dimostrazione della squadra-Stato che vince\u00bb, ha detto il questore di Brindisi, Giampietro Lionetti, facendo i complimenti \u00absoprattutto alle autonomie locali perch\u00e9 si impegnano nella sicurezza e nella legalit\u00e0\u00bb. Ed a concludere gli indirizzi di saluto \u00e8 stato proprio il prefetto del Capoluogo adriatico, Luigi Carnevale, che ha ricordato i terribili inizi degli anni 90, essendo stato testimone diretto da funzionario di Polizia nel Brindisino. \u00abSono momenti che ci piacciono \u2013 ha osservato -, perch\u00e9 al di l\u00e0 del ruolo, che ognuno di noi riveste, \u00e8 importante ci\u00f2 che si trasmette alla comunit\u00e0, ai cittadini ed alle cittadine, che hanno vissuto momenti difficili perch\u00e9 hanno dovuto contrastate l\u2019arroganza, la violenza della criminalit\u00e0, ma hanno saputo reagire, perch\u00e9 in questo Comune \u00e8 nata una delle prime associazioni antiracket. E oggi \u2013 ha ripreso il prefetto &#8211; inauguriamo questo bene che \u00e8 stato restituito alla collettivit\u00e0 e lo intitoliamo ad una persona, che in quegli anni \u00e8 stata una luce, una guida, dando coraggio al resto dei cittadini. Padre Angelo \u00e8 una figura moderna di religioso \u2013 ha osservato &#8211; che ha saputo uscire fuori dal suo territorio naturale, sapendo che la Chiesa doveva fare un passo in pi\u00f9 e con la testimonianza essere vicina a di sostegno ai cittadini. Oggi \u2013 ha concluso Carnevale &#8211; perpetuiamo un ricordo che come vediamo \u00e8 ben radicato\u00bb.<\/p>\n<p>Agli indirizzi di saluto, moderati dal giornalista Raffaele Romano, hanno fatto seguito gli interventi del Procuratore della Repubblica di Brindisi, Antonio De Donno, e del Sostituto Procuratore della Repubblica, Pierpaolo Montinaro. Entrambi hanno assicurato impegno nel prosieguo del cammino del Centro inaugurato questa sera, con il dott. De Donno, che si \u00e8 soffermato a far riflettere sull\u2019attivit\u00e0 della Procura sul fronte della criminalit\u00e0 organizzata e sulla funzione che ha la legislazione nel colpire il crimine soprattutto sotto l\u2019aspetto economico. \u00abAnche se sono nel primo giorno di pensione e vengo da libero cittadino, dico che non \u00e8 tanto importante confiscare un bene alla mafia, quanto riutilizzarlo per fini sociali. Questa restituzione del valore attivo del bene alla collettivit\u00e0, \u00e8 il vero significato da attribuire a queste azioni. Limitarsi a confiscare e vedere i beni abbandonati a s\u00e9 stessi non ha molto valore\u00bb.<\/p>\n<p>Sulla tutela delle persone fragili e dei minori, sulla celebrit\u00e0 dell\u2019azione nell\u2019affrontare le questioni denunciate, sulla maggiore consapevolezza della donna in famiglia e nella societ\u00e0 ha svolto il suo intervento il sostituto procuratore Montinaro, dichiarando la disponibilit\u00e0 a nuovi incontri sui temi affrontati, ma chiara e forte una raccomandazione l\u2019ha fatta: \u00abConsolidare ed agevolare l\u2019azione delle principali agenzie educative, perch\u00e9 il crimine \u00e8 sempre dietro l\u2019angolo\u00bb.<\/p>\n<p>A conclusione, un ricordo di quei giorni nei quali padre Angelo fu protagonista. \u00ab\u00c8 la chiusura di un cerchio dopo tanti anni \u2013 ha detto l\u2019on. Rosa Stanisci, sindaco di quegli anni -. Noto oltre ogni altra considerazione che la battaglia per la legalit\u00e0 ha lasciato l\u2019attenzione che ci deve essere. La reazione civile, quella che c\u2019\u00e8 stata a San Vito in quegli anni, \u00e8 stata importante per l\u2019intera Puglia e per l\u2019intera nazionale. Proprio come associazione antiracket, da San Vito abbiamo contribuito perch\u00e9 quelle nostre osservazioni ed azioni diventassero legge\u00bb. Ed ha invitato accanto a s\u00e9 per una testimonianza sul passato e sul presente gli imprenditori Franco Garofalo, che rappresentava la storia di quel movimento, e Angelo Tedesco, attuale presidente del sodalizio.<\/p>\n<p>Sulla necessit\u00e0 dell\u2019educazione, infine, le parole di Antonio Benarrivo, vicecampione del mondo di calcio nel 1994, anch\u2019egli entusiasta di proseguire nell\u2019impegno nella struttura di via Mesagne e testimonial di eccezione per la premiazione del quadrangolare di calcetto fra giovanissimi. Anche questo momento di sport, come Villa Padre Quero, ha un futuro: il prossimo anno ci sar\u00e0 la seconda edizione del \u201cMemorial Padre Quero\u201d quale torneo fra squadre delle parrocchie cittadine.<\/p>\n<p>E da domani, quindi, tutti i giorni della settimana fino al venerd\u00ec, fra le 15 e le 17, inizieranno i laboratori con interventi di assistenza scolastica rivolti agli alunni frequentanti la scuola dell\u2019obbligo e con interventi socio-educativi che si articoleranno in animazione e laboratori tematici di prevenzione e contrasto del disagio minorile. (as)<\/p>\n","protected":false},"excerpt":{"rendered":"<p>Ragazzi che giocano, ragazzi che studiano. Da domani, 2 ottobre, villa Padre Angelo Quero &#8211; la struttura ubicata su via Mesagne e confiscata alla criminalit\u00e0 organizzata, quindi restituita a nuova vita con l\u2019\u00abintervento di ristrutturazione e recupero funzionale da destinare a centro aperto polivalente per minori\u00bb &#8211; avr\u00e0 il volto di ragazzi di San Vito dei Normanni di una fascia d\u2019et\u00e0 compresa fra i 6 ed i 14 anni, che li svolgeranno attivit\u00e0 didattiche e laboratoriali, tese a prevenire forme di disadattamento giovanile e dispersione scolastica, secondo un progetto curato dalla Cooperativa sociale \u201cAmici di Leonardo\u201d. Questo pomeriggio, intanto, con un folto pubblico presente e con i parenti di padre Angelo appositamente giunti da Mottola, \u00e8 stata inaugurata la Villa con l\u2019intervento delle massime autorit\u00e0 civili, militari e religiose del territorio provinciale, le quali, con un loro gesto collettivo, hanno svelato la targa che ricorder\u00e0, attraverso una persona, il riscatto di una comunit\u00e0. Il 1\u00b0 ottobre \u00e8 una data simbolo, intanto, perch\u00e9 proprio in quel giorno del 1997 padre Quero&#8230;<\/p>\n","protected":false},"author":2,"featured_media":231530,"comment_status":"open","ping_status":"closed","sticky":false,"template":"","format":"standard","meta":{"footnotes":""},"categories":[7],"tags":[],"class_list":["post-231528","post","type-post","status-publish","format-standard","has-post-thumbnail","hentry","category-news"],"_links":{"self":[{"href":"https:\/\/www.brundisium.net\/index.php\/wp-json\/wp\/v2\/posts\/231528","targetHints":{"allow":["GET"]}}],"collection":[{"href":"https:\/\/www.brundisium.net\/index.php\/wp-json\/wp\/v2\/posts"}],"about":[{"href":"https:\/\/www.brundisium.net\/index.php\/wp-json\/wp\/v2\/types\/post"}],"author":[{"embeddable":true,"href":"https:\/\/www.brundisium.net\/index.php\/wp-json\/wp\/v2\/users\/2"}],"replies":[{"embeddable":true,"href":"https:\/\/www.brundisium.net\/index.php\/wp-json\/wp\/v2\/comments?post=231528"}],"version-history":[{"count":1,"href":"https:\/\/www.brundisium.net\/index.php\/wp-json\/wp\/v2\/posts\/231528\/revisions"}],"predecessor-version":[{"id":231531,"href":"https:\/\/www.brundisium.net\/index.php\/wp-json\/wp\/v2\/posts\/231528\/revisions\/231531"}],"wp:featuredmedia":[{"embeddable":true,"href":"https:\/\/www.brundisium.net\/index.php\/wp-json\/wp\/v2\/media\/231530"}],"wp:attachment":[{"href":"https:\/\/www.brundisium.net\/index.php\/wp-json\/wp\/v2\/media?parent=231528"}],"wp:term":[{"taxonomy":"category","embeddable":true,"href":"https:\/\/www.brundisium.net\/index.php\/wp-json\/wp\/v2\/categories?post=231528"},{"taxonomy":"post_tag","embeddable":true,"href":"https:\/\/www.brundisium.net\/index.php\/wp-json\/wp\/v2\/tags?post=231528"}],"curies":[{"name":"wp","href":"https:\/\/api.w.org\/{rel}","templated":true}]}}