{"id":232027,"date":"2024-10-11T11:26:15","date_gmt":"2024-10-11T09:26:15","guid":{"rendered":"https:\/\/www.brundisium.net\/?p=232027"},"modified":"2024-10-11T12:27:38","modified_gmt":"2024-10-11T10:27:38","slug":"sindrome-di-down-possiamo-anche-riderci-su-e-la-giornata-nazionale","status":"publish","type":"post","link":"https:\/\/www.brundisium.net\/index.php\/sindrome-di-down-possiamo-anche-riderci-su-e-la-giornata-nazionale\/","title":{"rendered":"Sindrome di Down, possiamo anche riderci su! \u00c8 la Giornata Nazionale"},"content":{"rendered":"<p>AIPD invita a una rappresentazione meno stereotipata: lo fa insieme al duo comico \u201cLe Coliche\u201d e con il video \u201cIl problema di Aldo\u201d, visionabile sui canali social di Aipd Brindisi.<br \/>\nSempre sorridenti, di buon carattere e disponibili: insomma buoni ad ogni costo. Cos\u00ec spesso vengono rappresentate le persone con sindrome di Down. AIPD, insieme ad Aldo (Andrea Moriconi) e al duo comico \u201cLe Coliche\u201d, sceglie la Giornata nazionale delle persone con sindrome di Down (13 ottobre) per sfidare il luogo comune e proporre un&#8217;immagine e un linguaggio non stereotipato. Lo fa attraverso la campagna \u201cIl problema di Aldo\u201d, che lancia con un video in cui invita tutti in piazza, per conoscere e sostenere l&#8217;impegno di AIPD per l&#8217;inclusione delle persone con sindrome di Down.<br \/>\n\u201cAIPD ha scelto questa giornata per lanciare un messaggio nuovo, che d&#8217;ora in poi, come associazione, vogliamo portare avanti\u201d \u2013 afferma Gianfranco Salbini, presidente di AIPD Nazionale Vi invitiamo a vedere il video di pochi ma efficaci secondi sui canali social di Aipd Brindisi e Aipd Naizonale. Ci lascia disorientati? Forse s\u00ec. Allora, \u00e8 il momento di cambiare: cambiare approccio, cambiare linguaggio, cambiare immagine, cambiare cultura. Perch\u00e9 l&#8217;inclusione sociale non si pu\u00f2 realizzare solo con le leggi e con i progetti, per quanto validi ed efficaci siano: l&#8217;inclusione si costruisce giorno dopo giorno, riconoscendo il diritto di ciascuno ad essere semplicemente ci\u00f2 che \u00e8, ad esprimere le proprie opinioni, le proprie emozioni e anche il proprio malumore e la propria insofferenza.<br \/>\nAipd Brindisi, da oltre 25 anni presente e attiva sul territorio, offre consulenza alle famiglie e ai ragazzi con sindrome di Down fin dalle primissime fasi, dalla nascita e per tutto il percorso di crescita, attraverso servizi al suo interno quali il supporto psicologico, lo sportello di integrazione scolastica e il servizio di inserimento lavorativo, avvalendosi di un equipe multidisciplinare formata da assistente sociale, psicologa, educatori professionali, fisioterapiste e oss. Aipd Brindisi \u00e8 anche gestore di un centro diurno socio educativo e riabilitativo convenzionato con gli enti locali.<br \/>\nAipd Brindisi invita tutti a partecipare agli eventi dedicati ai festeggiamenti della Giornata Nazionale delle Persone con sindrome di Down, che si terranno sabato 12 dalle 17 alle 19 presso Palazzo Guerrieri di Brindisi e Domenica 13 dalle 10 alle 12 presso il Liceo Classico Scientifico di Ostuni.<br \/>\nL&#8217;iniziativa si svolge nell&#8217;ambito del progetto \u201cAIPD per tutti, tutti per AIPD\u201d, realizzato con il finanziamento concesso dal Ministero del lavoro e delle politiche sociali per l&#8217;annualit\u00e0 2023 (a valere sul Fondo per il finanziamento di iniziative e progetti di rilevanza nazionale ai sensi dell&#8217;art. 72 del decreto legislativo n. 117\/2017).<\/p>\n","protected":false},"excerpt":{"rendered":"<p>AIPD invita a una rappresentazione meno stereotipata: lo fa insieme al duo comico \u201cLe Coliche\u201d e con il video \u201cIl problema di Aldo\u201d, visionabile sui canali social di Aipd Brindisi. Sempre sorridenti, di buon carattere e disponibili: insomma buoni ad ogni costo. Cos\u00ec spesso vengono rappresentate le persone con sindrome di Down. AIPD, insieme ad Aldo (Andrea Moriconi) e al duo comico \u201cLe Coliche\u201d, sceglie la Giornata nazionale delle persone con sindrome di Down (13 ottobre) per sfidare il luogo comune e proporre un&#8217;immagine e un linguaggio non stereotipato. Lo fa attraverso la campagna \u201cIl problema di Aldo\u201d, che lancia con un video in cui invita tutti in piazza, per conoscere e sostenere l&#8217;impegno di AIPD per l&#8217;inclusione delle persone con sindrome di Down. \u201cAIPD ha scelto questa giornata per lanciare un messaggio nuovo, che d&#8217;ora in poi, come associazione, vogliamo portare avanti\u201d \u2013 afferma Gianfranco Salbini, presidente di AIPD Nazionale Vi invitiamo a vedere il video di pochi ma efficaci secondi sui canali social di Aipd Brindisi e Aipd&#8230;<\/p>\n","protected":false},"author":2,"featured_media":232029,"comment_status":"open","ping_status":"closed","sticky":false,"template":"","format":"standard","meta":{"footnotes":""},"categories":[7],"tags":[],"class_list":["post-232027","post","type-post","status-publish","format-standard","has-post-thumbnail","hentry","category-news"],"_links":{"self":[{"href":"https:\/\/www.brundisium.net\/index.php\/wp-json\/wp\/v2\/posts\/232027","targetHints":{"allow":["GET"]}}],"collection":[{"href":"https:\/\/www.brundisium.net\/index.php\/wp-json\/wp\/v2\/posts"}],"about":[{"href":"https:\/\/www.brundisium.net\/index.php\/wp-json\/wp\/v2\/types\/post"}],"author":[{"embeddable":true,"href":"https:\/\/www.brundisium.net\/index.php\/wp-json\/wp\/v2\/users\/2"}],"replies":[{"embeddable":true,"href":"https:\/\/www.brundisium.net\/index.php\/wp-json\/wp\/v2\/comments?post=232027"}],"version-history":[{"count":1,"href":"https:\/\/www.brundisium.net\/index.php\/wp-json\/wp\/v2\/posts\/232027\/revisions"}],"predecessor-version":[{"id":232031,"href":"https:\/\/www.brundisium.net\/index.php\/wp-json\/wp\/v2\/posts\/232027\/revisions\/232031"}],"wp:featuredmedia":[{"embeddable":true,"href":"https:\/\/www.brundisium.net\/index.php\/wp-json\/wp\/v2\/media\/232029"}],"wp:attachment":[{"href":"https:\/\/www.brundisium.net\/index.php\/wp-json\/wp\/v2\/media?parent=232027"}],"wp:term":[{"taxonomy":"category","embeddable":true,"href":"https:\/\/www.brundisium.net\/index.php\/wp-json\/wp\/v2\/categories?post=232027"},{"taxonomy":"post_tag","embeddable":true,"href":"https:\/\/www.brundisium.net\/index.php\/wp-json\/wp\/v2\/tags?post=232027"}],"curies":[{"name":"wp","href":"https:\/\/api.w.org\/{rel}","templated":true}]}}