{"id":232942,"date":"2024-10-29T16:43:02","date_gmt":"2024-10-29T15:43:02","guid":{"rendered":"https:\/\/www.brundisium.net\/?p=232942"},"modified":"2024-10-29T16:43:02","modified_gmt":"2024-10-29T15:43:02","slug":"decennale-di-hortus-ostuni-presentata-ledizione-autunnale-del-prossimo-fine-settimana","status":"publish","type":"post","link":"https:\/\/www.brundisium.net\/index.php\/decennale-di-hortus-ostuni-presentata-ledizione-autunnale-del-prossimo-fine-settimana\/","title":{"rendered":"Decennale di Hortus Ostuni, presentata l\u2019edizione autunnale del prossimo fine settimana"},"content":{"rendered":"<p>L\u2019intensit\u00e0 e la bellezza dei colori d\u2019autunno, sommati a quelli di maggio scorso, quando si \u00e8 celebrata la sessione primaverile, daranno compiutezza di successo al decennale di Hortus Ostuni, la mostra mercato che dall\u2019esordio si \u00e8 rivelata non solo appuntamento imperdibile per gli appassionati del verde e dei giardini e palcoscenico delle bellezze e delle particolarit\u00e0, ma anche privilegiata offerta di percorsi di conoscenza per la salvaguardia del benessere del pianeta.<br \/>\nL\u2019edizione autunnale della manifestazione di Hortus Puglia, con la partecipazione di Comune di Ostuni, Regione Puglia, Provincia di Brindisi, Camera di Commercio Brindisi-Taranto, Gal Alto Salento, Consorzio di Torre Guaceto, Parco naturale Dune Costiere, Parco naturale Regionale Costa Otranto-Santa Maria di Leuca e Bosco di Tricase, Orto Botanico del Salento, Associazione botanica ed Orticolturale A.Di.P.A. e \u00abVille e Giardini di Puglia\u00bb \u00e8 in programma l&#8217;1, 2, 3 novembre presso la Villa Comunale &#8220;Sandro Pertini&#8221; ed \u00e8 stata presentata questa mattina presso il Municipio di Ostuni (Salone dei Sindaci).<br \/>\nIl momento di presentazione ha visto gli interventi del vicesindaco Giuseppe Tanzarella,  dell\u2019assessore alle Attivit\u00e0 produttive e Agricoltura del Comune di Ostuni, Laura Greco; dell\u2019assessore al Turismo del Comune di Ostuni, Niki Maffei; del presidente del Gal Alto Salento, Bonaventura Cucci; del presidente di Hortus Puglia, Pierangelo Argentieri e del vicepresidente di Hortus Puglia Alma Sammarco.<br \/>\n\u00abIl successo di Hortus Ostuni \u00e8 determinato dal fatto che il decennio di manifestazioni segna anche i dieci anni di una comunit\u00e0, che intorno a questo evento si \u00e8 costituita, la comunit\u00e0 di Hortus, appunto, che condivide valori legati alla sostenibilit\u00e0 e al ben vivere, considerando tutto ci\u00f2 che ruota intorno al vivere all\u2019aria aperta \u2013 ha detto Pierangelo Argentieri, presidente di Hortus Puglia -. Primo ed unico evento in Puglia ed anche oltre, che porta avanti i temi legati al verde, dall\u2019orto al giardino al cibo autoprodotto, in questa edizione \u2013 ha aggiunto &#8211; si continuer\u00e0 a riflettere su chi e cosa eravamo e su cosa siamo diventati. Certo, parleremo anche di cibo autoprodotto \u2013 ha proseguito -, perch\u00e9 \u00e8 l\u2019unica certezza che abbiamo per mangiare cose sane al netto delle eventuali certificazioni, ma resteremo fedeli al noi stessi perch\u00e9 bisogna riflettere e restare \u201cleggeri\u201d nel considerare le questioni fondamentali: \u00e8 ci\u00f2 che fa la differenza fra bisogno e falso bisogno\u00bb.<br \/>\n\u00abHortus torna con una nuova edizione, attesa con grande entusiasmo. Anche questo autunno ci aspettano tre giornate dedicate al verde e alla biodiversit\u00e0, nella splendida cornice della Villa Comunale \u201cSandro Pertini\u201d\u00bb, ha esordito l\u2019assessore Greco. \u00abAccolgo con grande interesse la partecipazione di un espositore che presenter\u00e0 modi innovativi per ridare nuova vita ai tronchi degli ulivi monumentali abbattuti a causa della xylella \u2013 ha aggiunto -. Inoltre, non vedo l\u2019ora di partecipare al nuovo incontro dedicato al cavallo murgese, un tema che mi appassiona e su cui sono impaziente di confrontarmi. Sono certa che tutti gli appassionati e i semplici curiosi troveranno molto interessanti le proposte della manifestazione\u00bb.<br \/>\nLettura dal versante turistico quella dell\u2019assessore Maffei: \u00abHortus celebra dieci anni con un appuntamento speciale che ormai rappresenta un riferimento \u201cgreen\u201d per la nostra provincia \u2013 ha detto -. \u00c8 sempre un piacere ritrovare organizzatori ed espositori, divenuti ormai protagonisti di questa manifestazione. Anche quest\u2019anno, il weekend a Villa Sandro Pertini offrir\u00e0 un programma ricco e variegato, con temi affascinanti, degustazioni di prodotti locali e panel di grande interesse. Sono certo \u2013 ha aggiunto &#8211; che questa edizione attirer\u00e0 appassionati e visitatori da molti paesi, e che i turisti che si troveranno qui per caso durante il weekend resteranno piacevolmente sorpresi da una manifestazione cos\u00ec unica e al passo con i tempi, capace di coniugare sostenibilit\u00e0, cultura e gusto in uno scenario cosi verde\u00bb.<br \/>\nLa continuit\u00e0 di temi fra le due edizioni del decennale \u00e8 stato il focus proposto dal presidente del Gal, Cucci: \u00abDopo la sessione primaverile di Hortus Ostuni, sottolineo come il Gal Alto Salento, rafforzi la sua presenza in questa importante manifestazione nazionale, interpretando il ruolo presente e quello futuro dell\u2019istituzione nel territorio dell\u2019Alto Salento \u2013 ha detto -. L\u2019Ente che ho l\u2019onore di presiedere, questa volta, ed in continuit\u00e0 con l\u2019avvio del percorso di conoscenza e contestualizzazione del tema, proporr\u00e0 un ulteriore workshop sul cavallo murgese e a tale incontro ne affiancheremo un altro non meno importante. Ci occuperemo, infatti, di piante aliene, cio\u00e8 di piante considerate estranee all\u2019ambiente in cui attecchiscono e sulla reazione dell\u2019ambiente a questa presenza. Parleremo \u2013 ha proseguito &#8211; delle piante aliene invasive, cio\u00e8 che invadono il territorio. Analizzeremo il fenomeno sotto molteplici aspetti e tutto rapportato alla variazione climatica nello specifico di precipitazioni piovose che nell\u2019anno 2024 sono in percentuale oltre il 40% in meno. Credo che l\u2019argomento sia di estrema attualit\u00e0\u00bb.<br \/>\nA sciorinare i numeri dell\u2019edizione autunnale di Hortus Ostuni, la vicepresidente di Hortus Puglia, Alma Sammarco: \u00abQuella che ci apprestiamo a vivere \u00e8 davvero un\u2019edizione speciale \u2013 ha detto -. Avremo un bel gruppo di oltre 50 espositori provenienti da pi\u00f9 di 10 regioni d\u2019Italia, con piante di ogni tipo. Avremo rose in abbondanza, antiche e moderne; piante tropicali, sub tropicali e agrumi, piante grasse e rarit\u00e0. Se una delle certezze \u00e8 la presenza, fin dalla prima ora, di numerose realt\u00e0 e della rivista \u201cGardenia\u201d \u2013 ha proseguito \u2013 una assoluta novit\u00e0 arriva quest\u2019anno dal lago Maggiore con un vivaista di orchidee che racconter\u00e0 la sua esperienza perch\u00e9 abbiamo avuto spesso richieste di uno spazio appositamente dedicato a queste piante e questo \u00e8 un buon inizio. Ma grazie alle sinergie con l\u2019Universit\u00e0, le associazioni del settore, le realt\u00e0 produttive ci saranno laboratori e incontri da non perdere \u2013 ha proseguito -, con l\u2019attualit\u00e0 sempre al centro dei nostri discorsi, sia che si tratti, ad esempio, di xylella o di mutamenti climatici o di cibo autoprodotto. Saranno tre giorni intensi, davvero da non perdere\u00bb.<br \/>\nE venerd\u00ec 1\u00b0 novembre al pomeriggio si inizia nella splendida ed unica cornice della Villa \u201cSandro Pertini\u201d, degnissima location di Hortus Ostuni, che conclude col botto le due edizioni del Decennale.<\/p>\n","protected":false},"excerpt":{"rendered":"<p>L\u2019intensit\u00e0 e la bellezza dei colori d\u2019autunno, sommati a quelli di maggio scorso, quando si \u00e8 celebrata la sessione primaverile, daranno compiutezza di successo al decennale di Hortus Ostuni, la mostra mercato che dall\u2019esordio si \u00e8 rivelata non solo appuntamento imperdibile per gli appassionati del verde e dei giardini e palcoscenico delle bellezze e delle particolarit\u00e0, ma anche privilegiata offerta di percorsi di conoscenza per la salvaguardia del benessere del pianeta. L\u2019edizione autunnale della manifestazione di Hortus Puglia, con la partecipazione di Comune di Ostuni, Regione Puglia, Provincia di Brindisi, Camera di Commercio Brindisi-Taranto, Gal Alto Salento, Consorzio di Torre Guaceto, Parco naturale Dune Costiere, Parco naturale Regionale Costa Otranto-Santa Maria di Leuca e Bosco di Tricase, Orto Botanico del Salento, Associazione botanica ed Orticolturale A.Di.P.A. e \u00abVille e Giardini di Puglia\u00bb \u00e8 in programma l&#8217;1, 2, 3 novembre presso la Villa Comunale &#8220;Sandro Pertini&#8221; ed \u00e8 stata presentata questa mattina presso il Municipio di Ostuni (Salone dei Sindaci). Il momento di presentazione ha visto gli interventi del vicesindaco Giuseppe&#8230;<\/p>\n","protected":false},"author":2,"featured_media":232950,"comment_status":"open","ping_status":"closed","sticky":false,"template":"","format":"standard","meta":{"footnotes":""},"categories":[7],"tags":[],"class_list":["post-232942","post","type-post","status-publish","format-standard","has-post-thumbnail","hentry","category-news"],"_links":{"self":[{"href":"https:\/\/www.brundisium.net\/index.php\/wp-json\/wp\/v2\/posts\/232942","targetHints":{"allow":["GET"]}}],"collection":[{"href":"https:\/\/www.brundisium.net\/index.php\/wp-json\/wp\/v2\/posts"}],"about":[{"href":"https:\/\/www.brundisium.net\/index.php\/wp-json\/wp\/v2\/types\/post"}],"author":[{"embeddable":true,"href":"https:\/\/www.brundisium.net\/index.php\/wp-json\/wp\/v2\/users\/2"}],"replies":[{"embeddable":true,"href":"https:\/\/www.brundisium.net\/index.php\/wp-json\/wp\/v2\/comments?post=232942"}],"version-history":[{"count":1,"href":"https:\/\/www.brundisium.net\/index.php\/wp-json\/wp\/v2\/posts\/232942\/revisions"}],"predecessor-version":[{"id":232951,"href":"https:\/\/www.brundisium.net\/index.php\/wp-json\/wp\/v2\/posts\/232942\/revisions\/232951"}],"wp:featuredmedia":[{"embeddable":true,"href":"https:\/\/www.brundisium.net\/index.php\/wp-json\/wp\/v2\/media\/232950"}],"wp:attachment":[{"href":"https:\/\/www.brundisium.net\/index.php\/wp-json\/wp\/v2\/media?parent=232942"}],"wp:term":[{"taxonomy":"category","embeddable":true,"href":"https:\/\/www.brundisium.net\/index.php\/wp-json\/wp\/v2\/categories?post=232942"},{"taxonomy":"post_tag","embeddable":true,"href":"https:\/\/www.brundisium.net\/index.php\/wp-json\/wp\/v2\/tags?post=232942"}],"curies":[{"name":"wp","href":"https:\/\/api.w.org\/{rel}","templated":true}]}}