{"id":23516,"date":"2014-10-01T16:40:23","date_gmt":"2014-10-01T14:40:23","guid":{"rendered":"http:\/\/www.brundisium.net\/brun\/?p=23516"},"modified":"2014-10-01T17:08:54","modified_gmt":"2014-10-01T15:08:54","slug":"domani-yurj-buzzi-a-francavilla-per-bibliotheque-il-corto-che-ha-commosso-litalia","status":"publish","type":"post","link":"https:\/\/www.brundisium.net\/index.php\/domani-yurj-buzzi-a-francavilla-per-bibliotheque-il-corto-che-ha-commosso-litalia\/","title":{"rendered":"Domani Yurj Buzzi a Francavilla per Biblioth\u00e8que, il corto che ha commosso l&#8217;Italia"},"content":{"rendered":"<p><a href=\"http:\/\/www.brundisium.net\/brun\/wp-content\/uploads\/2014\/10\/Locandina-Bibliotheque.jpg\"><img loading=\"lazy\" decoding=\"async\" class=\"alignleft size-medium wp-image-23518\" src=\"http:\/\/www.brundisium.net\/brun\/wp-content\/uploads\/2014\/10\/Locandina-Bibliotheque-210x300.jpg\" alt=\"Locandina Bibliotheque\" width=\"210\" height=\"300\" data-id=\"23518\" srcset=\"https:\/\/www.brundisium.net\/brun\/wp-content\/uploads\/2014\/10\/Locandina-Bibliotheque-210x300.jpg 210w, https:\/\/www.brundisium.net\/brun\/wp-content\/uploads\/2014\/10\/Locandina-Bibliotheque-719x1024.jpg 719w, https:\/\/www.brundisium.net\/brun\/wp-content\/uploads\/2014\/10\/Locandina-Bibliotheque.jpg 995w\" sizes=\"auto, (max-width: 210px) 100vw, 210px\" \/><\/a>Gioved\u00ec 2 ottobre alle ore 12, \u201cBiblioth\u00e8que\u201d, famoso cortometraggio che ha commosso l\u2019Italia per aver trattato con delicatezza e freschezza il tema della disabilit\u00e0 ottenendo ben 17 premi nei diversi festival del cinema, sar\u00e0 presentato ufficialmente in Francavilla Fontana, citt\u00e0 del regista Alessandro Zizzo e luogo in cui il corto \u00e8 stato girato. Ospite d\u2019eccezione sar\u00e0 l\u2019attore protagonista, Yurj Buzzi, anche testimonial mondiale della \u201cMartini\u201d dopo George Clooney. L\u2019evento si terr\u00e0 nella Sala del Camino di Castello Imperiali con ingresso libero e gratuito.<\/p>\n<p>&nbsp;<\/p>\n<p>Alla presentazione parteciperanno: il Sindaco di Francavilla Fontana <strong>Maurizio Bruno<\/strong> <strong>anche in qualit\u00e0 di maggior sostenitore della realizzazione del corto, nel periodo in cui rivestiva il ruolo di Assessore Provinciale<\/strong>; l\u2019Assessore alla Cultura e Pubblica Istruzione Anna Maria Padula; l\u2019Assessore alle Politiche Giovanili e Spettacolo, Nicola Cavallo; il produttore e distributore cinematografico di \u201cAnche Cinema\u201d Andrea Costantino; il regista Alessandro Zizzo; il produttore cinematografico del corto in qualit\u00e0 di rappresentante di Southclan Arts Gregorio Mariggi\u00f2; lo scrittore ed ex dirigente scolastico Vincenzo Garganese e lo scrittore e Responsabile dell\u2019Ufficio Iat\/Puglia Promozione Alessandro Rodia.<\/p>\n<p>&nbsp;<\/p>\n<p><strong>L\u2019evento, su iniziativa dell\u2019Amministrazione Comunale di \u201cFrancavilla Fontana &#8211; Citt\u00e0 d\u2019Arte\u201d, \u00e8 organizzato in collaborazione con Ottorino Picardi, curatore organizzativo del SAE, associazione di promozione artistico-culturale che ha contribuito da partner tecnico alla realizzazione dello stesso corto.<\/strong><\/p>\n<p>&nbsp;<\/p>\n<p><strong>Il corto \u00e8 in distribuzione con \u201cAnche Cinema.com\u201d su <a href=\"http:\/\/www.bibliotheque.it\/\">www.bibliotheque.it<\/a> e nelle librerie Feltrinelli ed \u00e8 stato prodotto Southclan Arts con la collaborazione di Ientu Film, Zorobar Produzioni, Assessorato alle Politiche Sociali della Provincia di Brindisi e SAE.<\/strong><\/p>\n<p>&nbsp;<\/p>\n<p>Nella piccola biblioteca di un paese indefinito (in realt\u00e0 Francavilla Fontana), i due protagonisti, Yurj e Giorgia, si incontrano, si guardano, si piacciono: un touch casuale, come tanti, tra due ragazzi diversi, lui disinvolto forestiero, lei timida occhialuta del posto, che sembra introdurci alla pi\u00f9 classica delle trame romantiche sostenuta dal buon ritmo della sceneggiatura. La storia prende corpo cos\u00ec, tra un bigliettino scritto di getto e una conversazione sempre pi\u00f9 curiosa e improbabile, che per\u00f2 ribalta, nel finale inatteso, i clich\u00e8 del plot romantico, grazie al colpo di scena rivelatore, che riqualificher\u00e0 interamente il senso di uno scambio. Uno scambio che assume, nel suo compimento, il sapore dolce-amaro della pi\u00f9 cruda realt\u00e0, oltre che della diversit\u00e0 sofferente. Speranze e disillusioni intridono, in soli 15 minuti, gli occhi ed il cuore dello spettatore, lasciando nel finale aperto, spazio ad una riflessione personale che conferisce ulteriore valore all\u2019estetica generale del progetto. Nell\u2019atmosfera sospesa e magica di una biblioteca che diventa sempre pi\u00f9 un non luogo dove tutto \u00e8 possibile e vero, si sviluppa l\u2019eccellente prova attoriale dei due protagonisti, gi\u00e0 noti al grande pubblico nazionale, per la partecipazione di Yurj Buzzi, attore teatrale e cinematografico, agli spot \u201cMartini\u201d dopo George Clooney, e l\u2019interpretazione di Giorgia Sinicorni, attrice di teatro e cinema, del personaggio di Sofia nella popolare serie televisiva \u201cI Cesaroni\u201d e Squadra Antimafia, Il giovane Montalbano, i videoclip di Vasco Rossi e Biagio Antonacci.<\/p>\n","protected":false},"excerpt":{"rendered":"<p>Gioved\u00ec 2 ottobre alle ore 12, \u201cBiblioth\u00e8que\u201d, famoso cortometraggio che ha commosso l\u2019Italia per aver trattato con delicatezza e freschezza il tema della disabilit\u00e0 ottenendo ben 17 premi nei diversi festival del cinema, sar\u00e0 presentato ufficialmente in Francavilla Fontana, citt\u00e0 del regista Alessandro Zizzo e luogo in cui il corto \u00e8 stato girato. Ospite d\u2019eccezione sar\u00e0 l\u2019attore protagonista, Yurj Buzzi, anche testimonial mondiale della \u201cMartini\u201d dopo George Clooney. L\u2019evento si terr\u00e0 nella Sala del Camino di Castello Imperiali con ingresso libero e gratuito. &nbsp; Alla presentazione parteciperanno: il Sindaco di Francavilla Fontana Maurizio Bruno anche in qualit\u00e0 di maggior sostenitore della realizzazione del corto, nel periodo in cui rivestiva il ruolo di Assessore Provinciale; l\u2019Assessore alla Cultura e Pubblica Istruzione Anna Maria Padula; l\u2019Assessore alle Politiche Giovanili e Spettacolo, Nicola Cavallo; il produttore e distributore cinematografico di \u201cAnche Cinema\u201d Andrea Costantino; il regista Alessandro Zizzo; il produttore cinematografico del corto in qualit\u00e0 di rappresentante di Southclan Arts Gregorio Mariggi\u00f2; lo scrittore ed ex dirigente scolastico Vincenzo Garganese e lo scrittore&#8230;<\/p>\n","protected":false},"author":2,"featured_media":3473,"comment_status":"open","ping_status":"closed","sticky":false,"template":"","format":"standard","meta":{"footnotes":""},"categories":[700,198,7],"tags":[],"class_list":["post-23516","post","type-post","status-publish","format-standard","has-post-thumbnail","hentry","category-cinema","category-cultura-2","category-news"],"_links":{"self":[{"href":"https:\/\/www.brundisium.net\/index.php\/wp-json\/wp\/v2\/posts\/23516","targetHints":{"allow":["GET"]}}],"collection":[{"href":"https:\/\/www.brundisium.net\/index.php\/wp-json\/wp\/v2\/posts"}],"about":[{"href":"https:\/\/www.brundisium.net\/index.php\/wp-json\/wp\/v2\/types\/post"}],"author":[{"embeddable":true,"href":"https:\/\/www.brundisium.net\/index.php\/wp-json\/wp\/v2\/users\/2"}],"replies":[{"embeddable":true,"href":"https:\/\/www.brundisium.net\/index.php\/wp-json\/wp\/v2\/comments?post=23516"}],"version-history":[{"count":1,"href":"https:\/\/www.brundisium.net\/index.php\/wp-json\/wp\/v2\/posts\/23516\/revisions"}],"predecessor-version":[{"id":23520,"href":"https:\/\/www.brundisium.net\/index.php\/wp-json\/wp\/v2\/posts\/23516\/revisions\/23520"}],"wp:featuredmedia":[{"embeddable":true,"href":"https:\/\/www.brundisium.net\/index.php\/wp-json\/wp\/v2\/media\/3473"}],"wp:attachment":[{"href":"https:\/\/www.brundisium.net\/index.php\/wp-json\/wp\/v2\/media?parent=23516"}],"wp:term":[{"taxonomy":"category","embeddable":true,"href":"https:\/\/www.brundisium.net\/index.php\/wp-json\/wp\/v2\/categories?post=23516"},{"taxonomy":"post_tag","embeddable":true,"href":"https:\/\/www.brundisium.net\/index.php\/wp-json\/wp\/v2\/tags?post=23516"}],"curies":[{"name":"wp","href":"https:\/\/api.w.org\/{rel}","templated":true}]}}