{"id":236611,"date":"2025-01-03T16:01:14","date_gmt":"2025-01-03T15:01:14","guid":{"rendered":"https:\/\/www.brundisium.net\/?p=236611"},"modified":"2025-01-03T16:01:14","modified_gmt":"2025-01-03T15:01:14","slug":"allunare-duo-un-viaggio-musicale-nel-cuore-del-novecento-appuntamento-il-4-gennaio-allex-convento-di-santa-chiara-a-brindisi","status":"publish","type":"post","link":"https:\/\/www.brundisium.net\/index.php\/allunare-duo-un-viaggio-musicale-nel-cuore-del-novecento-appuntamento-il-4-gennaio-allex-convento-di-santa-chiara-a-brindisi\/","title":{"rendered":"Allunare Duo, un viaggio musicale nel cuore del Novecento: appuntamento il 4 gennaio all&#8217;Ex Convento di Santa Chiara a Brindisi"},"content":{"rendered":"<p>Brindisi, Domani, 4 gennaio 2025, alle ore 20:00, non perdere presso l&#8217;Ex Convento di Santa Chiara a Brindisi (vicino al Duomo) il concerto di: &#8220;Allunare Duo: Un viaggio musicale nel cuore del Novecento&#8221;.<\/p>\n<p>Serena Dipalma e Susanna Curci, flauto e arpa, guideranno il pubblico in un&#8217;esplorazione inedita del repertorio del Novecento, tra sperimentazione e riscoperta di antiche radici.<\/p>\n<p>Il programma, ricco e variegato, proporr\u00e0 brani di compositori come Erik Satie, Andr\u00e9 Jolivet, Benjamin Britten, accostati a sonorit\u00e0 contemporanee di artiste come Kate Bush, Bj\u00f6rk e T\u014dru Takemitsu. Un&#8217;occasione imperdibile per scoprire la bellezza e la variet\u00e0 di un repertorio spesso poco conosciuto.<\/p>\n<p>&#8220;La festa di Natale \u00e8 quella luce fioca nel buio del cuore e del tempo che ci sorprendiamo a fissare con una volont\u00e0 immobile ed estranea e con una fede che credevamo perduta. Quel bagliore nascente scalda, ma illumina anche e quindi definisce ci\u00f2 che il buio nasconde ammantando: la nostra miseria profonda, la nostra estrema vulnerabilit\u00e0. Il repertorio che proponiamo \u00e8 una discesa in questa ferita, spazio di dolore ma unico portale possibile da cui ricevere e dare amore&#8221;, affermano le musiciste.<\/p>\n<p>L&#8217;atmosfera suggestiva dell&#8217;Ex Convento di Santa Chiara, luogo ricco di storia e fascino, contribuir\u00e0 a rendere l&#8217;esperienza sensoriale ancora pi\u00f9 indimenticabile.<\/p>\n<p>Allunare Duo<\/p>\n<p>Serena Dipalma e Susanna Curci, musiciste di talento con una solida formazione e una grande passione per la musica da camera, conquisteranno il pubblico con la loro bravura e la loro intesa.<\/p>\n<p>Informazioni<\/p>\n<p>    Data e ora: 4 gennaio 2025, ore 20:00 (si richiede puntualit\u00e0)<br \/>\n    Luogo: Ex Convento di Santa Chiara, Brindisi (vicino al Duomo)<br \/>\n    Prenotazione obbligatoria: https:\/\/allunareduobrindisi.eventbrite.it<br \/>\n    Info e prenotazioni telefoniche: 08311561076 | 380 58 46 315 (anche WhatsApp)<br \/>\n    Possibilit\u00e0 di effettuare il biglietto anche in sede 20 minuti prima dell&#8217;evento.<\/p>\n<p>A chiusura di serata, il nostro main partner &#8220;Cantine Risveglio&#8221; ci far\u00e0 riscoprire le fragranze e i sapori dei loro prodotti attraverso un angolo di informazione e degustazione.<\/p>\n<p>L&#8217;evento \u00e8 inserito nel programma natalizio &#8220;Brindisi e il Natale diffuso&#8221;, patrocinato dal Comune di Brindisi e la Fondazione Nuovo Teatro Verdi<\/p>\n<p>Yeahjasi Brindisi A.P.S.<br \/>\nCircolo ARCI<\/p>\n","protected":false},"excerpt":{"rendered":"<p>Brindisi, Domani, 4 gennaio 2025, alle ore 20:00, non perdere presso l&#8217;Ex Convento di Santa Chiara a Brindisi (vicino al Duomo) il concerto di: &#8220;Allunare Duo: Un viaggio musicale nel cuore del Novecento&#8221;. Serena Dipalma e Susanna Curci, flauto e arpa, guideranno il pubblico in un&#8217;esplorazione inedita del repertorio del Novecento, tra sperimentazione e riscoperta di antiche radici. Il programma, ricco e variegato, proporr\u00e0 brani di compositori come Erik Satie, Andr\u00e9 Jolivet, Benjamin Britten, accostati a sonorit\u00e0 contemporanee di artiste come Kate Bush, Bj\u00f6rk e T\u014dru Takemitsu. Un&#8217;occasione imperdibile per scoprire la bellezza e la variet\u00e0 di un repertorio spesso poco conosciuto. &#8220;La festa di Natale \u00e8 quella luce fioca nel buio del cuore e del tempo che ci sorprendiamo a fissare con una volont\u00e0 immobile ed estranea e con una fede che credevamo perduta. Quel bagliore nascente scalda, ma illumina anche e quindi definisce ci\u00f2 che il buio nasconde ammantando: la nostra miseria profonda, la nostra estrema vulnerabilit\u00e0. Il repertorio che proponiamo \u00e8 una discesa in questa ferita, spazio&#8230;<\/p>\n","protected":false},"author":2,"featured_media":236612,"comment_status":"open","ping_status":"closed","sticky":false,"template":"","format":"standard","meta":{"footnotes":""},"categories":[7],"tags":[],"class_list":["post-236611","post","type-post","status-publish","format-standard","has-post-thumbnail","hentry","category-news"],"_links":{"self":[{"href":"https:\/\/www.brundisium.net\/index.php\/wp-json\/wp\/v2\/posts\/236611","targetHints":{"allow":["GET"]}}],"collection":[{"href":"https:\/\/www.brundisium.net\/index.php\/wp-json\/wp\/v2\/posts"}],"about":[{"href":"https:\/\/www.brundisium.net\/index.php\/wp-json\/wp\/v2\/types\/post"}],"author":[{"embeddable":true,"href":"https:\/\/www.brundisium.net\/index.php\/wp-json\/wp\/v2\/users\/2"}],"replies":[{"embeddable":true,"href":"https:\/\/www.brundisium.net\/index.php\/wp-json\/wp\/v2\/comments?post=236611"}],"version-history":[{"count":1,"href":"https:\/\/www.brundisium.net\/index.php\/wp-json\/wp\/v2\/posts\/236611\/revisions"}],"predecessor-version":[{"id":236613,"href":"https:\/\/www.brundisium.net\/index.php\/wp-json\/wp\/v2\/posts\/236611\/revisions\/236613"}],"wp:featuredmedia":[{"embeddable":true,"href":"https:\/\/www.brundisium.net\/index.php\/wp-json\/wp\/v2\/media\/236612"}],"wp:attachment":[{"href":"https:\/\/www.brundisium.net\/index.php\/wp-json\/wp\/v2\/media?parent=236611"}],"wp:term":[{"taxonomy":"category","embeddable":true,"href":"https:\/\/www.brundisium.net\/index.php\/wp-json\/wp\/v2\/categories?post=236611"},{"taxonomy":"post_tag","embeddable":true,"href":"https:\/\/www.brundisium.net\/index.php\/wp-json\/wp\/v2\/tags?post=236611"}],"curies":[{"name":"wp","href":"https:\/\/api.w.org\/{rel}","templated":true}]}}