{"id":23670,"date":"2014-10-02T23:15:01","date_gmt":"2014-10-02T21:15:01","guid":{"rendered":"http:\/\/www.brundisium.net\/brun\/?p=23670"},"modified":"2014-10-03T09:25:36","modified_gmt":"2014-10-03T07:25:36","slug":"labdem-domani-a-mesagne-pittella-ed-emiliano","status":"publish","type":"post","link":"https:\/\/www.brundisium.net\/index.php\/labdem-domani-a-mesagne-pittella-ed-emiliano\/","title":{"rendered":"LabDem: domani a Mesagne Pittella ed Emiliano"},"content":{"rendered":"<p>La fase politica, sociale, economica, che sta caratterizzando la nostra regione, il Paese, il territorio brindisino, \u00e8 importante, delicata, e richiede lungimiranza, concretezza e impegno da parte di tutte le forze politiche, le realt\u00e0 istituzionali, territoriali, imprenditoriali, gli stessi cittadini. In un contesto che vedr\u00e0 nel mese prossimo le Primarie per la scelta del Candidato Presidente del Centro Sinistra alle elezioni Regionali tra qualche mese, il Partito Democratico deve prendere sempre pi\u00f9 coscienza del proprio ruolo, propositivo e strategico, per il rilancio di politiche riformiste e concrete per combattere la crisi economica, la disoccupazione, il precariato, per le istanze dei cittadini e le famiglie bisognose.<br \/>\nPer questo, per una politica diversa, per il pieno sostegno alla candidatura del Segretario Regionale Pd Michele Emiliano alla Regione Puglia, scende in campo l\u2019 area riformista del Pd, Labdem ( Laboratorio Democratico). Labdem ( che ha come leader l\u2019 on. Gianni Pittella, Presidente del Gruppo Socialisti e Democratici al Parlamento Europeo), si riconosce nei valori di onest\u00e0, dedizione, impegno per il bene comune, che stanno caratterizzando il contributo di valide risorse come il Coordinatore Regionale e componente della segreteria regionale Pd Mino Carriero, della Coordinatrice Provinciale Anna Maria Scalera e di tutti coloro che vogliono continuare ad operare e fornire idee per un futuro migliore e una politica pi\u00f9 vicina alla gente.<br \/>\n\u201c Puglia Regione d\u2019Europa\u201d, \u00e8 il titolo dell\u2019 iniziativa-incontro con Gianni Pittella che si terr\u00e0 a Mesagne sabato 4 ottobre, alle ore 19.30, presso l\u2019 Auditorium del Castello. Interverranno Michele Emiliano, e Mino Carriero, in un\u2019 iniziativa da non perdere, in cui si parler\u00e0 quindi( e non solo) delle varie problematiche che attanagliano una Puglia che tuttavia vuole rinascere definitivamente ed avere un ruolo importante e di centralit\u00e0 nell\u2019 Europa che vogliamo.<\/p>\n<p>&nbsp;<\/p>\n<p><strong>LABDEM BRINDISI<\/strong><\/p>\n","protected":false},"excerpt":{"rendered":"<p>La fase politica, sociale, economica, che sta caratterizzando la nostra regione, il Paese, il territorio brindisino, \u00e8 importante, delicata, e richiede lungimiranza, concretezza e impegno da parte di tutte le forze politiche, le realt\u00e0 istituzionali, territoriali, imprenditoriali, gli stessi cittadini. In un contesto che vedr\u00e0 nel mese prossimo le Primarie per la scelta del Candidato Presidente del Centro Sinistra alle elezioni Regionali tra qualche mese, il Partito Democratico deve prendere sempre pi\u00f9 coscienza del proprio ruolo, propositivo e strategico, per il rilancio di politiche riformiste e concrete per combattere la crisi economica, la disoccupazione, il precariato, per le istanze dei cittadini e le famiglie bisognose. Per questo, per una politica diversa, per il pieno sostegno alla candidatura del Segretario Regionale Pd Michele Emiliano alla Regione Puglia, scende in campo l\u2019 area riformista del Pd, Labdem ( Laboratorio Democratico). Labdem ( che ha come leader l\u2019 on. Gianni Pittella, Presidente del Gruppo Socialisti e Democratici al Parlamento Europeo), si riconosce nei valori di onest\u00e0, dedizione, impegno per il bene comune, che&#8230;<\/p>\n","protected":false},"author":2,"featured_media":23671,"comment_status":"open","ping_status":"closed","sticky":false,"template":"","format":"standard","meta":{"footnotes":""},"categories":[7],"tags":[590,347,1161,210],"class_list":["post-23670","post","type-post","status-publish","format-standard","has-post-thumbnail","hentry","category-news","tag-amministrative-francavilla","tag-emiliano","tag-labdem","tag-mesagne"],"_links":{"self":[{"href":"https:\/\/www.brundisium.net\/index.php\/wp-json\/wp\/v2\/posts\/23670","targetHints":{"allow":["GET"]}}],"collection":[{"href":"https:\/\/www.brundisium.net\/index.php\/wp-json\/wp\/v2\/posts"}],"about":[{"href":"https:\/\/www.brundisium.net\/index.php\/wp-json\/wp\/v2\/types\/post"}],"author":[{"embeddable":true,"href":"https:\/\/www.brundisium.net\/index.php\/wp-json\/wp\/v2\/users\/2"}],"replies":[{"embeddable":true,"href":"https:\/\/www.brundisium.net\/index.php\/wp-json\/wp\/v2\/comments?post=23670"}],"version-history":[{"count":1,"href":"https:\/\/www.brundisium.net\/index.php\/wp-json\/wp\/v2\/posts\/23670\/revisions"}],"predecessor-version":[{"id":23672,"href":"https:\/\/www.brundisium.net\/index.php\/wp-json\/wp\/v2\/posts\/23670\/revisions\/23672"}],"wp:featuredmedia":[{"embeddable":true,"href":"https:\/\/www.brundisium.net\/index.php\/wp-json\/wp\/v2\/media\/23671"}],"wp:attachment":[{"href":"https:\/\/www.brundisium.net\/index.php\/wp-json\/wp\/v2\/media?parent=23670"}],"wp:term":[{"taxonomy":"category","embeddable":true,"href":"https:\/\/www.brundisium.net\/index.php\/wp-json\/wp\/v2\/categories?post=23670"},{"taxonomy":"post_tag","embeddable":true,"href":"https:\/\/www.brundisium.net\/index.php\/wp-json\/wp\/v2\/tags?post=23670"}],"curies":[{"name":"wp","href":"https:\/\/api.w.org\/{rel}","templated":true}]}}