{"id":236967,"date":"2025-01-12T16:28:27","date_gmt":"2025-01-12T15:28:27","guid":{"rendered":"https:\/\/www.brundisium.net\/?p=236967"},"modified":"2025-01-12T16:28:27","modified_gmt":"2025-01-12T15:28:27","slug":"cannalire-bene-convocazione-assemblea-sindaci-occasione-per-illustrare-investimenti-dellasl-brindisi-superando-propaganda-e-demagogia","status":"publish","type":"post","link":"https:\/\/www.brundisium.net\/index.php\/cannalire-bene-convocazione-assemblea-sindaci-occasione-per-illustrare-investimenti-dellasl-brindisi-superando-propaganda-e-demagogia\/","title":{"rendered":"Cannalire: \u201cBene convocazione assemblea sindaci. Occasione per illustrare investimenti dell\u2019Asl Brindisi, superando propaganda e demagogia\u201d"},"content":{"rendered":"<p>La proposta del sindaco Marchionna di convocare l\u2019assemblea dei sindaci per discutere delle potenzialit\u00e0 e delle criticit\u00e0 del comparto sanitario in provincia di Brindisi, seppur tardiva, pu\u00f2 e deve far emergere la reale condizione della sanit\u00e0 provinciale e dovrebbe permettere di affrontare le vere criticit\u00e0 senza scadere in propaganda e demagogia.<br \/>\nSar\u00e0 l\u2019occasione finalmente in cui, nello spessore del confronto e della rappresentanza istituzionale che caratterizza l\u2019assemblea, dovranno necessariamente emergere le responsabilit\u00e0 di coloro i quali nei propri incarichi, sia di gestione diretta che di rappresentanza delle professioni, hanno avuto un ruolo nell\u2019involuzione della sanit\u00e0 brindisina negli ultimi 10 anni e, in parte, anche nel presente.<br \/>\nQuesta operazione verit\u00e0 non \u00e8 pi\u00f9 procrastinabile e se l\u2019assemblea dei sindaci affronter\u00e0 con coraggio e determinazione le questioni, isolando coloro i quali verranno individuati come i responsabili di tale situazione, allora si potr\u00e0 dire di aver fatto un ottimo lavoro che, per onest\u00e0 intellettuale, sar\u00e0 riconosciuto. Se diversamente la riunione verr\u00e0 trasformata nell\u2019ennesima passerella utile a qualche titolo di giornale, ogni speranza di chiarezza sar\u00e0 vanificato.<br \/>\nPerci\u00f2 l\u2019assemblea dar\u00e0 la possibilit\u00e0 al Presidente Michele Emiliano e al Direttore Generale dell\u2019Asl Brindisi Maurizio De Nuccio di illustrare in maniera diretta, chiara e senza strumentalizzazioni tutti gli sforzi fatti e tutti gli investimenti finalizzati e previsti per il rilancio della sanit\u00e0 brindisina.<br \/>\nSiamo certi d\u2019altronde che tutti i sindaci, opportunamente coinvolti e al netto dell\u2019appartenenza politica, avranno il solo e unico obiettivo di lavorare in maniera determinata e corale per bene delle comunit\u00e0 che hanno l\u2019onore di rappresentare. <\/p>\n<p>Francesco Cannalire, segretario cittadino PD Brindisi e consigliere comunale Brindisi <\/p>\n","protected":false},"excerpt":{"rendered":"<p>La proposta del sindaco Marchionna di convocare l\u2019assemblea dei sindaci per discutere delle potenzialit\u00e0 e delle criticit\u00e0 del comparto sanitario in provincia di Brindisi, seppur tardiva, pu\u00f2 e deve far emergere la reale condizione della sanit\u00e0 provinciale e dovrebbe permettere di affrontare le vere criticit\u00e0 senza scadere in propaganda e demagogia. Sar\u00e0 l\u2019occasione finalmente in cui, nello spessore del confronto e della rappresentanza istituzionale che caratterizza l\u2019assemblea, dovranno necessariamente emergere le responsabilit\u00e0 di coloro i quali nei propri incarichi, sia di gestione diretta che di rappresentanza delle professioni, hanno avuto un ruolo nell\u2019involuzione della sanit\u00e0 brindisina negli ultimi 10 anni e, in parte, anche nel presente. Questa operazione verit\u00e0 non \u00e8 pi\u00f9 procrastinabile e se l\u2019assemblea dei sindaci affronter\u00e0 con coraggio e determinazione le questioni, isolando coloro i quali verranno individuati come i responsabili di tale situazione, allora si potr\u00e0 dire di aver fatto un ottimo lavoro che, per onest\u00e0 intellettuale, sar\u00e0 riconosciuto. Se diversamente la riunione verr\u00e0 trasformata nell\u2019ennesima passerella utile a qualche titolo di giornale, ogni speranza di&#8230;<\/p>\n","protected":false},"author":2,"featured_media":229748,"comment_status":"open","ping_status":"closed","sticky":false,"template":"","format":"standard","meta":{"footnotes":""},"categories":[7],"tags":[],"class_list":["post-236967","post","type-post","status-publish","format-standard","has-post-thumbnail","hentry","category-news"],"_links":{"self":[{"href":"https:\/\/www.brundisium.net\/index.php\/wp-json\/wp\/v2\/posts\/236967","targetHints":{"allow":["GET"]}}],"collection":[{"href":"https:\/\/www.brundisium.net\/index.php\/wp-json\/wp\/v2\/posts"}],"about":[{"href":"https:\/\/www.brundisium.net\/index.php\/wp-json\/wp\/v2\/types\/post"}],"author":[{"embeddable":true,"href":"https:\/\/www.brundisium.net\/index.php\/wp-json\/wp\/v2\/users\/2"}],"replies":[{"embeddable":true,"href":"https:\/\/www.brundisium.net\/index.php\/wp-json\/wp\/v2\/comments?post=236967"}],"version-history":[{"count":1,"href":"https:\/\/www.brundisium.net\/index.php\/wp-json\/wp\/v2\/posts\/236967\/revisions"}],"predecessor-version":[{"id":236968,"href":"https:\/\/www.brundisium.net\/index.php\/wp-json\/wp\/v2\/posts\/236967\/revisions\/236968"}],"wp:featuredmedia":[{"embeddable":true,"href":"https:\/\/www.brundisium.net\/index.php\/wp-json\/wp\/v2\/media\/229748"}],"wp:attachment":[{"href":"https:\/\/www.brundisium.net\/index.php\/wp-json\/wp\/v2\/media?parent=236967"}],"wp:term":[{"taxonomy":"category","embeddable":true,"href":"https:\/\/www.brundisium.net\/index.php\/wp-json\/wp\/v2\/categories?post=236967"},{"taxonomy":"post_tag","embeddable":true,"href":"https:\/\/www.brundisium.net\/index.php\/wp-json\/wp\/v2\/tags?post=236967"}],"curies":[{"name":"wp","href":"https:\/\/api.w.org\/{rel}","templated":true}]}}