{"id":237091,"date":"2025-01-14T15:42:25","date_gmt":"2025-01-14T14:42:25","guid":{"rendered":"https:\/\/www.brundisium.net\/?p=237091"},"modified":"2025-01-14T15:42:25","modified_gmt":"2025-01-14T14:42:25","slug":"eridano-cooperativa-sociale-si-presenta-il-progetto-mai-piu-soli","status":"publish","type":"post","link":"https:\/\/www.brundisium.net\/index.php\/eridano-cooperativa-sociale-si-presenta-il-progetto-mai-piu-soli\/","title":{"rendered":"Eridano Cooperativa Sociale: si presenta il progetto &#8220;Mai pi\u00f9 soli&#8221;"},"content":{"rendered":"<p>Il prossimo 16 gennaio alle ore 18:00 presso Movimenti Laboratorio Urbano in via Felice Carena a Brindisi sar\u00e0 ufficialmente presentato \u201cMai pi\u00f9 soli\u201d, progetto sostenuto da Fondazione CON IL SUD attraverso la quinta edizione del Bando Socio-Sanitario.<br \/>\nIl progetto, presentato da ERIDANO COOPERATIVA SOCIALE in collaborazione con il  Consorzio Nazionale Cgm, l\u2019Universit\u00e0 del Salento, Auser Brindisi, Alzheimer Bari, la cooperativa \u201cGiro di Boa\u201d di Mesagne e l\u2019associazione \u201cPortatori  di gioia\u201d di Ceglie Messapica, intende offrire supporto a quanti affrontano quotidianamente la cura e l&#8217;assistenza delle persone affette da demenza o malattia di Alzheimer. Partners istituzionali del progetto sono il Comune di Brindisi, l\u2019ASL di Brindisi ed il Comune di Cellino San Marco. Queste ultime, in particolare, siedono al tavolo della Dementhia Friendly Community di Cellino San Marco nell\u2019ambito delle cui iniziative lo stesso progetto \u00e8 maturato.<br \/>\nDa quando l\u2019avviso \u00e8 stato reso pubblico abbiamo perseguito l\u2019obiettivo del finanziamento con grande determinazione. Non potevamo restare indifferenti n\u00e9 sostenere psicologicamente i vissuti di abbandono e disperazione riportati dai tanti caregivers incontrati presso il Centro Diurno per l\u2019Alzheimer e negli incontri promossi dalla Comunit\u00e0 Amica delle Persone Con Demenza. Siamo consapevoli che non saremo in grado di dare a tutti risposte efficaci ed esaustive ma siamo convinti che, grazie al progetto, potremo dimostrare che, anche per affrontare il problema sanitario e sociale che l\u2019aumento esponenziale delle persone affette da demenza rappresenta, \u00e8 necessario superare l\u2019approccio assistenziale e costruire processi di welfare comunitario \u201csostenibili ed innovativi\u201d.<br \/>\nL&#8217;evento sar\u00e0 l\u2019occasione per richiamare l&#8217;attenzione, anche politica, sulla difficile situazione che vivono le persone ammalate di Alzheimer ed i loro caregivers e sull&#8217;urgenza di mettere in campo politiche di supporto adeguate. Per questo motivo abbiamo chiesto di intervenire, e cogliamo l\u2019occasione per ringraziarli di aver accettato il nostro invito, la Presidente del Consiglio Regionale Loredana Capone, il Direttore del Dipartimento Welfare Valentina Romano, il Portavoce del Forum del Terzo Settore Puglia Davide Giove e la Presidente della Federazione Alzheimer Italia Katia Pinto.<br \/>\nLa partecipazione pertanto, oltre che l\u2019occasione per conoscere gli interventi che saranno realizzati sul territorio provinciale nei prossimi tre anni, sar\u00e0 una importante manifestazione di solidariet\u00e0 a queste persone che, pur vivendo sofferenze indicibili, non hanno capacit\u00e0 e possibilit\u00e0 di esprimerle. <\/p>\n<p> Eridano Cooperativa Sociale<\/p>\n","protected":false},"excerpt":{"rendered":"<p>Il prossimo 16 gennaio alle ore 18:00 presso Movimenti Laboratorio Urbano in via Felice Carena a Brindisi sar\u00e0 ufficialmente presentato \u201cMai pi\u00f9 soli\u201d, progetto sostenuto da Fondazione CON IL SUD attraverso la quinta edizione del Bando Socio-Sanitario. Il progetto, presentato da ERIDANO COOPERATIVA SOCIALE in collaborazione con il Consorzio Nazionale Cgm, l\u2019Universit\u00e0 del Salento, Auser Brindisi, Alzheimer Bari, la cooperativa \u201cGiro di Boa\u201d di Mesagne e l\u2019associazione \u201cPortatori di gioia\u201d di Ceglie Messapica, intende offrire supporto a quanti affrontano quotidianamente la cura e l&#8217;assistenza delle persone affette da demenza o malattia di Alzheimer. Partners istituzionali del progetto sono il Comune di Brindisi, l\u2019ASL di Brindisi ed il Comune di Cellino San Marco. Queste ultime, in particolare, siedono al tavolo della Dementhia Friendly Community di Cellino San Marco nell\u2019ambito delle cui iniziative lo stesso progetto \u00e8 maturato. Da quando l\u2019avviso \u00e8 stato reso pubblico abbiamo perseguito l\u2019obiettivo del finanziamento con grande determinazione. Non potevamo restare indifferenti n\u00e9 sostenere psicologicamente i vissuti di abbandono e disperazione riportati dai tanti caregivers incontrati presso&#8230;<\/p>\n","protected":false},"author":2,"featured_media":237094,"comment_status":"open","ping_status":"closed","sticky":false,"template":"","format":"standard","meta":{"footnotes":""},"categories":[7],"tags":[],"class_list":["post-237091","post","type-post","status-publish","format-standard","has-post-thumbnail","hentry","category-news"],"_links":{"self":[{"href":"https:\/\/www.brundisium.net\/index.php\/wp-json\/wp\/v2\/posts\/237091","targetHints":{"allow":["GET"]}}],"collection":[{"href":"https:\/\/www.brundisium.net\/index.php\/wp-json\/wp\/v2\/posts"}],"about":[{"href":"https:\/\/www.brundisium.net\/index.php\/wp-json\/wp\/v2\/types\/post"}],"author":[{"embeddable":true,"href":"https:\/\/www.brundisium.net\/index.php\/wp-json\/wp\/v2\/users\/2"}],"replies":[{"embeddable":true,"href":"https:\/\/www.brundisium.net\/index.php\/wp-json\/wp\/v2\/comments?post=237091"}],"version-history":[{"count":2,"href":"https:\/\/www.brundisium.net\/index.php\/wp-json\/wp\/v2\/posts\/237091\/revisions"}],"predecessor-version":[{"id":237096,"href":"https:\/\/www.brundisium.net\/index.php\/wp-json\/wp\/v2\/posts\/237091\/revisions\/237096"}],"wp:featuredmedia":[{"embeddable":true,"href":"https:\/\/www.brundisium.net\/index.php\/wp-json\/wp\/v2\/media\/237094"}],"wp:attachment":[{"href":"https:\/\/www.brundisium.net\/index.php\/wp-json\/wp\/v2\/media?parent=237091"}],"wp:term":[{"taxonomy":"category","embeddable":true,"href":"https:\/\/www.brundisium.net\/index.php\/wp-json\/wp\/v2\/categories?post=237091"},{"taxonomy":"post_tag","embeddable":true,"href":"https:\/\/www.brundisium.net\/index.php\/wp-json\/wp\/v2\/tags?post=237091"}],"curies":[{"name":"wp","href":"https:\/\/api.w.org\/{rel}","templated":true}]}}