{"id":237231,"date":"2025-01-17T08:31:44","date_gmt":"2025-01-17T07:31:44","guid":{"rendered":"https:\/\/www.brundisium.net\/?p=237231"},"modified":"2025-01-17T08:31:44","modified_gmt":"2025-01-17T07:31:44","slug":"fasano-il-comune-invita-associazioni-e-cittadini-ad-aderire-a-millumino-di-meno","status":"publish","type":"post","link":"https:\/\/www.brundisium.net\/index.php\/fasano-il-comune-invita-associazioni-e-cittadini-ad-aderire-a-millumino-di-meno\/","title":{"rendered":"Fasano, il Comune invita associazioni e cittadini ad aderire a \u201cM\u2019illumino di meno\u201d"},"content":{"rendered":"<p> Per il quarto anno consecutivo il Comune di Fasano aderisce alla campagna \u00abM\u2019illumino di meno\u00bb promossa dalla trasmissione radiofonica \u00abCaterpillar\u00bb di Rai Radio 2 che si celebrer\u00e0 dal 16 al 21 febbraio nell\u2019ambito della \u00abGiornata Nazionale del Risparmio Energetico e degli Stili di Vita Sostenibili\u00bb. <\/p>\n<p>Spegnere, pedalare, rinverdire. Queste le tre colonne portanti della manifestazione che invita tutti i cittadini a mettere in pratica buone prassi nel segno della sostenibilit\u00e0: silenzio energetico, piantumazione di nuovi alberi, attivit\u00e0 con materiali di recupero, rinuncia al \u201cfast fashion\u201d, manifestazioni pubbliche e dibattiti, rinuncia all\u2019utilizzo dell\u2019automobile per un giorno, prediligendo una camminata oppure la bicicletta. <\/p>\n<p>Aderire \u00e8 semplice e lo si pu\u00f2 fare spontaneamente, in gruppo o in associazione. Chi vorr\u00e0 entro il 14 febbraio potr\u00e0 comunicare al Comune l\u2019iniziativa che si intende organizzare e promuovere compilando l\u2019apposito form della campagna al seguente modulo: https:\/\/forms.gle\/wXx44YD62vsCDmps8 . <\/p>\n<p>\u00ab\u00c8 ormai una bella tradizione per la nostra citt\u00e0 aderire a questa campagna \u2013 spiega il sindaco Francesco Zaccaria \u2013 per sensibilizzare tutti sull\u2019importanza della sostenibilit\u00e0 ambientale, del risparmio energetico e della tutela del Pianeta. Quest\u2019anno lo facciamo con pi\u00f9 forza e convinzione dopo aver approvato il PAESC (Piano d&#8217;azione per l&#8217;energia sostenibile e il clima), il documento con il quale la nostra comunit\u00e0 si impegna a ridurre le emissioni di CO2 del 40% entro il 2030 in linea con le principali citt\u00e0 europee.\u00bb.<\/p>\n<p>\u00ab\u00c8 un movimento che cresce ogni anno, soprattutto grazie al forte contributo delle scuole e delle associazioni \u2013 dichiara Oronzo Rubino, consigliere comunale \u2013 anche nella nostra comunit\u00e0. &#8220;M&#8217;Illumino di Meno&#8221; non \u00e8 solo un evento, \u00e8 un modo per riscoprire un rapporto pi\u00f9 equilibrato e rispettoso con il nostro pianeta. L\u2019obiettivo infatti \u00e8 quello di sfruttare questa occasione per far riflettere su come ogni nostro gesto quotidiano pu\u00f2 contribuire ad un futuro pi\u00f9 sostenibile. Un piccolo passo, compiuto insieme, pu\u00f2 fare una grande differenza.\u00bb. <\/p>\n<p>Come gi\u00e0 avvenuto nelle precedenti edizioni, gli eventi promossi sul territorio saranno  raccolti in un unico grande racconto video finale.<\/p>\n<p>Ufficio Stampa<br \/>\nCitt\u00e0 di Fasano<\/p>\n","protected":false},"excerpt":{"rendered":"<p>Per il quarto anno consecutivo il Comune di Fasano aderisce alla campagna \u00abM\u2019illumino di meno\u00bb promossa dalla trasmissione radiofonica \u00abCaterpillar\u00bb di Rai Radio 2 che si celebrer\u00e0 dal 16 al 21 febbraio nell\u2019ambito della \u00abGiornata Nazionale del Risparmio Energetico e degli Stili di Vita Sostenibili\u00bb. Spegnere, pedalare, rinverdire. Queste le tre colonne portanti della manifestazione che invita tutti i cittadini a mettere in pratica buone prassi nel segno della sostenibilit\u00e0: silenzio energetico, piantumazione di nuovi alberi, attivit\u00e0 con materiali di recupero, rinuncia al \u201cfast fashion\u201d, manifestazioni pubbliche e dibattiti, rinuncia all\u2019utilizzo dell\u2019automobile per un giorno, prediligendo una camminata oppure la bicicletta. Aderire \u00e8 semplice e lo si pu\u00f2 fare spontaneamente, in gruppo o in associazione. Chi vorr\u00e0 entro il 14 febbraio potr\u00e0 comunicare al Comune l\u2019iniziativa che si intende organizzare e promuovere compilando l\u2019apposito form della campagna al seguente modulo: https:\/\/forms.gle\/wXx44YD62vsCDmps8 . \u00ab\u00c8 ormai una bella tradizione per la nostra citt\u00e0 aderire a questa campagna \u2013 spiega il sindaco Francesco Zaccaria \u2013 per sensibilizzare tutti sull\u2019importanza della sostenibilit\u00e0 ambientale, del&#8230;<\/p>\n","protected":false},"author":2,"featured_media":125905,"comment_status":"open","ping_status":"closed","sticky":false,"template":"","format":"standard","meta":{"footnotes":""},"categories":[7],"tags":[],"class_list":["post-237231","post","type-post","status-publish","format-standard","has-post-thumbnail","hentry","category-news"],"_links":{"self":[{"href":"https:\/\/www.brundisium.net\/index.php\/wp-json\/wp\/v2\/posts\/237231","targetHints":{"allow":["GET"]}}],"collection":[{"href":"https:\/\/www.brundisium.net\/index.php\/wp-json\/wp\/v2\/posts"}],"about":[{"href":"https:\/\/www.brundisium.net\/index.php\/wp-json\/wp\/v2\/types\/post"}],"author":[{"embeddable":true,"href":"https:\/\/www.brundisium.net\/index.php\/wp-json\/wp\/v2\/users\/2"}],"replies":[{"embeddable":true,"href":"https:\/\/www.brundisium.net\/index.php\/wp-json\/wp\/v2\/comments?post=237231"}],"version-history":[{"count":1,"href":"https:\/\/www.brundisium.net\/index.php\/wp-json\/wp\/v2\/posts\/237231\/revisions"}],"predecessor-version":[{"id":237234,"href":"https:\/\/www.brundisium.net\/index.php\/wp-json\/wp\/v2\/posts\/237231\/revisions\/237234"}],"wp:featuredmedia":[{"embeddable":true,"href":"https:\/\/www.brundisium.net\/index.php\/wp-json\/wp\/v2\/media\/125905"}],"wp:attachment":[{"href":"https:\/\/www.brundisium.net\/index.php\/wp-json\/wp\/v2\/media?parent=237231"}],"wp:term":[{"taxonomy":"category","embeddable":true,"href":"https:\/\/www.brundisium.net\/index.php\/wp-json\/wp\/v2\/categories?post=237231"},{"taxonomy":"post_tag","embeddable":true,"href":"https:\/\/www.brundisium.net\/index.php\/wp-json\/wp\/v2\/tags?post=237231"}],"curies":[{"name":"wp","href":"https:\/\/api.w.org\/{rel}","templated":true}]}}