{"id":241260,"date":"2025-03-26T12:46:35","date_gmt":"2025-03-26T11:46:35","guid":{"rendered":"https:\/\/www.brundisium.net\/?p=241260"},"modified":"2025-03-26T12:47:14","modified_gmt":"2025-03-26T11:47:14","slug":"piano-della-sosta-confesercenti-plaude-alla-rimodulazione-del-piano-parcheggi-nel-centro-urbano","status":"publish","type":"post","link":"https:\/\/www.brundisium.net\/index.php\/piano-della-sosta-confesercenti-plaude-alla-rimodulazione-del-piano-parcheggi-nel-centro-urbano\/","title":{"rendered":"Piano della Sosta: Confesercenti plaude alla rimodulazione del piano parcheggi nel centro urbano"},"content":{"rendered":"<p>Soddisfazione di Confesercenti della provincia di Brindisi, da sempre contraria al piano parcheggi attuato da qualche mese dall\u2019Amministrazione comunale del capoluogo, per quanto deliberato l\u2019altro giorno in sede di Consiglio comunale, in riferimento alle modifiche tariffarie apportate al piano della sosta in zona centro. All\u2019unanimit\u00e0, infatti, con maggioranza e opposizione concordi sia sulla mozione presentata dal consigliere Diego Rachiero e sia sull\u2019emendamento proposto, si \u00e8 deciso di rimodulare in via sperimentale gli orari di sosta gratuita in zona blu e zona rossa, in attesa di rivedere al ribasso, entro la fine dell\u2019anno, anche le tariffe orarie, considerate elevate un po\u2019 da tutti, da commercianti, utenti e residenti. E, a proposito dei residenti, sar\u00e0 introdotta la possibilit\u00e0 d\u2019ora in poi di sottoscrivere gli abbonamenti anche per i proprietari o affittuari di box auto, cosa che prima non era prevista, previo invio di autocertificazione e della piantina metrica del locale adibito a garage.<br \/>\n\u201cFinalmente a Brindisi democrazia e l\u2019ascolto della base sociale si riappropriano del proprio e rispettivo valore etico \u2013 dichiara il presidente provinciale di Confesercenti, Michele Piccirillo \u2013 perch\u00e9 finalmente chi deve decidere per le sorti dell\u2019intera comunit\u00e0 ha ascoltato le opinioni e i suggerimenti dei cittadini e delle associazioni di categoria, In particolare, \u00e8 stata ascoltata  Confesercenti, che aveva da subito allertato l\u2019amministrazione comunale sulla inopportunit\u00e0 di approvare in quel modo il nuovo piano della sosta, pensato e nato per venire incontro unicamente alle esigenze di bilancio della BMS, procurando un ingiustificato nocumento di natura economica a carico di lavoratori, cittadini e residenti, la cui unica colpa era quella di vivere nel centro urbano. E noi, in tale ambito, avevamo dato anche un piccolo contributo di idee per trovare insieme soluzioni alternative. Ringrazio quindi tutti i consiglieri comunali, il promotore della mozione, Diego Rachiero, il presidente della commissione attivit\u00e0 produttive, Mario Borromeo, il sindaco, la giunta comunale, perch\u00e9 ieri \u00e8 stata scritta una bella pagina di solidariet\u00e0 e di vita comune, con la speranza che si sia spalancata per sempre la porta del dialogo a tutti i livelli\u201d. <\/p>\n","protected":false},"excerpt":{"rendered":"<p>Soddisfazione di Confesercenti della provincia di Brindisi, da sempre contraria al piano parcheggi attuato da qualche mese dall\u2019Amministrazione comunale del capoluogo, per quanto deliberato l\u2019altro giorno in sede di Consiglio comunale, in riferimento alle modifiche tariffarie apportate al piano della sosta in zona centro. All\u2019unanimit\u00e0, infatti, con maggioranza e opposizione concordi sia sulla mozione presentata dal consigliere Diego Rachiero e sia sull\u2019emendamento proposto, si \u00e8 deciso di rimodulare in via sperimentale gli orari di sosta gratuita in zona blu e zona rossa, in attesa di rivedere al ribasso, entro la fine dell\u2019anno, anche le tariffe orarie, considerate elevate un po\u2019 da tutti, da commercianti, utenti e residenti. E, a proposito dei residenti, sar\u00e0 introdotta la possibilit\u00e0 d\u2019ora in poi di sottoscrivere gli abbonamenti anche per i proprietari o affittuari di box auto, cosa che prima non era prevista, previo invio di autocertificazione e della piantina metrica del locale adibito a garage. \u201cFinalmente a Brindisi democrazia e l\u2019ascolto della base sociale si riappropriano del proprio e rispettivo valore etico \u2013 dichiara&#8230;<\/p>\n","protected":false},"author":2,"featured_media":234191,"comment_status":"open","ping_status":"closed","sticky":false,"template":"","format":"standard","meta":{"footnotes":""},"categories":[7],"tags":[],"class_list":["post-241260","post","type-post","status-publish","format-standard","has-post-thumbnail","hentry","category-news"],"_links":{"self":[{"href":"https:\/\/www.brundisium.net\/index.php\/wp-json\/wp\/v2\/posts\/241260","targetHints":{"allow":["GET"]}}],"collection":[{"href":"https:\/\/www.brundisium.net\/index.php\/wp-json\/wp\/v2\/posts"}],"about":[{"href":"https:\/\/www.brundisium.net\/index.php\/wp-json\/wp\/v2\/types\/post"}],"author":[{"embeddable":true,"href":"https:\/\/www.brundisium.net\/index.php\/wp-json\/wp\/v2\/users\/2"}],"replies":[{"embeddable":true,"href":"https:\/\/www.brundisium.net\/index.php\/wp-json\/wp\/v2\/comments?post=241260"}],"version-history":[{"count":1,"href":"https:\/\/www.brundisium.net\/index.php\/wp-json\/wp\/v2\/posts\/241260\/revisions"}],"predecessor-version":[{"id":241263,"href":"https:\/\/www.brundisium.net\/index.php\/wp-json\/wp\/v2\/posts\/241260\/revisions\/241263"}],"wp:featuredmedia":[{"embeddable":true,"href":"https:\/\/www.brundisium.net\/index.php\/wp-json\/wp\/v2\/media\/234191"}],"wp:attachment":[{"href":"https:\/\/www.brundisium.net\/index.php\/wp-json\/wp\/v2\/media?parent=241260"}],"wp:term":[{"taxonomy":"category","embeddable":true,"href":"https:\/\/www.brundisium.net\/index.php\/wp-json\/wp\/v2\/categories?post=241260"},{"taxonomy":"post_tag","embeddable":true,"href":"https:\/\/www.brundisium.net\/index.php\/wp-json\/wp\/v2\/tags?post=241260"}],"curies":[{"name":"wp","href":"https:\/\/api.w.org\/{rel}","templated":true}]}}