{"id":241626,"date":"2025-04-01T16:59:44","date_gmt":"2025-04-01T14:59:44","guid":{"rendered":"https:\/\/www.brundisium.net\/?p=241626"},"modified":"2025-04-01T17:28:00","modified_gmt":"2025-04-01T15:28:00","slug":"non-solo-periferia-nel-quartiere-santelia-un-modello-innovativo-di-inclusione-e-partecipazione-sociale","status":"publish","type":"post","link":"https:\/\/www.brundisium.net\/index.php\/non-solo-periferia-nel-quartiere-santelia-un-modello-innovativo-di-inclusione-e-partecipazione-sociale\/","title":{"rendered":"Non solo Periferia: nel quartiere Sant\u2019Elia un modello innovativo di inclusione e partecipazione sociale"},"content":{"rendered":"<p><a href=\"https:\/\/www.brundisium.net\/brun\/wp-content\/uploads\/2025\/04\/Incontro-Parco-Casa-di-quartiere.jpg\"><img loading=\"lazy\" decoding=\"async\" class=\"alignleft size-medium wp-image-241627\" src=\"https:\/\/www.brundisium.net\/brun\/wp-content\/uploads\/2025\/04\/Incontro-Parco-Casa-di-quartiere-300x156.jpg\" alt=\"\" width=\"300\" height=\"156\" srcset=\"https:\/\/www.brundisium.net\/brun\/wp-content\/uploads\/2025\/04\/Incontro-Parco-Casa-di-quartiere-300x156.jpg 300w, https:\/\/www.brundisium.net\/brun\/wp-content\/uploads\/2025\/04\/Incontro-Parco-Casa-di-quartiere-1024x532.jpg 1024w, https:\/\/www.brundisium.net\/brun\/wp-content\/uploads\/2025\/04\/Incontro-Parco-Casa-di-quartiere-768x399.jpg 768w, https:\/\/www.brundisium.net\/brun\/wp-content\/uploads\/2025\/04\/Incontro-Parco-Casa-di-quartiere-1536x799.jpg 1536w, https:\/\/www.brundisium.net\/brun\/wp-content\/uploads\/2025\/04\/Incontro-Parco-Casa-di-quartiere.jpg 1754w\" sizes=\"auto, (max-width: 300px) 100vw, 300px\" \/><\/a>Trasformare un quartiere periferico in un luogo pi\u00f9 inclusivo, in cui il benessere educativo e sociale diventa un obiettivo condiviso con tutta la comunit\u00e0. Nasce da questa idea ambiziosa il progetto \u201cNon solo periferia\u201d, un progetto selezionato da Con i Bambini nell\u2019ambito del Fondo per il contrasto della povert\u00e0 educativa minorile. Un\u2019esperienza innovativa volta a favorire la partecipazione attiva e la responsabilizzazione della comunit\u00e0 locale del quartiere Sant\u2019Elia, alla periferia di Brindisi. L\u2019iniziativa pone particolare attenzione a una crescita positiva delle nuove generazioni, attraverso un percorso che, grazie al coinvolgimento attivo di famiglie, scuole e associazioni del territorio, sta contribuendo a trasformare tutti gli attori sociali del quartiere in una nuova comunit\u00e0 educante.<\/p>\n<p>&nbsp;<\/p>\n<p>Per realizzare questo cambiamento \u201cNon solo periferia\u201d ha attivato una serie di iniziative rivolte ai giovani e agli adulti residenti nel quartiere. Tra queste, il servizio sperimentale di mediazione sociale basato sulle migliori prassi del community work grazie al lavoro di una \u00e9quipe multidisciplinare. Educatori, psicologi, animatori, allenatori, genitori e operatori di vicinato, lavorano insieme per rispondere ai bisogni dei minori e delle famiglie pi\u00f9 fragili del quartiere. Le attivit\u00e0 si sviluppano nei principali spazi comunitari tra cui le aule dell\u2019Istituto Comprensivo Sant\u2019Elia, Parco Buscicchio, la Casa di Quartiere, a cui, con l\u2019avanzare del progetto, si sono aggiunti luoghi e servizi importanti come il centro aperto polivalente per minori accreditato dalla Regione Puglia e la nuova ciclofficina \u201cCasa della bicicletta\u201d.<\/p>\n<p>&nbsp;<\/p>\n<p>Il progetto ha intensificato il coinvolgimento della comunit\u00e0 educante locale, includendo insegnanti, sportivi, educatori, animatori di comunit\u00e0 e volontari. L\u2019azione si \u00e8 rafforzata grazie a momenti di confronto con i parroci, i genitori e tutte le altre realt\u00e0 educative formali e informali del quartiere. Tra le figure chiave del percorso quella del genitore sociale che si occupa di personalizzare e ottimizzare le metodologie di intervento e supporto alle famiglie.<\/p>\n<p>&nbsp;<\/p>\n<p>L\u2019impegno nel lavoro svolto per la comunit\u00e0 ha portato a importanti sviluppi. Ne \u00e8 un esempio il passaggio degli adolescenti coinvolti nelle attivit\u00e0 da fruitori di interventi a promotori di azioni e cambiamento. Ma anche il significativo protagonismo dei residenti impegnati nei preparativi del Palio Urbano di Sant\u2019Elia, organizzato ogni anno nel mese di maggio grazie al coordinamento tra volontari delle chiese, delle scuole e delle quattro \u201ccontrade\u201d del quartiere. Un\u2019iniziativa che ha permesso anche di rafforzare la consapevolezza e il senso di responsabilit\u00e0 all\u2019interno della comunit\u00e0.<\/p>\n<p>&nbsp;<\/p>\n<p>Tra gli appuntamenti pi\u00f9 sentiti anche il Festival delle Comunit\u00e0 Educanti che, con un approccio partecipativo, ha permesso la nascita di nuovi protocolli di collaborazione con associazioni nazionali e regionali per far crescere e progredire la comunit\u00e0 educante locale prendendo spunto da best practice nazionali.<\/p>\n<p>&nbsp;<\/p>\n<p>Ad oggi, \u201cNon solo periferia\u201d ha attivato numerose iniziative promosse nell\u2019ambito del progetto: i laboratori di autocostruzione e falegnameria che hanno permesso ai partecipanti di sviluppare competenze pratiche e realizzare opere importanti (come il palco del teatro presente nel parco); eventi di street art e riqualificazione urbana; attivit\u00e0 sportive, con il coinvolgimento di istruttori e societ\u00e0 locali tra cui Appia Rugby Brindisi; Street Social Art e preparazione del Palio Urbano; sartoria sociale per realizzare divise sportive e costumi per il teatro.<\/p>\n<p>&nbsp;<\/p>\n<p>Tutte le attivit\u00e0 di co-progettazione partecipata realizzate ricorrono a una metodologia innovativa per il quartiere, attraverso assemblee aperte e world caf\u00e8. Anche l\u2019interazione con il progetto di teatro sociale \u201cSem va a Spasso\u201d ha permesso di rafforzare il senso di appartenenza agli spazi comunitari da parte dei ragazzi, trasformando positivamente la percezione dei luoghi condivisi e stimolando la partecipazione attiva.<\/p>\n<p>&nbsp;<\/p>\n<p>Il progetto continua a proporre nuove iniziative e azioni rivolte ai cittadini del quartiere, con l\u2019obiettivo di consolidare e ampliare questa virtuosa esperienza di mediazione sociale e crescita comunitaria per garantire un impatto duraturo e sostenibile.<\/p>\n<p>&nbsp;<\/p>\n<p>Il progetto \u201cNon solo periferia\u201d \u00e8 selezionato da Con i Bambini nell\u2019ambito del \u201cFondo per il contrasto della povert\u00e0 educativa minorile\u201d. Il Fondo nasce da un\u2019intesa tra le Fondazioni di origine bancaria rappresentate da Acri, il Forum Nazionale del Terzo Settore e il Governo, con l\u2019obiettivo di rimuovere gli ostacoli economici, sociali e culturali che impediscono ai minori di accedere pienamente ai percorsi educativi. Per attuare questi programmi, nel 2016 \u00e8 stata fondata l\u2019impresa sociale Con i Bambini, interamente partecipata dalla Fondazione CON IL SUD. \u201cNon solo periferia\u201d si avvale, inoltre, di una rete di partner locali tra i quali: la cooperativa sociale ImmaginAbile, Legami di Comunit\u00e0 Acli Brindisi, l\u2019ASD Appia Rugby Puglia, l\u2019Istituto Comprensivo Sant\u2019Elia Commenda.<\/p>\n<p>&nbsp;<\/p>\n<p>Maggiori info su: <a href=\"http:\/\/www.conibambini.org\">www.conibambini.org<\/a><\/p>\n<p>&nbsp;<\/p>\n","protected":false},"excerpt":{"rendered":"<p>Trasformare un quartiere periferico in un luogo pi\u00f9 inclusivo, in cui il benessere educativo e sociale diventa un obiettivo condiviso con tutta la comunit\u00e0. Nasce da questa idea ambiziosa il progetto \u201cNon solo periferia\u201d, un progetto selezionato da Con i Bambini nell\u2019ambito del Fondo per il contrasto della povert\u00e0 educativa minorile. Un\u2019esperienza innovativa volta a favorire la partecipazione attiva e la responsabilizzazione della comunit\u00e0 locale del quartiere Sant\u2019Elia, alla periferia di Brindisi. L\u2019iniziativa pone particolare attenzione a una crescita positiva delle nuove generazioni, attraverso un percorso che, grazie al coinvolgimento attivo di famiglie, scuole e associazioni del territorio, sta contribuendo a trasformare tutti gli attori sociali del quartiere in una nuova comunit\u00e0 educante. &nbsp; Per realizzare questo cambiamento \u201cNon solo periferia\u201d ha attivato una serie di iniziative rivolte ai giovani e agli adulti residenti nel quartiere. Tra queste, il servizio sperimentale di mediazione sociale basato sulle migliori prassi del community work grazie al lavoro di una \u00e9quipe multidisciplinare. Educatori, psicologi, animatori, allenatori, genitori e operatori di vicinato, lavorano insieme per&#8230;<\/p>\n","protected":false},"author":2,"featured_media":241628,"comment_status":"open","ping_status":"closed","sticky":false,"template":"","format":"standard","meta":{"footnotes":""},"categories":[7],"tags":[],"class_list":["post-241626","post","type-post","status-publish","format-standard","has-post-thumbnail","hentry","category-news"],"_links":{"self":[{"href":"https:\/\/www.brundisium.net\/index.php\/wp-json\/wp\/v2\/posts\/241626","targetHints":{"allow":["GET"]}}],"collection":[{"href":"https:\/\/www.brundisium.net\/index.php\/wp-json\/wp\/v2\/posts"}],"about":[{"href":"https:\/\/www.brundisium.net\/index.php\/wp-json\/wp\/v2\/types\/post"}],"author":[{"embeddable":true,"href":"https:\/\/www.brundisium.net\/index.php\/wp-json\/wp\/v2\/users\/2"}],"replies":[{"embeddable":true,"href":"https:\/\/www.brundisium.net\/index.php\/wp-json\/wp\/v2\/comments?post=241626"}],"version-history":[{"count":4,"href":"https:\/\/www.brundisium.net\/index.php\/wp-json\/wp\/v2\/posts\/241626\/revisions"}],"predecessor-version":[{"id":241632,"href":"https:\/\/www.brundisium.net\/index.php\/wp-json\/wp\/v2\/posts\/241626\/revisions\/241632"}],"wp:featuredmedia":[{"embeddable":true,"href":"https:\/\/www.brundisium.net\/index.php\/wp-json\/wp\/v2\/media\/241628"}],"wp:attachment":[{"href":"https:\/\/www.brundisium.net\/index.php\/wp-json\/wp\/v2\/media?parent=241626"}],"wp:term":[{"taxonomy":"category","embeddable":true,"href":"https:\/\/www.brundisium.net\/index.php\/wp-json\/wp\/v2\/categories?post=241626"},{"taxonomy":"post_tag","embeddable":true,"href":"https:\/\/www.brundisium.net\/index.php\/wp-json\/wp\/v2\/tags?post=241626"}],"curies":[{"name":"wp","href":"https:\/\/api.w.org\/{rel}","templated":true}]}}