{"id":241983,"date":"2025-04-07T09:44:07","date_gmt":"2025-04-07T07:44:07","guid":{"rendered":"https:\/\/www.brundisium.net\/?p=241983"},"modified":"2025-04-07T11:27:18","modified_gmt":"2025-04-07T09:27:18","slug":"candidato-il-progetto-per-il-recupero-di-una-porzione-della-fiera-al-bando-per-le-aree-dismesse","status":"publish","type":"post","link":"https:\/\/www.brundisium.net\/index.php\/candidato-il-progetto-per-il-recupero-di-una-porzione-della-fiera-al-bando-per-le-aree-dismesse\/","title":{"rendered":"Candidato il progetto per il recupero di una porzione della fiera al bando per le aree dismesse"},"content":{"rendered":"<p>L\u2019Amministrazione Comunale ha candidato il recupero di una porzione dell\u2019ex fiera al bando del Governo per le aree dismesse.<\/p>\n<p>\u201cSull\u2019ex fiera \u2013 commenta il Sindaco Antonello Denuzzo \u2013 abbiamo avviato un serio percorso per il recupero e la rifunzionalizzazione. L\u2019obiettivo \u00e8 trasformare questo luogo, da tempo abbandonato al degrado, in un punto di riferimento per i servizi alla persona. Qui sorgeranno la casa di comunit\u00e0 della ASL, la nuova sede del centro per l\u2019impiego e la nuova sede dell\u2019Ambito Territoriale Br3. Tramite questo bando cerchiamo ora di completare il recupero di un\u2019altra porzione libera per offrire ai giovani uno spazio pensato esclusivamente per loro.\u201d<\/p>\n<p>Il progetto, del valore complessivo di 2,7 milioni di euro, prevede la realizzazione di un ostello della giovent\u00f9 con aree dedicate alla ristorazione e allo svago, di una velostazione con possibilit\u00e0 di noleggio biciclette al servizio della nuova area parcheggio e il recupero dello spazio esterno che sar\u00e0 attrezzato per le esigenze di bambini e ragazzi.<\/p>\n<p>\u201cCon questo progetto \u2013 prosegue l\u2019Assessora ai Lavori Pubblici Annalisa Toma \u2013 intendiamo completare gli interventi per il recupero dell\u2019ex fiera. Abbiamo pensato ai pi\u00f9 giovani prevedendo la realizzazione di uno spazio inedito per la nostra Citt\u00e0. L\u2019ex Fiera si candida a diventare un punto di riferimento per i servizi alla persona non solo per Francavilla. Per questa ragione abbiamo previsto la creazione di un nuovo parcheggio e lo sviluppo di un servizio di bike sharing per rendere pi\u00f9 agevoli gli spostamenti cittadini.\u201d<\/p>\n<p>\u201cL\u2019idea di creare un ostello della giovent\u00f9 \u2013 spiega l\u2019Assessore al Turismo Carmine Sportillo \u2013 nasce dall\u2019analisi dei flussi turistici cittadini. Nel 2024 Francavilla Fontana ha fatto registrare un numero di arrivi (clienti ospitati nelle strutture) pari a 4.716 e un numero di presenze (numero di notti trascorse) pari a 10.774. Si tratta di una crescita di quasi il 13,5% rispetto al 2023. Tuttavia, questi dati incoraggianti si scontrano con l\u2019esiguit\u00e0 dei posti letto a disposizione. Questa nuova struttura pu\u00f2 offrire una risposta in questa direzione, attirando la fascia pi\u00f9 giovanile.\u201d<\/p>\n<p>\u201cL\u2019obiettivo dell\u2019Amministrazione comunale per l\u2019ex fiera \u2013 conclude l\u2019Assessora al Patrimonio Eleonora Marinelli \u2013 \u00e8 concentrare all\u2019interno di questo luogo, che si trova in pieno centro cittadino e a pochi passi dalla stazione ferroviaria, pi\u00f9 servizi per creare un vero e proprio polo per la salute ed il benessere. Per questa ragione abbiamo concesso alla ASL, ad Arpal e Ambito Territoriale Br3 porzioni dell\u2019immobile per operare le opportune trasformazioni strutturali ed erogare prestazioni essenziali per la cittadinanza.\u201d<\/p>\n<p>Dal 2022 \u2013 anno della ricomposizione della propriet\u00e0 in capo al Comune \u2013 ad oggi, sull\u2019ex Fiera \u00e8 in corso un vero e proprio piano di rifunzionalizzazione e valorizzazione. Grazie ai fondi del PNRR l\u2019ASL di Brindisi realizzer\u00e0 la casa di comunit\u00e0, una struttura polivalente che garantir\u00e0 assistenza sanitaria primaria e attivit\u00e0 di prevenzione. Vedranno la luce, inoltre, la nuova sede dell\u2019Ambito Territoriale Br3 che negli spazi concessi attiver\u00e0 un cohousing rivolto alle persone che rientrano nel progetto Dopo di Noi, e la nuova sede dell\u2019Arpal che si doter\u00e0 di una struttura pensata esclusivamente per i servizi per l\u2019impiego.<\/p>\n<p>  Comune di Francavilla Fontana<\/p>\n","protected":false},"excerpt":{"rendered":"<p>L\u2019Amministrazione Comunale ha candidato il recupero di una porzione dell\u2019ex fiera al bando del Governo per le aree dismesse. \u201cSull\u2019ex fiera \u2013 commenta il Sindaco Antonello Denuzzo \u2013 abbiamo avviato un serio percorso per il recupero e la rifunzionalizzazione. L\u2019obiettivo \u00e8 trasformare questo luogo, da tempo abbandonato al degrado, in un punto di riferimento per i servizi alla persona. Qui sorgeranno la casa di comunit\u00e0 della ASL, la nuova sede del centro per l\u2019impiego e la nuova sede dell\u2019Ambito Territoriale Br3. Tramite questo bando cerchiamo ora di completare il recupero di un\u2019altra porzione libera per offrire ai giovani uno spazio pensato esclusivamente per loro.\u201d Il progetto, del valore complessivo di 2,7 milioni di euro, prevede la realizzazione di un ostello della giovent\u00f9 con aree dedicate alla ristorazione e allo svago, di una velostazione con possibilit\u00e0 di noleggio biciclette al servizio della nuova area parcheggio e il recupero dello spazio esterno che sar\u00e0 attrezzato per le esigenze di bambini e ragazzi. \u201cCon questo progetto \u2013 prosegue l\u2019Assessora ai Lavori Pubblici Annalisa&#8230;<\/p>\n","protected":false},"author":2,"featured_media":241986,"comment_status":"open","ping_status":"closed","sticky":false,"template":"","format":"standard","meta":{"footnotes":""},"categories":[7],"tags":[],"class_list":["post-241983","post","type-post","status-publish","format-standard","has-post-thumbnail","hentry","category-news"],"_links":{"self":[{"href":"https:\/\/www.brundisium.net\/index.php\/wp-json\/wp\/v2\/posts\/241983","targetHints":{"allow":["GET"]}}],"collection":[{"href":"https:\/\/www.brundisium.net\/index.php\/wp-json\/wp\/v2\/posts"}],"about":[{"href":"https:\/\/www.brundisium.net\/index.php\/wp-json\/wp\/v2\/types\/post"}],"author":[{"embeddable":true,"href":"https:\/\/www.brundisium.net\/index.php\/wp-json\/wp\/v2\/users\/2"}],"replies":[{"embeddable":true,"href":"https:\/\/www.brundisium.net\/index.php\/wp-json\/wp\/v2\/comments?post=241983"}],"version-history":[{"count":1,"href":"https:\/\/www.brundisium.net\/index.php\/wp-json\/wp\/v2\/posts\/241983\/revisions"}],"predecessor-version":[{"id":241987,"href":"https:\/\/www.brundisium.net\/index.php\/wp-json\/wp\/v2\/posts\/241983\/revisions\/241987"}],"wp:featuredmedia":[{"embeddable":true,"href":"https:\/\/www.brundisium.net\/index.php\/wp-json\/wp\/v2\/media\/241986"}],"wp:attachment":[{"href":"https:\/\/www.brundisium.net\/index.php\/wp-json\/wp\/v2\/media?parent=241983"}],"wp:term":[{"taxonomy":"category","embeddable":true,"href":"https:\/\/www.brundisium.net\/index.php\/wp-json\/wp\/v2\/categories?post=241983"},{"taxonomy":"post_tag","embeddable":true,"href":"https:\/\/www.brundisium.net\/index.php\/wp-json\/wp\/v2\/tags?post=241983"}],"curies":[{"name":"wp","href":"https:\/\/api.w.org\/{rel}","templated":true}]}}