{"id":242025,"date":"2025-04-11T14:26:11","date_gmt":"2025-04-11T12:26:11","guid":{"rendered":"https:\/\/www.brundisium.net\/?p=242025"},"modified":"2025-04-11T12:47:30","modified_gmt":"2025-04-11T10:47:30","slug":"io-sono-vito-curlo-mimmo-capozzi-fa-rivivere-con-un-monologo-lindimenticato-calciatore-fasanese","status":"publish","type":"post","link":"https:\/\/www.brundisium.net\/index.php\/io-sono-vito-curlo-mimmo-capozzi-fa-rivivere-con-un-monologo-lindimenticato-calciatore-fasanese\/","title":{"rendered":"Io sono Vito Curlo!: Mimmo Capozzi fa rivivere con un monologo l\u2019indimenticato calciatore fasanese"},"content":{"rendered":"<p>Vito Curlo, un talento rimasto per sempre giovane. Uno stadio, quello della citt\u00e0 di Fasano, a lui intitolato e un mito che da oltre quarant\u2019anni si tramanda di generazione in generazione, il mito di un calciatore \u201cforte forte\u201d ma con un temperamento mite e un carattere timido e riservato, a dir poco da antidivo.<\/p>\n<p>Il talentuoso calciatore fasanese scomparso il\u00a030 giugno 1981 a causa di un tragico incidente stradale nei pressi di Monopoli, rivivr\u00e0 attraverso il monologo inedito del regista e attore Mimmo Capozzi che venerd\u00ec 9 e sabato 10 maggio debutter\u00e0 al Teatro Sociale con \u201cIo sono Vito Curlo!\u201d.<\/p>\n<p>Un omaggio alla sua citt\u00e0, sportiva e non, quello di Capozzi che attraverso i ricordi della sua infanzia degli anni \u201970 e frammenti di vita vissuta ripercorrer\u00e0 le gesta del compianto calciatore fasanese, la storia di un talento andato via troppo presto, proprio quando sembrava destinato alla grandezza.<\/p>\n<p>\u201cQuesta pi\u00e8ce nasce dalla emersione spontanea dei ricordi d\u2019infanzia \u2013 dice Mimmo Capozzi \u2013, un periodo ricco di emozioni intense che lasciano ricordi forti. Una volata verso la vita, con i suoi tatuaggi emotivi indelebili che si imprimono nel cuore dell\u2019uomo non pi\u00f9 bambino. Le partite a pallone, la strada, i sogni e i primi \u201ccazzotti\u201d all\u2019incanto dell\u2019esistenza. Il racconto scenico, dunque, \u00e8 la memoria personale che diventa memoria collettiva, ripescando sequenze e fotogrammi degli anni \u201970, frammenti di vita tra i quali campeggiano le gesta sportive di Vito Curlo, un ragazzo di grande talento calcistico e umano. Una storia da ricordare a chi c\u2019era e da raccontare alle nuove generazioni, perch\u00e9 i tesori della nostra terra siano patrimonio di conoscenza condivisa e costante\u201d.<\/p>\n<p>Posto unico: 10\u20ac | Ridotto: 7\u20ac<br \/>\nPorta: 20.30 | Sipario: 21.00<br \/>\nInfo: 334 1144911\u202c<\/p>\n<p>UFFICIO STAMPA<br \/>\nATS Kathar\u00e0<\/p>\n","protected":false},"excerpt":{"rendered":"<p>Vito Curlo, un talento rimasto per sempre giovane. Uno stadio, quello della citt\u00e0 di Fasano, a lui intitolato e un mito che da oltre quarant\u2019anni si tramanda di generazione in generazione, il mito di un calciatore \u201cforte forte\u201d ma con un temperamento mite e un carattere timido e riservato, a dir poco da antidivo. Il talentuoso calciatore fasanese scomparso il\u00a030 giugno 1981 a causa di un tragico incidente stradale nei pressi di Monopoli, rivivr\u00e0 attraverso il monologo inedito del regista e attore Mimmo Capozzi che venerd\u00ec 9 e sabato 10 maggio debutter\u00e0 al Teatro Sociale con \u201cIo sono Vito Curlo!\u201d. Un omaggio alla sua citt\u00e0, sportiva e non, quello di Capozzi che attraverso i ricordi della sua infanzia degli anni \u201970 e frammenti di vita vissuta ripercorrer\u00e0 le gesta del compianto calciatore fasanese, la storia di un talento andato via troppo presto, proprio quando sembrava destinato alla grandezza. \u201cQuesta pi\u00e8ce nasce dalla emersione spontanea dei ricordi d\u2019infanzia \u2013 dice Mimmo Capozzi \u2013, un periodo ricco di emozioni intense che lasciano&#8230;<\/p>\n","protected":false},"author":2,"featured_media":242343,"comment_status":"open","ping_status":"closed","sticky":false,"template":"","format":"standard","meta":{"footnotes":""},"categories":[7],"tags":[],"class_list":["post-242025","post","type-post","status-publish","format-standard","has-post-thumbnail","hentry","category-news"],"_links":{"self":[{"href":"https:\/\/www.brundisium.net\/index.php\/wp-json\/wp\/v2\/posts\/242025","targetHints":{"allow":["GET"]}}],"collection":[{"href":"https:\/\/www.brundisium.net\/index.php\/wp-json\/wp\/v2\/posts"}],"about":[{"href":"https:\/\/www.brundisium.net\/index.php\/wp-json\/wp\/v2\/types\/post"}],"author":[{"embeddable":true,"href":"https:\/\/www.brundisium.net\/index.php\/wp-json\/wp\/v2\/users\/2"}],"replies":[{"embeddable":true,"href":"https:\/\/www.brundisium.net\/index.php\/wp-json\/wp\/v2\/comments?post=242025"}],"version-history":[{"count":1,"href":"https:\/\/www.brundisium.net\/index.php\/wp-json\/wp\/v2\/posts\/242025\/revisions"}],"predecessor-version":[{"id":242344,"href":"https:\/\/www.brundisium.net\/index.php\/wp-json\/wp\/v2\/posts\/242025\/revisions\/242344"}],"wp:featuredmedia":[{"embeddable":true,"href":"https:\/\/www.brundisium.net\/index.php\/wp-json\/wp\/v2\/media\/242343"}],"wp:attachment":[{"href":"https:\/\/www.brundisium.net\/index.php\/wp-json\/wp\/v2\/media?parent=242025"}],"wp:term":[{"taxonomy":"category","embeddable":true,"href":"https:\/\/www.brundisium.net\/index.php\/wp-json\/wp\/v2\/categories?post=242025"},{"taxonomy":"post_tag","embeddable":true,"href":"https:\/\/www.brundisium.net\/index.php\/wp-json\/wp\/v2\/tags?post=242025"}],"curies":[{"name":"wp","href":"https:\/\/api.w.org\/{rel}","templated":true}]}}