{"id":242206,"date":"2025-04-09T19:35:54","date_gmt":"2025-04-09T17:35:54","guid":{"rendered":"https:\/\/www.brundisium.net\/?p=242206"},"modified":"2025-04-09T19:35:54","modified_gmt":"2025-04-09T17:35:54","slug":"la-polizia-di-stato-celebra-il-173-anniversario-dalla-sua-fondazione","status":"publish","type":"post","link":"https:\/\/www.brundisium.net\/index.php\/la-polizia-di-stato-celebra-il-173-anniversario-dalla-sua-fondazione\/","title":{"rendered":"La Polizia di Stato celebra il 173\u00b0 Anniversario dalla sua fondazione"},"content":{"rendered":"<p>Il 10 aprile 2025, la Polizia di Stato celebra il 173\u00b0 Anniversario dalla sua fondazione, con una cerimonia nazionale che si terr\u00e0 nella suggestiva cornice di Piazza del Popolo a Roma e che vedr\u00e0 la partecipazione delle pi\u00f9 alte cariche istituzionali dello Stato.<\/p>\n<p>Questo importante traguardo esalta di nuovo l&#8217;impegno e la dedizione delle poliziotte e dei poliziotti per la tutela dell\u2019ordine e della sicurezza pubblica, per la salvaguardia del pieno esercizio dei diritti e delle libert\u00e0 fondamentali e per il pubblico soccorso, come ben sintetizzato dal motto #essercisempre.<\/p>\n<p>Anche quest\u2019anno, le celebrazioni si svolgeranno a Brindisi, con inizio alle ore 09.00 con la deposizione di una corona d\u2019alloro presso il Monumento ai Caduti della Polizia di Stato nel piazzale interno della Questura.<\/p>\n<p>Alle ore 11.00, Piazza Duomo, che per l\u2019occasione accoglier\u00e0 le massime Autorit\u00e0 civili, militari e religiose locali e dei familiari delle vittime del dovere, dell\u2019ANPS, nonch\u00e9 dei rappresentanti di Associazioni, Enti e Istituzioni scolastiche locali, far\u00e0 da palcoscenico alla cerimonia, durante la quale si proceder\u00e0 alla consegna dei riconoscimenti per merito di servizio al personale premiato.<\/p>\n<p>Al termine dei momenti istituzionali si passer\u00e0 alla premiazione degli alunni delle classi vincitrici del progetto\/concorso \u201cPretendiamo Legalit\u00e0\u201d, per poi concludere le celebrazioni con i canti e le esibizioni coreografiche dei ragazzi dell\u2019Istituto Comprensivo \u201cCommenda\u201d di Brindisi e del Liceo Coreutico \u201cEpifanio Ferdinando\u201d di Mesagne, accompagnati al pianoforte dal Maestro Federico Dell\u2019Olio e dalla violinista Francesca Palmisano.<\/p>\n<p>Sulla Piazza dove si erge l\u2019incantevole Cattedrale di San Giovanni Battista e il \u201cMuseo Archeologico Provinciale Ribezzo\u201d, saranno predisposti gli stand degli uffici e delle specialit\u00e0 della Polizia di Stato.<\/p>\n<p>Domani, dalle 8 alle 14, \u00e8 previsto sempre su Piazza Duomo il divieto di transito e sosta a tutti i veicoli con rimozione degli stessi, inoltre, \u00e8 vietata la sosta su tutta l\u2019area di parcheggio che circonda Piazza Santa Tresa (restano escludi dal divieto i veicoli di servizio e delle Autorit\u00e0).<\/p>\n","protected":false},"excerpt":{"rendered":"<p>Il 10 aprile 2025, la Polizia di Stato celebra il 173\u00b0 Anniversario dalla sua fondazione, con una cerimonia nazionale che si terr\u00e0 nella suggestiva cornice di Piazza del Popolo a Roma e che vedr\u00e0 la partecipazione delle pi\u00f9 alte cariche istituzionali dello Stato. Questo importante traguardo esalta di nuovo l&#8217;impegno e la dedizione delle poliziotte e dei poliziotti per la tutela dell\u2019ordine e della sicurezza pubblica, per la salvaguardia del pieno esercizio dei diritti e delle libert\u00e0 fondamentali e per il pubblico soccorso, come ben sintetizzato dal motto #essercisempre. Anche quest\u2019anno, le celebrazioni si svolgeranno a Brindisi, con inizio alle ore 09.00 con la deposizione di una corona d\u2019alloro presso il Monumento ai Caduti della Polizia di Stato nel piazzale interno della Questura. Alle ore 11.00, Piazza Duomo, che per l\u2019occasione accoglier\u00e0 le massime Autorit\u00e0 civili, militari e religiose locali e dei familiari delle vittime del dovere, dell\u2019ANPS, nonch\u00e9 dei rappresentanti di Associazioni, Enti e Istituzioni scolastiche locali, far\u00e0 da palcoscenico alla cerimonia, durante la quale si proceder\u00e0 alla consegna&#8230;<\/p>\n","protected":false},"author":2,"featured_media":100682,"comment_status":"open","ping_status":"closed","sticky":false,"template":"","format":"standard","meta":{"footnotes":""},"categories":[7],"tags":[],"class_list":["post-242206","post","type-post","status-publish","format-standard","has-post-thumbnail","hentry","category-news"],"_links":{"self":[{"href":"https:\/\/www.brundisium.net\/index.php\/wp-json\/wp\/v2\/posts\/242206","targetHints":{"allow":["GET"]}}],"collection":[{"href":"https:\/\/www.brundisium.net\/index.php\/wp-json\/wp\/v2\/posts"}],"about":[{"href":"https:\/\/www.brundisium.net\/index.php\/wp-json\/wp\/v2\/types\/post"}],"author":[{"embeddable":true,"href":"https:\/\/www.brundisium.net\/index.php\/wp-json\/wp\/v2\/users\/2"}],"replies":[{"embeddable":true,"href":"https:\/\/www.brundisium.net\/index.php\/wp-json\/wp\/v2\/comments?post=242206"}],"version-history":[{"count":1,"href":"https:\/\/www.brundisium.net\/index.php\/wp-json\/wp\/v2\/posts\/242206\/revisions"}],"predecessor-version":[{"id":242207,"href":"https:\/\/www.brundisium.net\/index.php\/wp-json\/wp\/v2\/posts\/242206\/revisions\/242207"}],"wp:featuredmedia":[{"embeddable":true,"href":"https:\/\/www.brundisium.net\/index.php\/wp-json\/wp\/v2\/media\/100682"}],"wp:attachment":[{"href":"https:\/\/www.brundisium.net\/index.php\/wp-json\/wp\/v2\/media?parent=242206"}],"wp:term":[{"taxonomy":"category","embeddable":true,"href":"https:\/\/www.brundisium.net\/index.php\/wp-json\/wp\/v2\/categories?post=242206"},{"taxonomy":"post_tag","embeddable":true,"href":"https:\/\/www.brundisium.net\/index.php\/wp-json\/wp\/v2\/tags?post=242206"}],"curies":[{"name":"wp","href":"https:\/\/api.w.org\/{rel}","templated":true}]}}