{"id":242346,"date":"2025-04-11T13:44:09","date_gmt":"2025-04-11T11:44:09","guid":{"rendered":"https:\/\/www.brundisium.net\/?p=242346"},"modified":"2025-04-11T13:44:09","modified_gmt":"2025-04-11T11:44:09","slug":"ex-sindaci-di-oria-ferretti-ricrei-clima-di-fiducia-e-di-collaborazione-tra-cittadini-e-istituzioni","status":"publish","type":"post","link":"https:\/\/www.brundisium.net\/index.php\/ex-sindaci-di-oria-ferretti-ricrei-clima-di-fiducia-e-di-collaborazione-tra-cittadini-e-istituzioni\/","title":{"rendered":"Ex Sindaci di Oria: &#8220;Ferretti ricrei clima di fiducia e di collaborazione tra cittadini e istituzioni&#8221;"},"content":{"rendered":"<p>Di seguito riportiamo una nota sottoscritta da otto sindaci del Comune di Oria all&#8217;attuale primo cittadino, Cosimo Ferretti, ed a Luigi Carnevale, Prefetto di Brindisi ed ai cittadini di Oria.<\/p>\n<p>In riferimento all\u2019episodio avvenuto in data 25 marzo scorso, relativo all\u2019incendio doloso delle due auto in dotazione alla Polizia Locale del Comune di Oria, i sottoscritti, gi\u00e0 Sindaci della Citt\u00e0, ritengono doveroso esprimere la propria indignazione per il gravissimo gesto perpetrato contro le Istituzioni e contro la Citt\u00e0 stessa.<\/p>\n<p>Tutta la cittadinanza \u00e8 rimasta colpita dal gesto sconsiderato e, allo stesso tempo, disorientata per l\u2019accaduto, soprattutto perch\u00e9 tali fenomeni malavitosi non rientrano nei canoni del buon vivere da persone civili, quali possono considerarsi i cittadini oritani che da sempre possiedono innato il senso dello Stato e credono fermamente nel rispetto delle regole, come fondamento della convivenza umana e civile.<\/p>\n<p>A seguito di quest\u2019episodio, gli organi istituzionali hanno attivato un controllo del rispetto delle regole a dir poco esasperato, con \u201ctolleranza zero\u201d, che ha per\u00f2 provocato disappunto e disagio nella generalit\u00e0 dei cittadini, gi\u00e0 rispettosi delle regole stesse, e che, in tale particolare situazione, si erano gi\u00e0 sentiti personalmente e solidalmente minati nella loro sicurezza personale e colpiti dal gesto criminale, in quanto facenti parte della Comunit\u00e0 e delle Istituzioni stesse che li rappresentano.<\/p>\n<p>La nostra comunit\u00e0 non merita di essere ritenuta per questo fattaccio una realt\u00e0 non rispettosa della legalit\u00e0 e crediamo sia irriguardoso ogni pregiudizio che mira a fare di \u201ctutta l\u2019erba un fascio\u201d. La stragrande maggioranza di cittadini oritani \u00e8 gente onesta, dedita al lavoro con senso del dovere e del rispetto di ciascuno, nell\u2019ambito dei ruoli che occupa per le migliori sorti della citt\u00e0 e delle proprie famiglie.<\/p>\n<p>Con tutto il rispetto che nutriamo verso le autorit\u00e0 preposte, invitiamo il Sindaco a ripristinare i \u201cponti\u201d che aiutano a ricreare quel clima di fiducia e di collaborazione che deve esistere tra cittadini e istituzioni per la tranquillit\u00e0 e serenit\u00e0 di tutti, condizione indispensabile di vita operosa e costruttiva per lo sviluppo del nostro territorio.<\/p>\n<p>Si vigili pure perch\u00e9 i cittadini rispettino le regole, ma lo si faccia con rispetto, \u2018buonsenso\u2019 e la giusta dose di tolleranza. Bisogna essere sempre al servizio dei cittadini, senza mai perdere di vista che ogni persona \u00e8 titolare di diritti e di doveri e, soprattutto, ha una propria dignit\u00e0, e quindi degno di rispetto e di ascolto dei suoi problemi.<\/p>\n<p>La rigidit\u00e0 e l\u2019inflessibilit\u00e0 esacerba gli animi e genera conflitti a discapito della buona e civile convivenza, che non vuol dire lassismo, ma accettazione dell\u2019altro con tutti i suoi difetti e correzione fraterna per il suo bene e per il bene di tutti. Le forze dell\u2019ordine facciano pure il proprio dovere, e sanzionino chi non rispetta le regole del codice della strada, ma non per cose di poco conto per le quali basta l\u2019invito a non ripeterle. Lo facciano con garbo, con gentilezza, magari facendo capire l\u2019importanza del rispetto delle regole a garanzia della libert\u00e0 di tutti, che non vuol dire libero arbitrio o prepotenza. Si evitino gli eccessi e si intervenga caso per caso, valutando con buonsenso le varie situazioni, magari proferendo, quando si pu\u00f2, un garbato rimprovero. Si diventi inflessibili con coloro che rifiutano con arroganza la legittimit\u00e0 fiscale delle azioni della polizia locale o delle forze dell\u2019ordine in generale e comprensivi con il povero cittadino che qualche volta \u00e8 costretto, per obiettiva e impellente necessit\u00e0, a forzare qualche piccola regola, magari non per una sua espressa volont\u00e0.<\/p>\n<p>Fiduciosi nell\u2019accoglimento della presente, in nome di una Comunit\u00e0 che \u00e8 stata ingiustamente presentata dalla stampa e dalle televisioni locali con una immagine non veritiera, che contrasta con i suoi comportamenti di popolo operoso, sempre rispettoso della legalit\u00e0 e dei principi ispiratori della nostra carta costituzionale, chiediamo che si ripristini quella serenit\u00e0 sociale di cui Oria ha bisogno e che ha costituito per tanti anni il fiore all\u2019occhiello della legalit\u00e0 e della convivenza civile.<\/p>\n<p><em>Prof. Cosimo Moretto<br \/>\nProf. Francesco Carone<br \/>\nDott. Ermanno Vitto<br \/>\nIng. Cosimo Pescatore<br \/>\nSig. Ferdinando De Pace<br \/>\nDott. Sergio Ardito<br \/>\nSig. Cosimo Pomarico<br \/>\nDott.ssa Maria Carone<br \/>\n(gi\u00e0 sindaci emeriti della citt\u00e0 di Oria)<\/em><\/p>\n","protected":false},"excerpt":{"rendered":"<p>Di seguito riportiamo una nota sottoscritta da otto sindaci del Comune di Oria all&#8217;attuale primo cittadino, Cosimo Ferretti, ed a Luigi Carnevale, Prefetto di Brindisi ed ai cittadini di Oria. In riferimento all\u2019episodio avvenuto in data 25 marzo scorso, relativo all\u2019incendio doloso delle due auto in dotazione alla Polizia Locale del Comune di Oria, i sottoscritti, gi\u00e0 Sindaci della Citt\u00e0, ritengono doveroso esprimere la propria indignazione per il gravissimo gesto perpetrato contro le Istituzioni e contro la Citt\u00e0 stessa. Tutta la cittadinanza \u00e8 rimasta colpita dal gesto sconsiderato e, allo stesso tempo, disorientata per l\u2019accaduto, soprattutto perch\u00e9 tali fenomeni malavitosi non rientrano nei canoni del buon vivere da persone civili, quali possono considerarsi i cittadini oritani che da sempre possiedono innato il senso dello Stato e credono fermamente nel rispetto delle regole, come fondamento della convivenza umana e civile. A seguito di quest\u2019episodio, gli organi istituzionali hanno attivato un controllo del rispetto delle regole a dir poco esasperato, con \u201ctolleranza zero\u201d, che ha per\u00f2 provocato disappunto e disagio nella generalit\u00e0&#8230;<\/p>\n","protected":false},"author":2,"featured_media":241278,"comment_status":"open","ping_status":"closed","sticky":false,"template":"","format":"standard","meta":{"footnotes":""},"categories":[7],"tags":[],"class_list":["post-242346","post","type-post","status-publish","format-standard","has-post-thumbnail","hentry","category-news"],"_links":{"self":[{"href":"https:\/\/www.brundisium.net\/index.php\/wp-json\/wp\/v2\/posts\/242346","targetHints":{"allow":["GET"]}}],"collection":[{"href":"https:\/\/www.brundisium.net\/index.php\/wp-json\/wp\/v2\/posts"}],"about":[{"href":"https:\/\/www.brundisium.net\/index.php\/wp-json\/wp\/v2\/types\/post"}],"author":[{"embeddable":true,"href":"https:\/\/www.brundisium.net\/index.php\/wp-json\/wp\/v2\/users\/2"}],"replies":[{"embeddable":true,"href":"https:\/\/www.brundisium.net\/index.php\/wp-json\/wp\/v2\/comments?post=242346"}],"version-history":[{"count":1,"href":"https:\/\/www.brundisium.net\/index.php\/wp-json\/wp\/v2\/posts\/242346\/revisions"}],"predecessor-version":[{"id":242350,"href":"https:\/\/www.brundisium.net\/index.php\/wp-json\/wp\/v2\/posts\/242346\/revisions\/242350"}],"wp:featuredmedia":[{"embeddable":true,"href":"https:\/\/www.brundisium.net\/index.php\/wp-json\/wp\/v2\/media\/241278"}],"wp:attachment":[{"href":"https:\/\/www.brundisium.net\/index.php\/wp-json\/wp\/v2\/media?parent=242346"}],"wp:term":[{"taxonomy":"category","embeddable":true,"href":"https:\/\/www.brundisium.net\/index.php\/wp-json\/wp\/v2\/categories?post=242346"},{"taxonomy":"post_tag","embeddable":true,"href":"https:\/\/www.brundisium.net\/index.php\/wp-json\/wp\/v2\/tags?post=242346"}],"curies":[{"name":"wp","href":"https:\/\/api.w.org\/{rel}","templated":true}]}}