{"id":242907,"date":"2025-04-23T10:17:57","date_gmt":"2025-04-23T08:17:57","guid":{"rendered":"https:\/\/www.brundisium.net\/?p=242907"},"modified":"2025-04-23T10:17:57","modified_gmt":"2025-04-23T08:17:57","slug":"verso-il-25-aprile-la-cgil-di-brindisi-promuove-memoria-pace-e-liberta","status":"publish","type":"post","link":"https:\/\/www.brundisium.net\/index.php\/verso-il-25-aprile-la-cgil-di-brindisi-promuove-memoria-pace-e-liberta\/","title":{"rendered":"Verso il 25 Aprile: la Cgil di Brindisi promuove memoria, pace e libert\u00e0"},"content":{"rendered":"<p>In occasione dell\u201980\u00b0 anniversario della Liberazione, la Cgil di Brindisi, insieme ad Anpi e Arci, promuove e partecipa a un ricco programma di iniziative nel territorio, con l\u2019obiettivo di riaffermare, oggi pi\u00f9 che mai, i valori della libert\u00e0, della democrazia e della pace. In un contesto segnato da nuovi conflitti nel cuore dell\u2019Europa e del Medio Oriente, la memoria della Resistenza e dei suoi ideali rappresenta un punto fermo e un impegno quotidiano per il futuro. Le iniziative si inseriscono nel solco del protocollo d\u2019intesa firmato lo scorso 27 gennaio da Cgil, Anpi e Arci Brindisi, che sancisce un patto di collaborazione per la promozione dei valori costituzionali e antifascisti tra le nuove generazioni.<br \/>\nIl primo appuntamento \u00e8 per marted\u00ec 23 aprile 2025 alle 17, presso la sala Gino Strada di palazzo Nervegna, in via Duomo 20 a Brindisi, con lo spettacolo teatrale \u00abDateci i pantaloni! La Resistenza delle donne\u00bb, a cura di Elisabetta Aloia e Marinella Dipalma. Un momento artistico e culturale per raccontare il ruolo delle donne nella lotta di liberazione e nel cambiamento della societ\u00e0 italiana.<br \/>\nGrande attesa per l\u2019evento centrale di mercoled\u00ec 24 aprile 2025, alle 17, presso l\u2019auditorium del castello Normanno-Svevo di Mesagne. Qui si terr\u00e0 l\u2019iniziativa pubblica \u00ab80 anni di pace, 80 anni di libert\u00e0\u00bb, in cui verr\u00e0 presentato il libro \u00abLibert\u00e0 a caro prezzo\u00bb di Giovanni Capurso, dedicato alla figura di Gioacchino Gesmundo e alle Fosse Ardeatine. Dopo i saluti del presidente della Provincia e sindaco di Mesagne Toni Matarrelli, l\u2019introduzione sar\u00e0 affidata a Antonella Montanaro, della segreteria organizzativa Cgil Brindisi. Interverranno Rosa Savoia (Spi Cgil), Margherita Rubino (Anpi Latiano), Claudio Superchi (Camera del lavoro Mesagne) e Salvatore Lezzi (Libera San Pancrazio). La Cgil considera questo appuntamento il cuore pulsante delle celebrazioni, perch\u00e9 unisce memoria e impegno, riflessione storica e attualit\u00e0, con uno sguardo rivolto alle giovani generazioni e alla necessit\u00e0 di costruire una societ\u00e0 fondata sulla giustizia e sulla pace.<br \/>\nIl giorno successivo, gioved\u00ec 25 aprile 2025, la Cgil di Brindisi parteciper\u00e0 alla cerimonia ufficiale promossa dalla prefettura di Brindisi in piazza Santa Teresa, a partire dalle 10.30, su invito del prefetto Luigi Carnevale. Sar\u00e0 un momento solenne e partecipato, con la presenza delle autorit\u00e0 civili e militari e con il coinvolgimento delle scuole e della cittadinanza. A seguire, alle 11 in piazza Sottile De Falco, si terr\u00e0 l&#8217;accoglienza dei partecipanti alla \u00abPedalata antifascista\u00bb, organizzata da Fiab, che attraverser\u00e0 i luoghi simbolo della Resistenza in citt\u00e0.<br \/>\nIl ciclo di iniziative si concluder\u00e0 luned\u00ec 28 aprile 2025 alle 17.30, con l\u2019incontro pubblico \u00abFischia il vento, infuria la bufera&#8230;\u00bb presso la sala Mediaporto 3D in viale Commenda, ex biblioteca provinciale di Brindisi. Lo scrittore Mimmo Tardio racconter\u00e0 in parole e memoria la lotta antifascista e il coraggio di chi ha combattuto per la libert\u00e0. Seguir\u00e0 un dibattito con la partecipazione delle scuole, delle categorie sindacali, delle associazioni culturali cittadine e con il contributo di Spi Cgil Brindisi (lega cittadina e dipartimento cultura), Associazione Dante Alighieri, Auser, Anpi, Scuola di formazione A. Caponnetto e Archivio storico Benedetto Petrone.<br \/>\n\u00abInvitiamo tutte le cittadine e i cittadini a partecipare numerosi a questi appuntamenti. Celebrare il 25 aprile significa rinnovare ogni giorno il valore della memoria, della partecipazione e della democrazia. Non \u00e8 solo una data, \u00e8 un impegno per il presente e per il futuro\u00bb, dichiara il segretario generale della Cgil di Brindisi Massimo Di Cesare. \u00abIl protocollo firmato il 27 gennaio con Anpi e Arci ci chiama a responsabilit\u00e0 condivise. Per questo ci saremo, con convinzione, per affermare ancora una volta i valori della nostra Costituzione antifascista. Senza memoria non c&#8217;\u00e8 futuro: serve oggi pi\u00f9 che mai costruire una societ\u00e0 fondata sulla giustizia sociale, sul rispetto e sulla solidariet\u00e0. Questo \u00e8 il nostro impegno quotidiano, il senso pi\u00f9 profondo della Liberazione\u00bb.<\/p>\n<p>Massimo Di Cesare<br \/>\nSegretario generale<br \/>\nCGIL Brindisi<\/p>\n","protected":false},"excerpt":{"rendered":"<p>In occasione dell\u201980\u00b0 anniversario della Liberazione, la Cgil di Brindisi, insieme ad Anpi e Arci, promuove e partecipa a un ricco programma di iniziative nel territorio, con l\u2019obiettivo di riaffermare, oggi pi\u00f9 che mai, i valori della libert\u00e0, della democrazia e della pace. In un contesto segnato da nuovi conflitti nel cuore dell\u2019Europa e del Medio Oriente, la memoria della Resistenza e dei suoi ideali rappresenta un punto fermo e un impegno quotidiano per il futuro. Le iniziative si inseriscono nel solco del protocollo d\u2019intesa firmato lo scorso 27 gennaio da Cgil, Anpi e Arci Brindisi, che sancisce un patto di collaborazione per la promozione dei valori costituzionali e antifascisti tra le nuove generazioni. Il primo appuntamento \u00e8 per marted\u00ec 23 aprile 2025 alle 17, presso la sala Gino Strada di palazzo Nervegna, in via Duomo 20 a Brindisi, con lo spettacolo teatrale \u00abDateci i pantaloni! La Resistenza delle donne\u00bb, a cura di Elisabetta Aloia e Marinella Dipalma. Un momento artistico e culturale per raccontare il ruolo delle donne nella&#8230;<\/p>\n","protected":false},"author":2,"featured_media":242912,"comment_status":"open","ping_status":"closed","sticky":false,"template":"","format":"standard","meta":{"footnotes":""},"categories":[7],"tags":[],"class_list":["post-242907","post","type-post","status-publish","format-standard","has-post-thumbnail","hentry","category-news"],"_links":{"self":[{"href":"https:\/\/www.brundisium.net\/index.php\/wp-json\/wp\/v2\/posts\/242907","targetHints":{"allow":["GET"]}}],"collection":[{"href":"https:\/\/www.brundisium.net\/index.php\/wp-json\/wp\/v2\/posts"}],"about":[{"href":"https:\/\/www.brundisium.net\/index.php\/wp-json\/wp\/v2\/types\/post"}],"author":[{"embeddable":true,"href":"https:\/\/www.brundisium.net\/index.php\/wp-json\/wp\/v2\/users\/2"}],"replies":[{"embeddable":true,"href":"https:\/\/www.brundisium.net\/index.php\/wp-json\/wp\/v2\/comments?post=242907"}],"version-history":[{"count":1,"href":"https:\/\/www.brundisium.net\/index.php\/wp-json\/wp\/v2\/posts\/242907\/revisions"}],"predecessor-version":[{"id":242913,"href":"https:\/\/www.brundisium.net\/index.php\/wp-json\/wp\/v2\/posts\/242907\/revisions\/242913"}],"wp:featuredmedia":[{"embeddable":true,"href":"https:\/\/www.brundisium.net\/index.php\/wp-json\/wp\/v2\/media\/242912"}],"wp:attachment":[{"href":"https:\/\/www.brundisium.net\/index.php\/wp-json\/wp\/v2\/media?parent=242907"}],"wp:term":[{"taxonomy":"category","embeddable":true,"href":"https:\/\/www.brundisium.net\/index.php\/wp-json\/wp\/v2\/categories?post=242907"},{"taxonomy":"post_tag","embeddable":true,"href":"https:\/\/www.brundisium.net\/index.php\/wp-json\/wp\/v2\/tags?post=242907"}],"curies":[{"name":"wp","href":"https:\/\/api.w.org\/{rel}","templated":true}]}}