{"id":243766,"date":"2025-05-10T17:46:49","date_gmt":"2025-05-10T15:46:49","guid":{"rendered":"https:\/\/www.brundisium.net\/?p=243766"},"modified":"2025-05-10T17:46:49","modified_gmt":"2025-05-10T15:46:49","slug":"grande-polemica-a-torre-santa-susanna-per-i-manifesti-per-il-passaggio-del-giro-ditalia","status":"publish","type":"post","link":"https:\/\/www.brundisium.net\/index.php\/grande-polemica-a-torre-santa-susanna-per-i-manifesti-per-il-passaggio-del-giro-ditalia\/","title":{"rendered":"Grande polemica a Torre Santa Susanna per i manifesti per il passaggio del Giro d&#8217;Italia"},"content":{"rendered":"<p>A Torre Santa Susanna \u00e8 scoppiata una vivace polemica attorno al manifesto scelto per pubblicizzare il passaggio del Giro d\u2019Italia. L\u2019immagine ritrae di spalle una giovane donna in topless e pantaloncini rosa, con il fondoschiena in primo piano adagiato sulla sella di una bicicletta, accompagnata dallo slogan: \u201cDietro ogni curva un sogno rosa\u201d. Un\u2019immagine che ha immediatamente diviso l\u2019opinione pubblica, sollevando critiche per sessismo da un lato e difese artistiche dall\u2019altro.<\/p>\n<p>&nbsp;<\/p>\n<p>A dare fuoco alle polveri \u00e8 stata <strong>Emergency<\/strong>, che ha chiesto la rimozione del manifesto ritenendolo \u201cinappropriato\u201d e citando l\u2019articolo 23 del Codice della Strada, che vieta messaggi pubblicitari sessisti o lesivi della dignit\u00e0. \u201cIl rispetto dei diritti delle donne deve essere una pratica quotidiana\u201d, ha ribadito l\u2019organizzazione.<\/p>\n<p>&nbsp;<\/p>\n<p>Anche esponenti politici locali e nazionali si sono espressi duramente. Il deputato del Partito Democratico <strong>Claudio Stefanazz<\/strong>i ha attaccato il sindaco Michele Saccomanno definendo la sua scelta \u201cla peggiore possibile\u201d e assegnandogli sarcasticamente \u201cla maglia rosa della vergogna\u201d.<\/p>\n<p>Il <strong>Partito Democratico e i Giovani Democratici di Torre<\/strong> hanno preso posizione congiunta dissociandosi &#8220;dal modo in cui \u00e8 stata pubblicizzata la donna nel manifesto apparso in questi giorni nel Comune, recentemente diffuso in occasione del passaggio del Giro d\u2019Italia, un evento sportivo di portata nazionale e simbolo di valori come l\u2019inclusione, la passione e la condivisione.<br \/>\nApprendiamo della buona fede di chi ha creato tale pubblicit\u00e0 ma, nel 2025, non \u00e8 condivisibile in qualsiasi contesto ogni strumentalizzazione del corpo femminile. \u00c8 nostro dovere, come forze politiche impegnate per l\u2019uguaglianza e il rispetto dei diritti, denunciare con forza ogni linguaggio o gesto che alimenti stereotipi di genere. Rinnoviamo il nostro impegno per una societ\u00e0 pi\u00f9 giusta, dove il rispetto e la parit\u00e0 siano valori concreti e quotidiani.<br \/>\nIl rispetto delle donne non \u00e8 un\u2019opinione&#8221;.<\/p>\n<p>Altrettanto dura la nota di <strong>Alleanza Verdi e Sinistra della provincia di Brindisi<\/strong>, che ha parlato di \u201ccomunicazione sessista non solo nell&#8217;immagine, ma anche nel testo\u201d.<br \/>\n&#8220;\u00c8 raccapricciante &#8211; si legge nella nota &#8211; che, ancora oggi, si pensi di strumentalizzare l&#8217;immagine della donna per veicolare un messaggio volgare e violento, che nulla ha a che fare con il Giro d&#8217;Italia, emblema storico di un&#8217;immagine italiana della bellezza e della condivisione. Riteniamo che questo modo di comunicare sia un&#8217;offesa per l&#8217;etica di tutte le donne e di tanti uomini.<br \/>\nBasiti da cotanta miopia che richiama a un&#8217;idea maschilista e patriarcale dell&#8217;Italia, ribadiamo la nostra totale avversione rispetto a tale modo di fare politica e invitiamo il sindaco a rimuovere i manifesti e utilizzare un messaggio pi\u00f9 consono alla circostanza per festeggiare il passaggio del Giro d&#8217;Italia&#8221;.<\/p>\n<p>&nbsp;<\/p>\n<p>Di tutt\u2019altro tenore la posizione dell\u2019autrice della fotografia, <strong>Mimma Petarra<\/strong>, che ha difeso il proprio lavoro come simbolo di \u201clibert\u00e0, passione e sport\u201d, accusando i critici di aver distorto il significato dell\u2019immagine.<\/p>\n<p>&nbsp;<\/p>\n<p>A chiudere il cerchio \u00e8 stato il sindaco <strong>Michele Saccomanno<\/strong>, che ha respinto le accuse con una lunga dichiarazione. Ha chiarito che il manifesto non \u00e8 stato commissionato dal Comune, ma esposto in quattro esercizi commerciali privati. Ha parlato di \u201clibera espressione artistica\u201d e di \u201capprezzamento\u201d da parte della cittadinanza, respingendo la lettura sessista come una forzatura. Non sono mancate le stoccate agli avversari politici: Emergency \u00e8 stata accusata di aver citato in modo improprio il Codice della Strada mentre Stefanazzi \u00e8 stato liquidato come \u201cillustre sconosciuto\u201d e ringraziato &#8220;a nome di tutta la cittadinanza, e con un po\u2019 di presunzione anche a nome di FDI, per la maglia rosa della vergogna : continuer\u00f2 a difendere ogni diritto di libert\u00e0 anche per lui e per Emergency . E\u2019 stato comunque un buon esercizio di libero confronto per la comunit\u00e0 torrese. Evviva il Giro d\u2019Italia&#8221;.<\/p>\n","protected":false},"excerpt":{"rendered":"<p>A Torre Santa Susanna \u00e8 scoppiata una vivace polemica attorno al manifesto scelto per pubblicizzare il passaggio del Giro d\u2019Italia. L\u2019immagine ritrae di spalle una giovane donna in topless e pantaloncini rosa, con il fondoschiena in primo piano adagiato sulla sella di una bicicletta, accompagnata dallo slogan: \u201cDietro ogni curva un sogno rosa\u201d. Un\u2019immagine che ha immediatamente diviso l\u2019opinione pubblica, sollevando critiche per sessismo da un lato e difese artistiche dall\u2019altro. &nbsp; A dare fuoco alle polveri \u00e8 stata Emergency, che ha chiesto la rimozione del manifesto ritenendolo \u201cinappropriato\u201d e citando l\u2019articolo 23 del Codice della Strada, che vieta messaggi pubblicitari sessisti o lesivi della dignit\u00e0. \u201cIl rispetto dei diritti delle donne deve essere una pratica quotidiana\u201d, ha ribadito l\u2019organizzazione. &nbsp; Anche esponenti politici locali e nazionali si sono espressi duramente. Il deputato del Partito Democratico Claudio Stefanazzi ha attaccato il sindaco Michele Saccomanno definendo la sua scelta \u201cla peggiore possibile\u201d e assegnandogli sarcasticamente \u201cla maglia rosa della vergogna\u201d. Il Partito Democratico e i Giovani Democratici di Torre hanno preso&#8230;<\/p>\n","protected":false},"author":2,"featured_media":243768,"comment_status":"open","ping_status":"closed","sticky":false,"template":"","format":"standard","meta":{"footnotes":""},"categories":[7],"tags":[],"class_list":["post-243766","post","type-post","status-publish","format-standard","has-post-thumbnail","hentry","category-news"],"_links":{"self":[{"href":"https:\/\/www.brundisium.net\/index.php\/wp-json\/wp\/v2\/posts\/243766","targetHints":{"allow":["GET"]}}],"collection":[{"href":"https:\/\/www.brundisium.net\/index.php\/wp-json\/wp\/v2\/posts"}],"about":[{"href":"https:\/\/www.brundisium.net\/index.php\/wp-json\/wp\/v2\/types\/post"}],"author":[{"embeddable":true,"href":"https:\/\/www.brundisium.net\/index.php\/wp-json\/wp\/v2\/users\/2"}],"replies":[{"embeddable":true,"href":"https:\/\/www.brundisium.net\/index.php\/wp-json\/wp\/v2\/comments?post=243766"}],"version-history":[{"count":1,"href":"https:\/\/www.brundisium.net\/index.php\/wp-json\/wp\/v2\/posts\/243766\/revisions"}],"predecessor-version":[{"id":243769,"href":"https:\/\/www.brundisium.net\/index.php\/wp-json\/wp\/v2\/posts\/243766\/revisions\/243769"}],"wp:featuredmedia":[{"embeddable":true,"href":"https:\/\/www.brundisium.net\/index.php\/wp-json\/wp\/v2\/media\/243768"}],"wp:attachment":[{"href":"https:\/\/www.brundisium.net\/index.php\/wp-json\/wp\/v2\/media?parent=243766"}],"wp:term":[{"taxonomy":"category","embeddable":true,"href":"https:\/\/www.brundisium.net\/index.php\/wp-json\/wp\/v2\/categories?post=243766"},{"taxonomy":"post_tag","embeddable":true,"href":"https:\/\/www.brundisium.net\/index.php\/wp-json\/wp\/v2\/tags?post=243766"}],"curies":[{"name":"wp","href":"https:\/\/api.w.org\/{rel}","templated":true}]}}