{"id":245878,"date":"2025-06-16T14:46:26","date_gmt":"2025-06-16T12:46:26","guid":{"rendered":"https:\/\/www.brundisium.net\/?p=245878"},"modified":"2025-06-18T17:28:33","modified_gmt":"2025-06-18T15:28:33","slug":"centri-per-limpiego-di-brindisi-e-provincia-130-annunci-di-lavoro-attivi-e-207-le-figure-ricercate-sul-portale-regionale-lavoroxte","status":"publish","type":"post","link":"https:\/\/www.brundisium.net\/index.php\/centri-per-limpiego-di-brindisi-e-provincia-130-annunci-di-lavoro-attivi-e-207-le-figure-ricercate-sul-portale-regionale-lavoroxte\/","title":{"rendered":"Centri per l\u2019impiego di Brindisi e provincia: 130 annunci di lavoro attivi e 207 le figure ricercate sul portale regionale \u201cLavoroXTe\u201d"},"content":{"rendered":"<p>&nbsp;<\/p>\n<p>L\u2019arrivo dell\u2019estate offre una settimana ricca di eventi dedicati a chi sta cercando un\u2019occupazione sia nel lavoro stagionale che nel settore socio-sanitario. Dopo il boom di presenze registrate nei due appuntamenti di presentazione dei progetti connessi al Servizio Civile Regionale 2025, e tenutisi rispettivamente, gioved\u00ec 12 giugno a Cisternino e venerd\u00ec 13 giugno a Brindisi, organizzati da ARPAL Puglia-Ambito Territoriale di Brindisi, si riparte col vento in poppa.<\/p>\n<p>Il lavoro stagionale in primo piano attraverso il Recruiting Day &#8211; Last Call for Summer nell\u2019ambito territoriale Brindisi-Taranto, che si svolger\u00e0 simultaneamente nei Centri per l\u2019impiego di Brindisi e Ostuni domani 17 giugno dalle 14,30 alle 16,30, e nel Centro per l\u2019impiego di Manduria gioved\u00ec 19 giugno negli stessi orari. Si collocher\u00e0 nell\u2019ambito del Last Call for Summer l\u2019evento \u201cTurismo &amp; Lavoro-Ginosa &amp; Marina 2025\u201d, organizzato in collaborazione con l\u2019Amministrazione comunale di Ginosa che si terr\u00e0 il 26 giugno 2025 presso il Palazzo della Delegazione di Marina di Ginosa, dalle 9,30 alle 16,30.<\/p>\n<p>Anche il settore socio sanitario ritorna in pista attraverso due Job Day dedicati che si svolgeranno rispettivamente gioved\u00ec 19 giugno a Mesagne dalle 9,30 alle 12,00 presso il Castello Normanno Svevo e gioved\u00ec 3 luglio, dalle 9,30 alle 12,00, presso il Centro per l\u2019impiego di Brindisi, Sala Convegno del Palazzo della Regione Puglia. Numerose le aziende del territorio che hanno aderito all\u2019iniziativa, offrendo una grande opportunit\u00e0 a coloro i quali vorrebbero inserirsi professionalmente nel settore socio sanitario.<\/p>\n<p>&nbsp;<\/p>\n<p>Sottoscritto inoltre, nella mattinata odierna, il \u201cProtocollo d\u2019Intesa &#8211; Accordo di Rete per la Parit\u00e0 di Genere\u201d, attraverso i soggetti firmatari:   \u2013    ,     \u0300     e  \/ .<\/p>\n<p>&nbsp;<\/p>\n<p>Intanto, il 23\u00b0 report settimanale, elaborato dall\u2019Ambito di Brindisi di ARPAL Puglia, visionabile al seguente link https:\/\/rb.gy\/n66xpv, conferma un panorama ricco e variegato per chi \u00e8 in cerca di occupazione: 130 annunci attivi, per un totale di 207 posti di lavoro nei diversi settori produttivi del territorio.<\/p>\n<p>&nbsp;<\/p>\n<p>A guidare il mercato del lavoro \u00e8 ancora una volta il comparto turistico e ristorazione con ben 99 posizioni aperte, che lo conferma quale settore trainante dell\u2019economia locale. Al secondo posto si colloca il settore sanit\u00e0 con 32 figure ricercate e al terzo il commercio con 15 risorse ricercate. Si posiziona al quarto posto il comparto impiantistica elettrica con nove risorse richieste. Sei figure cercate nel settore pulizie, sei in edilizia e sei in metalmeccanica. Cinque le posizioni ricercate per il settore tecnico e quattro per il comparto amministrativo. Tre figure richieste per il settore trasporti, tre per il comparto marketing, tre per agricoltura e zootecnia. Sono ricercate due figure per il settore servizi, due per logistica, due per contabile e ancora due in ambito artigianato. Si seleziona un lavoratore nel settore informatico, uno in servizi e terziario, uno in assistenza domiciliare, uno in servizi alla persona e uno nel settore alimentare.<br \/>\nSi conta una posizione aperta per le categorie protette ex art 1 L.68\/99 e due posizioni aperte riservate alle altre categorie protette ex art.18 L.68\/99.<\/p>\n<p>&nbsp;<\/p>\n<p>Completano l\u2019offerta una serie di proposte di lavoro e formazione all\u2019estero attraverso la rete EURES, che promuove la mobilit\u00e0 professionale in ambito europeo.<br \/>\nSi ricorda che le offerte, parimenti rivolte a entrambi i sessi, sono pubblicate quotidianamente sul portale \u201cLavoroxTe Puglia\u201d, dal quale ci si pu\u00f2 candidare direttamente tramite SPID.<\/p>\n<p>Sempre aggiornata, inoltre, la sezione dedicata ai corsi di formazione per diplomati e disoccupati, cui si uniscono le opportunit\u00e0 offerte con i programmi Garanzia Giovani e NEET.<\/p>\n<p>Si consiglia di consultare costantemente la pagina Facebook \u201cCentri impiego Brindisi e provincia\u201d, attraverso la quale \u00e8 possibile restare sempre aggiornati sugli annunci di lavoro attivi e sugli eventi dedicati alla ricerca attiva del lavoro e di orientamento organizzati su tutto il territorio.<\/p>\n<p>Per qualunque supporto, richiesta o informazione, i cittadini e le imprese possono rivolgersi agli operatori di ARPAL Puglia dei tre Centri per l\u2019impiego dell\u2019Ambito territoriale di Brindisi (Brindisi, Francavilla Fontana, Ostuni), i cui contatti si trovano in coda al comunicato.<br \/>\nGli uffici sono aperti al pubblico dal luned\u00ec al venerd\u00ec dalle 8:30 alle 11:30, il marted\u00ec anche nel pomeriggio dalle 15:00 alle 16:30 e il gioved\u00ec pomeriggio su appuntamento.<\/p>\n<p>&nbsp;<\/p>\n<p>AGENZIA REGIONALE POLITICHE ATTIVE DEL LAVORO PUGLIA<br \/>\nL&#8217;Agenzia Regionale per le Politiche Attive del Lavoro della Puglia nasce con la Legge regionale n. 29 del 29 giugno 2018 e ha come obiettivo prioritario la piu\u0300 ampia inclusione nel mondo del lavoro. Gestisce i Centri per l\u2019impiego; favorisce l\u2019incontro tra la domanda e l\u2019offerta di lavoro, in sinergia con imprese e privati accreditati; promuove l\u2019integrazione delle persone con disabilit\u00e0 e fragilit\u00e0; supporta l\u2019osservatorio del mercato del lavoro; collabora alla programmazione dell\u2019offerta formativa rispetto alle dinamiche del mercato del lavoro e dei fabbisogni professionali.<\/p>\n<p>www.arpal.regione.puglia.it<\/p>\n<p>CONTATTI<br \/>\nUfficio Comunicazione Direzione Generale<br \/>\nMail: comunicazione@arpal.regione.puglia.it<\/p>\n<p>Ufficio comunicazione Ambito Territoriale di Brindisi<br \/>\nMail: comunicazione.brindisi@arpal.regione.puglia.it<\/p>\n<p>Ufficio comunicazione Ambito Territoriale di Taranto<br \/>\nMail: comunicazione.taranto@arpal.regione.puglia.it<\/p>\n<p>CPI Brindisi<br \/>\nMail: ido.brindisi@arpal.regione.puglia.it<br \/>\nNumero di telefono: 0831 544700<\/p>\n<p>CPI Francavilla Fontana<br \/>\nMail: ido.francavilla@arpal.regione.puglia.it<br \/>\nNumero di telefono: 0831 1568035<\/p>\n<p>CPI Ostuni<br \/>\nMail: ido.ostuni@arpal.regione.puglia.it<br \/>\nNumero di telefono: 0831 1568001<\/p>\n<p>CPI Manduria<br \/>\nMail: ido.manduria@arpal.regione.puglia.it<br \/>\nNumero di telefono: 099 2248080<\/p>\n","protected":false},"excerpt":{"rendered":"<p>&nbsp; L\u2019arrivo dell\u2019estate offre una settimana ricca di eventi dedicati a chi sta cercando un\u2019occupazione sia nel lavoro stagionale che nel settore socio-sanitario. Dopo il boom di presenze registrate nei due appuntamenti di presentazione dei progetti connessi al Servizio Civile Regionale 2025, e tenutisi rispettivamente, gioved\u00ec 12 giugno a Cisternino e venerd\u00ec 13 giugno a Brindisi, organizzati da ARPAL Puglia-Ambito Territoriale di Brindisi, si riparte col vento in poppa. Il lavoro stagionale in primo piano attraverso il Recruiting Day &#8211; Last Call for Summer nell\u2019ambito territoriale Brindisi-Taranto, che si svolger\u00e0 simultaneamente nei Centri per l\u2019impiego di Brindisi e Ostuni domani 17 giugno dalle 14,30 alle 16,30, e nel Centro per l\u2019impiego di Manduria gioved\u00ec 19 giugno negli stessi orari. Si collocher\u00e0 nell\u2019ambito del Last Call for Summer l\u2019evento \u201cTurismo &amp; Lavoro-Ginosa &amp; Marina 2025\u201d, organizzato in collaborazione con l\u2019Amministrazione comunale di Ginosa che si terr\u00e0 il 26 giugno 2025 presso il Palazzo della Delegazione di Marina di Ginosa, dalle 9,30 alle 16,30. Anche il settore socio sanitario ritorna in pista&#8230;<\/p>\n","protected":false},"author":2,"featured_media":245887,"comment_status":"open","ping_status":"closed","sticky":false,"template":"","format":"standard","meta":{"footnotes":""},"categories":[450,7],"tags":[],"class_list":["post-245878","post","type-post","status-publish","format-standard","has-post-thumbnail","hentry","category-formazione-e-lavoro","category-news"],"_links":{"self":[{"href":"https:\/\/www.brundisium.net\/index.php\/wp-json\/wp\/v2\/posts\/245878","targetHints":{"allow":["GET"]}}],"collection":[{"href":"https:\/\/www.brundisium.net\/index.php\/wp-json\/wp\/v2\/posts"}],"about":[{"href":"https:\/\/www.brundisium.net\/index.php\/wp-json\/wp\/v2\/types\/post"}],"author":[{"embeddable":true,"href":"https:\/\/www.brundisium.net\/index.php\/wp-json\/wp\/v2\/users\/2"}],"replies":[{"embeddable":true,"href":"https:\/\/www.brundisium.net\/index.php\/wp-json\/wp\/v2\/comments?post=245878"}],"version-history":[{"count":1,"href":"https:\/\/www.brundisium.net\/index.php\/wp-json\/wp\/v2\/posts\/245878\/revisions"}],"predecessor-version":[{"id":245888,"href":"https:\/\/www.brundisium.net\/index.php\/wp-json\/wp\/v2\/posts\/245878\/revisions\/245888"}],"wp:featuredmedia":[{"embeddable":true,"href":"https:\/\/www.brundisium.net\/index.php\/wp-json\/wp\/v2\/media\/245887"}],"wp:attachment":[{"href":"https:\/\/www.brundisium.net\/index.php\/wp-json\/wp\/v2\/media?parent=245878"}],"wp:term":[{"taxonomy":"category","embeddable":true,"href":"https:\/\/www.brundisium.net\/index.php\/wp-json\/wp\/v2\/categories?post=245878"},{"taxonomy":"post_tag","embeddable":true,"href":"https:\/\/www.brundisium.net\/index.php\/wp-json\/wp\/v2\/tags?post=245878"}],"curies":[{"name":"wp","href":"https:\/\/api.w.org\/{rel}","templated":true}]}}