{"id":246226,"date":"2025-06-23T15:03:16","date_gmt":"2025-06-23T13:03:16","guid":{"rendered":"https:\/\/www.brundisium.net\/?p=246226"},"modified":"2025-06-25T17:41:42","modified_gmt":"2025-06-25T15:41:42","slug":"centri-per-limpiego-di-brindisi-e-provincia-82-annunci-attivi-e-140-le-figure-ricercate-sul-portale-regionale-lavoroxte","status":"publish","type":"post","link":"https:\/\/www.brundisium.net\/index.php\/centri-per-limpiego-di-brindisi-e-provincia-82-annunci-attivi-e-140-le-figure-ricercate-sul-portale-regionale-lavoroxte\/","title":{"rendered":"Centri per l\u2019impiego di Brindisi e provincia: 82 annunci attivi e 140 le figure ricercate sul portale regionale \u201cLavoroXTe\u201d"},"content":{"rendered":"<p>Ancora un passo avanti verso un mercato del lavoro pi\u00f9 inclusivo e accessibile per tutti. In arrivo dal 30 giugno, anche nel territorio brindisino, il \u2018Camper del Lavoro\u2019, un innovativo servizio itinerante progettato per portare i Centri per l\u2019impiego direttamente nel cuore delle comunit\u00e0 pugliesi. Progettato dall\u2019agenzia regionale per le politiche attive del lavoro della Regione Puglia \u2013 ARPAL Puglia, in collaborazione con gli enti del terzo settore Consorzio Mestieri, Cefas Puglia e Consorzio Sale della Terra, il \u2018Camper del Lavoro\u2019 sfida le barriere fisiche offrendo servizi di orientamento, favorendo l\u2019incontro domanda-offerta di lavoro anche nei luoghi pi\u00f9 esposti e lontani dai Centri per l&#8217;impiego.<br \/>\nL\u2019obiettivo \u00e8 offrire consulenza sulle politiche attive del lavoro, realizzando azioni concrete che favoriscano l\u2019inclusione lavorativa contrastando i possibili fenomeni di caporalato, portando informazione, tutela e opportunit\u00e0 ai cittadini della Regione. La prima tappa prevista nel territorio brindisino \u00e8 a Villa castelli presso Piazza Municipio, il prossimo 30 giugno. Seguono gli appuntamenti del 1\u00b0 luglio a Erchie, presso Atrio Palazzo Ducale, il 2 luglio a San Pietro Vernotico presso Piazza del Popolo e il 3 luglio a San Vito dei Normanni presso Piazza Carducci.<\/p>\n<p>Grande affluenza e partecipazione registrate nelle tappe del Recruiting Day &#8211; Last Call for Summer nell\u2019ambito territoriale Brindisi-Taranto, svoltosi simultaneamente nei Centri per l\u2019impiego di Brindisi e Ostuni lo scorso 17 giugno e gioved\u00ec 19 giugno nel Centro per l\u2019impiego di Manduria e che avr\u00e0 una prosecuzione a Ginosa, presso Palazzo di Delegazione di Marina di Ginosa il 26 giugno dalle 10:30 alle 16:30.<\/p>\n<p>Grandi numeri anche per il settore socio sanitario nello Job Day svoltosi lo scorso 19 giugno a Mesagne presso il Castello Normanno Svevo e che avr\u00e0 un prosieguo gioved\u00ec 3 luglio, dalle 9,30 alle 12,00, presso il Centro per l\u2019impiego di Brindisi, Sala Convegno del Palazzo della Regione Puglia. Molteplici le aziende del territorio che hanno aderito all\u2019iniziativa, offrendo una grande opportunit\u00e0 a coloro i quali vorrebbero inserirsi professionalmente nel settore socio sanitario.<\/p>\n<p>Intanto, il 24\u00b0 report settimanale, elaborato dall\u2019Ambito di Brindisi di ARPAL Puglia, visionabile al seguente link https:\/\/rb.gy\/n66xpv, conferma un panorama ricco e variegato per chi \u00e8 in cerca di occupazione: 82 annunci attivi, per un totale di 140 posti di lavoro nei diversi settori produttivi del territorio.<\/p>\n<p>A guidare il mercato del lavoro questa settimana \u00e8 il comparto sanit\u00e0 con ben 57 posizioni aperte in virt\u00f9 anche del Job Day Sanitario. Al secondo posto si collocano il settore turismo e ristorazione con 12 figure richieste, di pari passo con il settore commercio nel quale si ricercano sempre 12 risorse. Al terzo posto c\u2019\u00e8 il comparto impiantistica elettrica con nove risorse richieste. Sette figure cercate nel settore metalmeccanico e in edilizia. Sono invece sei le risorse richieste nel comparto pulizie. Quattro le posizioni ricercate per il settore tecnico, tre per trasporti, tre per il comparto marketing, tre per logistica e tre per amministrativo. Due per servizi alla persona e due per artigianato. E\u2019 richiesto un lavoratore per il comparto informatico, uno in assistenza domiciliare, uno nel settore alimentari, uno per agricoltura e zootecnia<br \/>\nSi contano quattro posizioni aperte per le categorie protette ex art 1 L.68\/99 e due posizioni aperte riservate alle altre categorie protette ex art.18 L.68\/99.<\/p>\n<p>Completano l\u2019offerta una serie di proposte di lavoro e formazione all\u2019estero attraverso la rete EURES, che promuove la mobilit\u00e0 professionale in ambito europeo.<br \/>\nSi ricorda che le offerte, parimenti rivolte a entrambi i sessi, sono pubblicate quotidianamente sul portale \u201cLavoroxTe Puglia\u201d, dal quale ci si pu\u00f2 candidare direttamente tramite SPID.<\/p>\n<p>Sempre aggiornata, inoltre, la sezione dedicata ai corsi di formazione per diplomati e disoccupati, cui si uniscono le opportunit\u00e0 offerte con i programmi Garanzia Giovani e NEET.<\/p>\n<p>Si consiglia di consultare costantemente la pagina Facebook \u201cCentri impiego Brindisi e provincia\u201d, attraverso la quale \u00e8 possibile restare sempre aggiornati sugli annunci di lavoro attivi e sugli eventi dedicati alla ricerca attiva del lavoro e di orientamento organizzati su tutto il territorio.<\/p>\n<p>Per qualunque supporto, richiesta o informazione, i cittadini e le imprese possono rivolgersi agli operatori di ARPAL Puglia dei tre Centri per l\u2019impiego dell\u2019Ambito territoriale di Brindisi (Brindisi, Francavilla Fontana, Ostuni), i cui contatti si trovano in coda al comunicato.<br \/>\nGli uffici sono aperti al pubblico dal luned\u00ec al venerd\u00ec dalle 8:30 alle 11:30, il marted\u00ec anche nel pomeriggio dalle 15:00 alle 16:30 e il gioved\u00ec pomeriggio su appuntamento.<\/p>\n<p>&nbsp;<\/p>\n<p><strong>AGENZIA REGIONALE POLITICHE ATTIVE DEL LAVORO PUGLIA<\/strong><br \/>\nL&#8217;Agenzia Regionale per le Politiche Attive del Lavoro della Puglia nasce con la Legge regionale n. 29 del 29 giugno 2018 e ha come obiettivo prioritario la piu\u0300 ampia inclusione nel mondo del lavoro. Gestisce i Centri per l\u2019impiego; favorisce l\u2019incontro tra la domanda e l\u2019offerta di lavoro, in sinergia con imprese e privati accreditati; promuove l\u2019integrazione delle persone con disabilit\u00e0 e fragilit\u00e0; supporta l\u2019osservatorio del mercato del lavoro; collabora alla programmazione dell\u2019offerta formativa rispetto alle dinamiche del mercato del lavoro e dei fabbisogni professionali.<\/p>\n<p>www.arpal.regione.puglia.it<\/p>\n<p><strong>CONTATTI<\/strong><br \/>\nUfficio Comunicazione Direzione Generale<br \/>\nMail: comunicazione@arpal.regione.puglia.it<\/p>\n<p>Ufficio comunicazione Ambito Territoriale di Brindisi<br \/>\nMail: comunicazione.brindisi@arpal.regione.puglia.it<\/p>\n<p>&nbsp;<\/p>\n<p>CPI Brindisi<br \/>\nMail: ido.brindisi@arpal.regione.puglia.it<br \/>\nNumero di telefono: 0831 544700<\/p>\n<p>CPI Francavilla Fontana<br \/>\nMail: ido.francavilla@arpal.regione.puglia.it<br \/>\nNumero di telefono: 0831 1568035<\/p>\n<p>CPI Ostuni<br \/>\nMail: ido.ostuni@arpal.regione.puglia.it<br \/>\nNumero di telefono: 0831 1568001<\/p>\n","protected":false},"excerpt":{"rendered":"<p>Ancora un passo avanti verso un mercato del lavoro pi\u00f9 inclusivo e accessibile per tutti. In arrivo dal 30 giugno, anche nel territorio brindisino, il \u2018Camper del Lavoro\u2019, un innovativo servizio itinerante progettato per portare i Centri per l\u2019impiego direttamente nel cuore delle comunit\u00e0 pugliesi. Progettato dall\u2019agenzia regionale per le politiche attive del lavoro della Regione Puglia \u2013 ARPAL Puglia, in collaborazione con gli enti del terzo settore Consorzio Mestieri, Cefas Puglia e Consorzio Sale della Terra, il \u2018Camper del Lavoro\u2019 sfida le barriere fisiche offrendo servizi di orientamento, favorendo l\u2019incontro domanda-offerta di lavoro anche nei luoghi pi\u00f9 esposti e lontani dai Centri per l&#8217;impiego. L\u2019obiettivo \u00e8 offrire consulenza sulle politiche attive del lavoro, realizzando azioni concrete che favoriscano l\u2019inclusione lavorativa contrastando i possibili fenomeni di caporalato, portando informazione, tutela e opportunit\u00e0 ai cittadini della Regione. La prima tappa prevista nel territorio brindisino \u00e8 a Villa castelli presso Piazza Municipio, il prossimo 30 giugno. Seguono gli appuntamenti del 1\u00b0 luglio a Erchie, presso Atrio Palazzo Ducale, il 2 luglio a&#8230;<\/p>\n","protected":false},"author":2,"featured_media":246233,"comment_status":"open","ping_status":"closed","sticky":false,"template":"","format":"standard","meta":{"footnotes":""},"categories":[450,7],"tags":[],"class_list":["post-246226","post","type-post","status-publish","format-standard","has-post-thumbnail","hentry","category-formazione-e-lavoro","category-news"],"_links":{"self":[{"href":"https:\/\/www.brundisium.net\/index.php\/wp-json\/wp\/v2\/posts\/246226","targetHints":{"allow":["GET"]}}],"collection":[{"href":"https:\/\/www.brundisium.net\/index.php\/wp-json\/wp\/v2\/posts"}],"about":[{"href":"https:\/\/www.brundisium.net\/index.php\/wp-json\/wp\/v2\/types\/post"}],"author":[{"embeddable":true,"href":"https:\/\/www.brundisium.net\/index.php\/wp-json\/wp\/v2\/users\/2"}],"replies":[{"embeddable":true,"href":"https:\/\/www.brundisium.net\/index.php\/wp-json\/wp\/v2\/comments?post=246226"}],"version-history":[{"count":1,"href":"https:\/\/www.brundisium.net\/index.php\/wp-json\/wp\/v2\/posts\/246226\/revisions"}],"predecessor-version":[{"id":246234,"href":"https:\/\/www.brundisium.net\/index.php\/wp-json\/wp\/v2\/posts\/246226\/revisions\/246234"}],"wp:featuredmedia":[{"embeddable":true,"href":"https:\/\/www.brundisium.net\/index.php\/wp-json\/wp\/v2\/media\/246233"}],"wp:attachment":[{"href":"https:\/\/www.brundisium.net\/index.php\/wp-json\/wp\/v2\/media?parent=246226"}],"wp:term":[{"taxonomy":"category","embeddable":true,"href":"https:\/\/www.brundisium.net\/index.php\/wp-json\/wp\/v2\/categories?post=246226"},{"taxonomy":"post_tag","embeddable":true,"href":"https:\/\/www.brundisium.net\/index.php\/wp-json\/wp\/v2\/tags?post=246226"}],"curies":[{"name":"wp","href":"https:\/\/api.w.org\/{rel}","templated":true}]}}