{"id":248792,"date":"2025-08-10T20:17:25","date_gmt":"2025-08-10T18:17:25","guid":{"rendered":"https:\/\/www.brundisium.net\/?p=248792"},"modified":"2025-08-11T10:47:23","modified_gmt":"2025-08-11T08:47:23","slug":"il-pd-di-carovigno-ricorda-michela-murgia-a-due-anni-dalla-scomparsa","status":"publish","type":"post","link":"https:\/\/www.brundisium.net\/index.php\/il-pd-di-carovigno-ricorda-michela-murgia-a-due-anni-dalla-scomparsa\/","title":{"rendered":"Il PD di Carovigno ricorda Michela Murgia a due anni dalla scomparsa"},"content":{"rendered":"<p>\u201cLa libert\u00e0 di una donna non si misura da quanto pu\u00f2 parlare, ma da quanto viene ascoltata.\u201d Michela Murgia A due anni dalla scomparsa di Michela Murgia, intellettuale, attivista e voce libera del nostro tempo, sentiamo il bisogno di ricordarla non con retorica, ma con azioni concrete. La sua eredit\u00e0 ci parla ogni giorno, ci sfida, ci chiede coraggio.<br \/>\nEd \u00e8 proprio alla luce del suo pensiero che oggi non possiamo tacere.<\/p>\n<p>In questi giorni, Carovigno \u00e8 stata teatro di un grave episodio di violenza contro una donna. Un fatto che ci colpisce ancora una volta come cittadini e come comunit\u00e0 ma soprattutto come uomini. Un fatto che chiama tutte e tutti alle proprie responsabilit\u00e0.<br \/>\nA tal proposito esprimiamo piena fiducia nell\u2019operato della magistratura e delle forze dell\u2019ordine affinch\u00e9 venga fatta piena luce sui fatti di violenza denunciati.<\/p>\n<p>Si accertino con rigore e trasparenza tutte le responsabilit\u00e0 con la massima attenzione alla tutela della vittima.<\/p>\n<p>\u00c8 tempo di smettere di chiamare queste violenze \u201cemergenze\u201d. Non sono eventi isolati, non sono fatalit\u00e0. Sono manifestazioni di un sistema culturale che continua a produrre sopraffazione, silenzio e paura.<br \/>\nCome Partito Democratico di Carovigno, chiediamo con fermezza all\u2019Amministrazione Comunale, mediante il supporto delle istituzioni provinciali e regionali, il potenziamento immediato del centro antiviolenza locale (di cui si hanno poche e confuse informazioni pubbliche), congiuntamente all\u2019aumento di risorse strutturali ed economiche, alla presenza costante di personale qualificato in aggiunta a programmi di educazione e prevenzione nelle scuole ed in incontri pubblici. Chiediamo altres\u00ec che il Comune di Carovigno, cos\u00ec come fatto dai Comuni di Ostuni e Mesagne negli ultimi mesi, aderisca all&#8217;iniziativa europea \u201cSafe Place for Women\u201d, che invita le istituzioni locali ad attivarsi per creare spazi sicuri, formare il personale pubblico, contrastare la cultura patriarcale e favorire una rete territoriale di supporto per chi subisce violenza.<\/p>\n<p>Non basta indignarsi. Serve agire.<\/p>\n<p>Non \u00e8 tollerabile che nel 2025 una donna che subisce violenza debba combattere da sola anche per farsi ascoltare.<br \/>\nOgni comunit\u00e0, ogni istituzione, ogni cittadino deve schierarsi. Non c\u2019\u00e8 neutralit\u00e0 possibile di fronte alla violenza.<br \/>\nOggi, nel nome di Michela Murgia, rinnoviamo il nostro impegno a costruire un territorio dove le donne possano sentirsi libere, sicure, accolte.<\/p>\n","protected":false},"excerpt":{"rendered":"<p>\u201cLa libert\u00e0 di una donna non si misura da quanto pu\u00f2 parlare, ma da quanto viene ascoltata.\u201d Michela Murgia A due anni dalla scomparsa di Michela Murgia, intellettuale, attivista e voce libera del nostro tempo, sentiamo il bisogno di ricordarla non con retorica, ma con azioni concrete. La sua eredit\u00e0 ci parla ogni giorno, ci sfida, ci chiede coraggio. Ed \u00e8 proprio alla luce del suo pensiero che oggi non possiamo tacere. In questi giorni, Carovigno \u00e8 stata teatro di un grave episodio di violenza contro una donna. Un fatto che ci colpisce ancora una volta come cittadini e come comunit\u00e0 ma soprattutto come uomini. Un fatto che chiama tutte e tutti alle proprie responsabilit\u00e0. A tal proposito esprimiamo piena fiducia nell\u2019operato della magistratura e delle forze dell\u2019ordine affinch\u00e9 venga fatta piena luce sui fatti di violenza denunciati. Si accertino con rigore e trasparenza tutte le responsabilit\u00e0 con la massima attenzione alla tutela della vittima. \u00c8 tempo di smettere di chiamare queste violenze \u201cemergenze\u201d. Non sono eventi isolati, non sono&#8230;<\/p>\n","protected":false},"author":2,"featured_media":248793,"comment_status":"open","ping_status":"closed","sticky":false,"template":"","format":"standard","meta":{"footnotes":""},"categories":[7],"tags":[],"class_list":["post-248792","post","type-post","status-publish","format-standard","has-post-thumbnail","hentry","category-news"],"_links":{"self":[{"href":"https:\/\/www.brundisium.net\/index.php\/wp-json\/wp\/v2\/posts\/248792","targetHints":{"allow":["GET"]}}],"collection":[{"href":"https:\/\/www.brundisium.net\/index.php\/wp-json\/wp\/v2\/posts"}],"about":[{"href":"https:\/\/www.brundisium.net\/index.php\/wp-json\/wp\/v2\/types\/post"}],"author":[{"embeddable":true,"href":"https:\/\/www.brundisium.net\/index.php\/wp-json\/wp\/v2\/users\/2"}],"replies":[{"embeddable":true,"href":"https:\/\/www.brundisium.net\/index.php\/wp-json\/wp\/v2\/comments?post=248792"}],"version-history":[{"count":2,"href":"https:\/\/www.brundisium.net\/index.php\/wp-json\/wp\/v2\/posts\/248792\/revisions"}],"predecessor-version":[{"id":248809,"href":"https:\/\/www.brundisium.net\/index.php\/wp-json\/wp\/v2\/posts\/248792\/revisions\/248809"}],"wp:featuredmedia":[{"embeddable":true,"href":"https:\/\/www.brundisium.net\/index.php\/wp-json\/wp\/v2\/media\/248793"}],"wp:attachment":[{"href":"https:\/\/www.brundisium.net\/index.php\/wp-json\/wp\/v2\/media?parent=248792"}],"wp:term":[{"taxonomy":"category","embeddable":true,"href":"https:\/\/www.brundisium.net\/index.php\/wp-json\/wp\/v2\/categories?post=248792"},{"taxonomy":"post_tag","embeddable":true,"href":"https:\/\/www.brundisium.net\/index.php\/wp-json\/wp\/v2\/tags?post=248792"}],"curies":[{"name":"wp","href":"https:\/\/api.w.org\/{rel}","templated":true}]}}