{"id":2488,"date":"2014-01-12T22:56:57","date_gmt":"2014-01-12T21:56:57","guid":{"rendered":"http:\/\/www.seltest.info\/brun\/?p=2488"},"modified":"2014-01-13T17:57:50","modified_gmt":"2014-01-13T16:57:50","slug":"concorso-il-presepe-una-stella-che-unisce-i-vincitori","status":"publish","type":"post","link":"https:\/\/www.brundisium.net\/index.php\/concorso-il-presepe-una-stella-che-unisce-i-vincitori\/","title":{"rendered":"Concorso &#8220;Il Presepe, una stella che unisce&#8221;: i vincitori"},"content":{"rendered":"<p>Hanno partecipato in tanti. Adulti e bambini, pensionati e lavoratori, uomini e donne, artisti esperti e persone che ci hanno voluto provare per la prima volta. Sono venute fuori delle opere bellissime fatte di pane, fichi, giocattoli, cartapesta, paglia e tanto altro materiale riciclato.<br \/>\nScegliere i migliori \u00e8 stato difficile, ma ci abbiamo provato. Si \u00e8 tenuta domenica 12 gennaio presso il Salone comunale di Ostuni la premiazione del 2\u00b0 Concorso dei presepi dell&#8217;Associazione Astera: era presente anche il sindaco Domenico Tanzarella, che ha ringraziato Astera per l&#8217;impegno che ha dimostrato in questo ultimo anno di intensa attivit\u00e0, e l&#8217;assessore al Turismo Agostino Buongiorno che, alla fine della premiazione, ha consegnato all&#8217;Associazione una coppa come premio speciale per aver riportato ad Ostuni il concorso dei presepi, auspicando che in futuro questa iniziativa possa crescere e prendere una dimensione \u201cregionale\u201d. La sala era gremita di moltissime persone.<\/p>\n<p>\u201cE&#8217; stata un&#8217;esperienza emozionante che ci ha permesso di conoscere molte persone e diffondere ancora di pi\u00f9 il grande lavoro dell&#8217;associazione, che si occupa di aiutare in varie forme, attraverso corsi, laboratori, counseling, persone in una situazione di difficolt\u00e0 \u2013 ha spiegato il Presidente di Astera Francesco Attanasio \u2013 anche quest&#8217;anno per ogni categoria oltre ai primi tre classificati abbiamo istituito il Premio speciale \u201cTeresa Lapenna\u201d, attribuito al presepe che si \u00e8 distinto oltre che per la sua bellezza anche per un profondo messaggio di spiritualit\u00e0 ed unit\u00e0, insomma il pi\u00f9 emozionante.<br \/>\nQuest\u2019anno c\u2019\u00e8 stata una novit\u00e0 \u2013 ha aggiunto &#8211; la commissione ha istituito anche un secondo Premio Speciale chiamato \u201cAstera\u201d nelle categorie \u201cPresepe in famiglia\u201d e \u201cPresepe in mostra\u201d, perch\u00e9 due presepi in particolare hanno colpito per il loro profondo messaggio legato alla fiducia, alla generosit\u00e0 ed alla voglia di vivere, presepi insomma che rappresentano un inno alla vita proprio per come lo intende la nostra associazione\u201d.<\/p>\n<p>\u201cAstera ha fatto un grande lavoro \u2013 ha spiegato l&#8217;assessore al Turismo di Ostuni Agostino Buongiorno \u2013 quella di fare i presepi era una tradizione che gi\u00e0 esisteva in citt\u00e0 ma da qualche anno non eravamo pi\u00f9 riusciti a fare il concorso. Ora \u00e8 ripartito, ha avuto un grande successo e siamo contenti.<br \/>\n\u00c8 importante sostenere questa associazione fatta da tanti giovani che si impegnano per Ostuni\u201d.<\/p>\n<p>E quindi ecco i vincitori:<br \/>\nPer la categoria \u201cPresepe in Comunit\u00e0\u201d, il 1\u00b0 classificato \u00e8 il \u201cVillaggio SOS di Ostuni\u201d:<br \/>\nUna modesta abitazione, tipica del nostro mondo rurale fedelmente e accuratamente ricostruita nei suoi minimi particolari esaltati dal tradizionale bianco accecante, costituisce il luogo simbolo della nativit\u00e0, ben riassumendo la ricchezza di umanit\u00e0 e il dono dell\u2019accoglienza di cui \u00e8 ricco il nostro popolo.<\/p>\n<p>Secondo classificato: Parrocchia\u00a0 S.Maria delle Grazie di Ostuni<br \/>\nTerzo classificato: Parrocchia Maria Ss. Annunziata di Ostuni Premio speciale \u201cTeresa Lapenna\u201d : Villa Specchia-Casa per la Vita<\/p>\n<p>Per la categoria \u201cPresepe in Famiglia\u201d, il 1\u00b0 classificato \u00e8 Francesca Angelini (Fasano)<br \/>\nUn presepe di notevoli dimensioni che denota evidente passione nella ricostruzione di momenti e aspetti tra i pi\u00f9 significativi della vita sociale delle nostre comunit\u00e0. L\u2019estrema cura dei particolari nel rendere verosimili l\u2019ambiente urbano e quello rurale e il giusto equilibrio tra impegno creativo e spiritualit\u00e0 creano una cornice narrante della Nativit\u00e0 di grande fascino e suggestione.<\/p>\n<p>Secondo classificato: Giovanni Sgura (Ostuni)<br \/>\nTerzo classificato: Alessandro Tagliente (Ostuni)<br \/>\nPremio speciale \u201cTeresa Lapenna\u201d : Giuseppe Zurlo (Ostuni)<br \/>\nPremio speciale &#8220;Astera&#8221;:Giovanni Del Vecchio (Ostuni)<\/p>\n<p>Per la categoria \u201cPresepe in mostra\u201d votato dai visitatori, il 1\u00b0 classificato \u00e8 Antonella Prudentino<br \/>\nIl suo presepe, realizzato in miniatura nel pane, ha ottenuto il 27% delle preferenze con 540 voti).<br \/>\nSecondo classificato: Antonio Moro<br \/>\nTerzo classificato: Gionas Zurlo e Filippo Lacorte<br \/>\nPremio speciale \u201cTeresa Lapenna\u201d: Antonia Velardi<br \/>\nPremio speciale \u201cAstera\u201d: Carmen Greco<\/p>\n<p>Per fotografie o altre informazioni relative ai presepi, scriveteci.<\/p>\n<p>Per info su Astera: www.associazione-astera.it<br \/>\nFrancesco Attanasio 3292413162<br \/>\nPer la Stampa: Stefania Culurgioni 340 48 33 431<\/p>\n<p>COMUNICATO STAMPA ASSOCIAZIONE ASTERA<\/p>\n","protected":false},"excerpt":{"rendered":"<p>Hanno partecipato in tanti. Adulti e bambini, pensionati e lavoratori, uomini e donne, artisti esperti e persone che ci hanno voluto provare per la prima volta. Sono venute fuori delle opere bellissime fatte di pane, fichi, giocattoli, cartapesta, paglia e tanto altro materiale riciclato. Scegliere i migliori \u00e8 stato difficile, ma ci abbiamo provato. Si \u00e8 tenuta domenica 12 gennaio presso il Salone comunale di Ostuni la premiazione del 2\u00b0 Concorso dei presepi dell&#8217;Associazione Astera: era presente anche il sindaco Domenico Tanzarella, che ha ringraziato Astera per l&#8217;impegno che ha dimostrato in questo ultimo anno di intensa attivit\u00e0, e l&#8217;assessore al Turismo Agostino Buongiorno che, alla fine della premiazione, ha consegnato all&#8217;Associazione una coppa come premio speciale per aver riportato ad Ostuni il concorso dei presepi, auspicando che in futuro questa iniziativa possa crescere e prendere una dimensione \u201cregionale\u201d. La sala era gremita di moltissime persone. \u201cE&#8217; stata un&#8217;esperienza emozionante che ci ha permesso di conoscere molte persone e diffondere ancora di pi\u00f9 il grande lavoro dell&#8217;associazione, che si occupa&#8230;<\/p>\n","protected":false},"author":2,"featured_media":177,"comment_status":"open","ping_status":"open","sticky":false,"template":"","format":"standard","meta":{"footnotes":""},"categories":[7],"tags":[505,51],"class_list":["post-2488","post","type-post","status-publish","format-standard","has-post-thumbnail","hentry","category-news","tag-astera","tag-presepe"],"_links":{"self":[{"href":"https:\/\/www.brundisium.net\/index.php\/wp-json\/wp\/v2\/posts\/2488","targetHints":{"allow":["GET"]}}],"collection":[{"href":"https:\/\/www.brundisium.net\/index.php\/wp-json\/wp\/v2\/posts"}],"about":[{"href":"https:\/\/www.brundisium.net\/index.php\/wp-json\/wp\/v2\/types\/post"}],"author":[{"embeddable":true,"href":"https:\/\/www.brundisium.net\/index.php\/wp-json\/wp\/v2\/users\/2"}],"replies":[{"embeddable":true,"href":"https:\/\/www.brundisium.net\/index.php\/wp-json\/wp\/v2\/comments?post=2488"}],"version-history":[{"count":1,"href":"https:\/\/www.brundisium.net\/index.php\/wp-json\/wp\/v2\/posts\/2488\/revisions"}],"predecessor-version":[{"id":2489,"href":"https:\/\/www.brundisium.net\/index.php\/wp-json\/wp\/v2\/posts\/2488\/revisions\/2489"}],"wp:featuredmedia":[{"embeddable":true,"href":"https:\/\/www.brundisium.net\/index.php\/wp-json\/wp\/v2\/media\/177"}],"wp:attachment":[{"href":"https:\/\/www.brundisium.net\/index.php\/wp-json\/wp\/v2\/media?parent=2488"}],"wp:term":[{"taxonomy":"category","embeddable":true,"href":"https:\/\/www.brundisium.net\/index.php\/wp-json\/wp\/v2\/categories?post=2488"},{"taxonomy":"post_tag","embeddable":true,"href":"https:\/\/www.brundisium.net\/index.php\/wp-json\/wp\/v2\/tags?post=2488"}],"curies":[{"name":"wp","href":"https:\/\/api.w.org\/{rel}","templated":true}]}}