{"id":249000,"date":"2025-08-17T09:55:34","date_gmt":"2025-08-17T07:55:34","guid":{"rendered":"https:\/\/www.brundisium.net\/?p=249000"},"modified":"2025-08-16T19:57:30","modified_gmt":"2025-08-16T17:57:30","slug":"luce-interiore-a-carovigno-un-omaggio-a-giuseppe-colucci-nel-primo-anniversario-della-sua-scomparsa","status":"publish","type":"post","link":"https:\/\/www.brundisium.net\/index.php\/luce-interiore-a-carovigno-un-omaggio-a-giuseppe-colucci-nel-primo-anniversario-della-sua-scomparsa\/","title":{"rendered":"Luce Interiore: a Carovigno un omaggio a Giuseppe Colucci nel primo anniversario della sua scomparsa"},"content":{"rendered":"<p>Dal 20 al 31 agosto 2025, il Castello Dentice di Frasso di Carovigno, ospiter\u00e0 Luce Interiore, mostra a cura di Maria Conserva Colucci dedicata alle opere di Giuseppe Colucci, artista pugliese, originario di Ostuni, celebrato per la sua capacit\u00e0 di trasformare il corpo femminile in un racconto onirico e sensuale. La mostra si svolger\u00e0 ad un anno dalla scomparsa dell\u2019autore avvenuta il 20 agosto 2024 a Carovigno, citt\u00e0 in cui Colucci risiedeva da anni.<\/p>\n<p>La mostra, a ingresso libero, sar\u00e0 aperta dal marted\u00ec al venerd\u00ec (09:30-12:30 \/ 18:00-22:00) e nei weekend (10:00-13:00 \/ 18:00-21:00). Il vernissage \u00e8 previsto per il 20 agosto alle ore 20:00.<\/p>\n<p>L\u2019evento inaugurale del 20 agosto vedr\u00e0 i saluti istituzionali del Sindaco di Carovigno Dott. Massimo Lanzilotti, del Consigliere Regione Puglia Avv. Alessandro Leoci, dell\u2019Assessore Regione Puglia Avv. Fabiano Amati, dell\u2019Assessore alla Cultura Dott.ssa Sabina Franco e della Presidente dell\u2019Associazione \u201cLe Colonne\u201d Dott.ssa Anna Cinti. L\u2019iniziativa \u00e8 patrocinata dal Comune di Carovigno.<\/p>\n<p>GIUSEPPE COLUCCI \u2013 L\u2019ARTE COME RAGIONE DI VITA<\/p>\n<p>\u00abQuesta esposizione \u00e8 un invito a scoprire e vivere la sua arte fuori dagli spazi museali, a entrare in relazione diretta con il pubblico. Giuseppe ha dedicato la vita alla sperimentazione e alla bellezza: con questa mostra, vogliamo che la sua luce interiore, trasfigurata in simbolo universale \u2013 come dichiarato da Philippe Daverio nel 2019 \u2013 divenga momento di dialogo, palpito di luce, istante di eternit\u00e0 abitato da significati sempre nuovi, riflessi nello sguardo del fruitore, continui a brillare\u00bb, dichiara Maria Conserva Colucci, curatrice dell\u2019evento.<\/p>\n<p>La tecnica innovativa di Giuseppe Colucci, sofisticata e intensa, racconta seducenti fiabe visive dove figure femminili emergono da scenari astratti e atemporali, preludi di un\u2019armonia corporea intrisa di allusivit\u00e0 gentile e sognante. Colucci sapeva esaltare la nudit\u00e0 con un sensuale gioco di luci intermittenti, chiaroscuri di pregio estetico e sapienti contrasti di pieni e vuoti, spingendo l\u2019osservatore oltre la soglia di un simbolismo surreale e aprendo a infinite possibilit\u00e0 sperimentali.<\/p>\n<p>\u00abGiuseppe era una persona discreta, che non amava mettersi in mostra. Per me \u00e8 importante che i cittadini di Carovigno e non solo conoscano la sua arte, riconosciuta da critici come Philippe Daverio, Vittorio Sgarbi, Claudio Strinati, Paolo Levi ed altri\u00bb, racconta la curatrice Maria Conserva Colucci.<\/p>\n<p>\u00abLa mostra si chiama Luce Interiore perch\u00e9 per lui l\u2019essere umano deve essere come le lucciole: illuminarsi dall\u2019interno e farsi notare per ci\u00f2 che \u00e8 davvero, non per l\u2019esteriorit\u00e0\u00bb.<\/p>\n<p>Colucci ha rappresentato l\u2019Italia nel 2015 al Castello Sforza di Milano in occasione di Expo City ed Expo Gate, selezionato da una commissione scientifica per la sua tecnica innovativa, e ha visto le sue opere pubblicate nei cataloghi ufficiali dell\u2019evento. \u00c8 presente con lavori su riviste e cataloghi di prestigio come Arte, Artein e CAM Sezione Oro, e ha vinto numerosi premi che ne hanno consacrato il valore nell\u2019ambito della ricerca e dell\u2019avanguardia artistica.<\/p>\n","protected":false},"excerpt":{"rendered":"<p>Dal 20 al 31 agosto 2025, il Castello Dentice di Frasso di Carovigno, ospiter\u00e0 Luce Interiore, mostra a cura di Maria Conserva Colucci dedicata alle opere di Giuseppe Colucci, artista pugliese, originario di Ostuni, celebrato per la sua capacit\u00e0 di trasformare il corpo femminile in un racconto onirico e sensuale. La mostra si svolger\u00e0 ad un anno dalla scomparsa dell\u2019autore avvenuta il 20 agosto 2024 a Carovigno, citt\u00e0 in cui Colucci risiedeva da anni. La mostra, a ingresso libero, sar\u00e0 aperta dal marted\u00ec al venerd\u00ec (09:30-12:30 \/ 18:00-22:00) e nei weekend (10:00-13:00 \/ 18:00-21:00). Il vernissage \u00e8 previsto per il 20 agosto alle ore 20:00. L\u2019evento inaugurale del 20 agosto vedr\u00e0 i saluti istituzionali del Sindaco di Carovigno Dott. Massimo Lanzilotti, del Consigliere Regione Puglia Avv. Alessandro Leoci, dell\u2019Assessore Regione Puglia Avv. Fabiano Amati, dell\u2019Assessore alla Cultura Dott.ssa Sabina Franco e della Presidente dell\u2019Associazione \u201cLe Colonne\u201d Dott.ssa Anna Cinti. L\u2019iniziativa \u00e8 patrocinata dal Comune di Carovigno. GIUSEPPE COLUCCI \u2013 L\u2019ARTE COME RAGIONE DI VITA \u00abQuesta esposizione \u00e8 un invito a&#8230;<\/p>\n","protected":false},"author":2,"featured_media":249002,"comment_status":"open","ping_status":"closed","sticky":false,"template":"","format":"standard","meta":{"footnotes":""},"categories":[7],"tags":[],"class_list":["post-249000","post","type-post","status-publish","format-standard","has-post-thumbnail","hentry","category-news"],"_links":{"self":[{"href":"https:\/\/www.brundisium.net\/index.php\/wp-json\/wp\/v2\/posts\/249000","targetHints":{"allow":["GET"]}}],"collection":[{"href":"https:\/\/www.brundisium.net\/index.php\/wp-json\/wp\/v2\/posts"}],"about":[{"href":"https:\/\/www.brundisium.net\/index.php\/wp-json\/wp\/v2\/types\/post"}],"author":[{"embeddable":true,"href":"https:\/\/www.brundisium.net\/index.php\/wp-json\/wp\/v2\/users\/2"}],"replies":[{"embeddable":true,"href":"https:\/\/www.brundisium.net\/index.php\/wp-json\/wp\/v2\/comments?post=249000"}],"version-history":[{"count":1,"href":"https:\/\/www.brundisium.net\/index.php\/wp-json\/wp\/v2\/posts\/249000\/revisions"}],"predecessor-version":[{"id":249003,"href":"https:\/\/www.brundisium.net\/index.php\/wp-json\/wp\/v2\/posts\/249000\/revisions\/249003"}],"wp:featuredmedia":[{"embeddable":true,"href":"https:\/\/www.brundisium.net\/index.php\/wp-json\/wp\/v2\/media\/249002"}],"wp:attachment":[{"href":"https:\/\/www.brundisium.net\/index.php\/wp-json\/wp\/v2\/media?parent=249000"}],"wp:term":[{"taxonomy":"category","embeddable":true,"href":"https:\/\/www.brundisium.net\/index.php\/wp-json\/wp\/v2\/categories?post=249000"},{"taxonomy":"post_tag","embeddable":true,"href":"https:\/\/www.brundisium.net\/index.php\/wp-json\/wp\/v2\/tags?post=249000"}],"curies":[{"name":"wp","href":"https:\/\/api.w.org\/{rel}","templated":true}]}}