{"id":251159,"date":"2025-10-06T17:43:27","date_gmt":"2025-10-06T15:43:27","guid":{"rendered":"https:\/\/www.brundisium.net\/?p=251159"},"modified":"2025-10-06T17:43:27","modified_gmt":"2025-10-06T15:43:27","slug":"ad-ostuni-torna-la-rassegna-una-valle-di-libri-sabato-18-ottobre-ospite-luigi-del-vecchio","status":"publish","type":"post","link":"https:\/\/www.brundisium.net\/index.php\/ad-ostuni-torna-la-rassegna-una-valle-di-libri-sabato-18-ottobre-ospite-luigi-del-vecchio\/","title":{"rendered":"Ad Ostuni torna la rassegna &#8220;Una Valle di Libri&#8221;: sabato 18 ottobre ospite Luigi Del Vecchio"},"content":{"rendered":"<p><a href=\"https:\/\/www.brundisium.net\/brun\/wp-content\/uploads\/2025\/10\/Luigi-Del-Vecchio.jpeg\"><img loading=\"lazy\" decoding=\"async\" src=\"https:\/\/www.brundisium.net\/brun\/wp-content\/uploads\/2025\/10\/Luigi-Del-Vecchio-200x300.jpeg\" alt=\"\" width=\"200\" height=\"300\" class=\"alignright size-medium wp-image-251163\" srcset=\"https:\/\/www.brundisium.net\/brun\/wp-content\/uploads\/2025\/10\/Luigi-Del-Vecchio-200x300.jpeg 200w, https:\/\/www.brundisium.net\/brun\/wp-content\/uploads\/2025\/10\/Luigi-Del-Vecchio-682x1024.jpeg 682w, https:\/\/www.brundisium.net\/brun\/wp-content\/uploads\/2025\/10\/Luigi-Del-Vecchio-768x1153.jpeg 768w, https:\/\/www.brundisium.net\/brun\/wp-content\/uploads\/2025\/10\/Luigi-Del-Vecchio-1023x1536.jpeg 1023w, https:\/\/www.brundisium.net\/brun\/wp-content\/uploads\/2025\/10\/Luigi-Del-Vecchio.jpeg 1066w\" sizes=\"auto, (max-width: 200px) 100vw, 200px\" \/><\/a>\u201cUna Valle di Libri\u201d riparte con le attivit\u00e0 autunnali: il 18 ottobre Luigi Del Vecchio presenta \u201cOstuni \u2013 Non mi cercare pi\u00f9\u201d<\/p>\n<p>L\u2019associazione culturale Una Valle di Libri riparte con le attivit\u00e0 autunnali e inaugura la nuova stagione con un appuntamento dedicato alla letteratura e alla narrativa contemporanea. Il primo evento \u00e8 in programma sabato 18 ottobre 2025 alle ore 18.30, presso il Salone dei Sindaci di Palazzo San Francesco, in Piazza della Libert\u00e0 a Ostuni.<\/p>\n<p>Ospite del format \u201cUna Valle di Libri\u201d sar\u00e0 Luigi Del Vecchio, che presenter\u00e0 il suo nuovo romanzo \u201cOstuni \u2013 Non mi cercare pi\u00f9\u201d (Viola Editrice), sequel del fortunato \u201cOstuni \u2013 Un\u2019insospettabile presenza\u201d, pubblicato nel 2021. A dialogare con l\u2019autore sar\u00e0 Maricetta Pomes. L\u2019iniziativa \u00e8 patrocinata dal Comune di Ostuni.<\/p>\n<p>Dopo il successo del primo capitolo della saga, Del Vecchio torna in libreria con una nuova storia ambientata nella Citt\u00e0 Bianca, luogo che ancora una volta diventa teatro di misteri e segreti nascosti dietro la quiete apparente della quotidianit\u00e0.<\/p>\n<p>Il libro<\/p>\n<p>Ostuni, giugno 2019. L\u2019estate \u00e8 alle porte e la citt\u00e0 si prepara a vivere giorni di sole e di mare. \u00c8 trascorso un anno e mezzo da quel tragico Natale in cui un serial killer aveva macchiato di sangue il candore della Citt\u00e0 Bianca. Le ferite sembrano ormai cicatrizzate, ma un nuovo evento scuote la ritrovata serenit\u00e0: un plico di documenti misteriosi giunge sulla scrivania del Commissario Vito Berlingieri, riaprendo un caso che tutti credevano chiuso per sempre.<br \/>\nNel frattempo, in contrada Pascarosa, un\u2019ombra osserva ogni sera una villa rimasta abbandonata per anni. Dentro quelle mura silenziose si cela un segreto che presto travolger\u00e0 nuovamente Ostuni, risvegliando antiche paure e nuovi enigmi.<\/p>\n<p>L\u2019autore<\/p>\n<p>Luigi Del Vecchio, nato a Napoli il 24 agosto 1962, \u00e8 Generale di Brigata della Guardia di Finanza. Ha prestato servizio in Puglia, Calabria e Campania. Laureato in Giurisprudenza e in Scienze della Sicurezza Economico-Finanziaria, \u00e8 iscritto all\u2019albo dei C.T.U. presso le Procure della Repubblica di Napoli e Torre Annunziata.<br \/>\nConsigliere provinciale dell\u2019Unione Nazionale Ufficiali in Congedo di Brindisi e Presidente della Commissione Rotary Foundation del Rotary Club di Ostuni, Del Vecchio \u00e8 anche socio dell\u2019Unione Nazionale Cavalieri d\u2019Italia di Salerno e dell\u2019A.N.F.I. di Ostuni. \u00c8 impegnato in numerose attivit\u00e0 benefiche e di volontariato.<br \/>\nVincitore del Premio Letterario Internazionale \u201cOscar Wilde\u201d e della Menzione d\u2019Eccellenza Accademica del Premio Letterario Internazionale G. Belli conferita dall\u2019Accademia Tiberina di Roma, l\u2019autore vive dal 2022 a Ostuni, citt\u00e0 che rappresenta per lui una fonte di ispirazione costante e lo scenario perfetto per le sue opere.<\/p>\n<p>Con \u201cOstuni \u2013 Non mi cercare pi\u00f9\u201d, Del Vecchio regala al pubblico un nuovo capitolo della sua saga noir, ambientata tra le suggestioni e le ombre della citt\u00e0 bianca, dove la bellezza e il mistero si intrecciano ancora una volta in una trama avvincente.<\/p>\n","protected":false},"excerpt":{"rendered":"<p>\u201cUna Valle di Libri\u201d riparte con le attivit\u00e0 autunnali: il 18 ottobre Luigi Del Vecchio presenta \u201cOstuni \u2013 Non mi cercare pi\u00f9\u201d L\u2019associazione culturale Una Valle di Libri riparte con le attivit\u00e0 autunnali e inaugura la nuova stagione con un appuntamento dedicato alla letteratura e alla narrativa contemporanea. Il primo evento \u00e8 in programma sabato 18 ottobre 2025 alle ore 18.30, presso il Salone dei Sindaci di Palazzo San Francesco, in Piazza della Libert\u00e0 a Ostuni. Ospite del format \u201cUna Valle di Libri\u201d sar\u00e0 Luigi Del Vecchio, che presenter\u00e0 il suo nuovo romanzo \u201cOstuni \u2013 Non mi cercare pi\u00f9\u201d (Viola Editrice), sequel del fortunato \u201cOstuni \u2013 Un\u2019insospettabile presenza\u201d, pubblicato nel 2021. A dialogare con l\u2019autore sar\u00e0 Maricetta Pomes. L\u2019iniziativa \u00e8 patrocinata dal Comune di Ostuni. Dopo il successo del primo capitolo della saga, Del Vecchio torna in libreria con una nuova storia ambientata nella Citt\u00e0 Bianca, luogo che ancora una volta diventa teatro di misteri e segreti nascosti dietro la quiete apparente della quotidianit\u00e0. Il libro Ostuni, giugno 2019. L\u2019estate&#8230;<\/p>\n","protected":false},"author":2,"featured_media":251162,"comment_status":"open","ping_status":"closed","sticky":false,"template":"","format":"standard","meta":{"footnotes":""},"categories":[224],"tags":[],"class_list":["post-251159","post","type-post","status-publish","format-standard","has-post-thumbnail","hentry","category-libri"],"_links":{"self":[{"href":"https:\/\/www.brundisium.net\/index.php\/wp-json\/wp\/v2\/posts\/251159","targetHints":{"allow":["GET"]}}],"collection":[{"href":"https:\/\/www.brundisium.net\/index.php\/wp-json\/wp\/v2\/posts"}],"about":[{"href":"https:\/\/www.brundisium.net\/index.php\/wp-json\/wp\/v2\/types\/post"}],"author":[{"embeddable":true,"href":"https:\/\/www.brundisium.net\/index.php\/wp-json\/wp\/v2\/users\/2"}],"replies":[{"embeddable":true,"href":"https:\/\/www.brundisium.net\/index.php\/wp-json\/wp\/v2\/comments?post=251159"}],"version-history":[{"count":1,"href":"https:\/\/www.brundisium.net\/index.php\/wp-json\/wp\/v2\/posts\/251159\/revisions"}],"predecessor-version":[{"id":251164,"href":"https:\/\/www.brundisium.net\/index.php\/wp-json\/wp\/v2\/posts\/251159\/revisions\/251164"}],"wp:featuredmedia":[{"embeddable":true,"href":"https:\/\/www.brundisium.net\/index.php\/wp-json\/wp\/v2\/media\/251162"}],"wp:attachment":[{"href":"https:\/\/www.brundisium.net\/index.php\/wp-json\/wp\/v2\/media?parent=251159"}],"wp:term":[{"taxonomy":"category","embeddable":true,"href":"https:\/\/www.brundisium.net\/index.php\/wp-json\/wp\/v2\/categories?post=251159"},{"taxonomy":"post_tag","embeddable":true,"href":"https:\/\/www.brundisium.net\/index.php\/wp-json\/wp\/v2\/tags?post=251159"}],"curies":[{"name":"wp","href":"https:\/\/api.w.org\/{rel}","templated":true}]}}