{"id":252396,"date":"2025-11-03T12:36:41","date_gmt":"2025-11-03T11:36:41","guid":{"rendered":"https:\/\/www.brundisium.net\/?p=252396"},"modified":"2025-11-03T11:09:48","modified_gmt":"2025-11-03T10:09:48","slug":"cisl-domani-a-brindisi-veglia-di-preghiera-e-fiaccolata","status":"publish","type":"post","link":"https:\/\/www.brundisium.net\/index.php\/cisl-domani-a-brindisi-veglia-di-preghiera-e-fiaccolata\/","title":{"rendered":"Cisl: domani a Brindisi veglia di preghiera e fiaccolata"},"content":{"rendered":"<p><em>\u201cLa pace non \u00e8 dono scontato ma responsabilit\u00e0 collettiva che richiede coerenza e volont\u00e0. La Maratona della Pace, promossa dalla Cisl nazionale in tutto il Paese e che culminer\u00e0 il 15 novembre a Roma con una grande Assemblea nazionale, vede mobilitarci anche nel nostro territorio, per lanciare un segnale forte e corale: scegliere sempre la via del dialogo, della responsabilit\u00e0, della solidariet\u00e0 civile e sociale, della convivenza dei popoli e delle nazioni\u201d<\/em>: \u00e8 quanto dichiara Luigi Spinzi, segretario generale della Cisl territoriale annunciando \u201cla veglia di preghiera e la fiaccolata della Cisl Taranto Brindisi\u201d di marted\u00ec 4 novembre p.v. alle ore 16:30, presso il Santuario Santa Maria Madre della Chiesa (Jaddico), SS 379 \u2013 Brindisi, con la partecipazione di don Mimmo Roma responsabile, per la diocesi di Brindisi-Ostuni, del progetto Policoro.<\/p>\n<p>\u201cSar\u00e0 una marcia silenziosa e pacifica, con momenti di profonda riflessione e di spiritualit\u00e0; un gesto collettivo per manifestare la nostra contrariet\u00e0 ad ogni guerra e ad ogni violazione dei diritti umani \u2013 prosegue Spinzi \u2013 perch\u00e9 il sindacato \u00e8 presidio naturale di pace e di democrazia, di difesa della vita, della libert\u00e0, della dignit\u00e0 delle persone; e siamo convinti che non pu\u00f2 esserci giustizia sociale senza pace, cos\u00ec come non pu\u00f2 esserci pace senza giustizia.\u201d<\/p>\n<p>La Maratona della Pace della Cisl nata, dunque, con l\u2019idea di costruire ponti e non muri, di ridare forza al dialogo ed alla riconciliazione, intende elevare ovunque nel Paese la propria voce, cos\u00ec che giunga in ogni terra dove violenza, intolleranza e ingiustizia calpestano la libert\u00e0 e la dignit\u00e0 delle persone: Ucraina, Medio Oriente, Nigeria, Sud Sudan, Birmania, ecc.<\/p>\n<p>\u201cNoi ci riconosciamo nelle recenti, illuminanti parole di Papa Leone XIV quando ha ribadito che con la forza della preghiera, con mani nude alzate al cielo e con\u00a0mani aperte verso gli altri, dobbiamo far s\u00ec che tramonti presto questa stagione della storia, segnata dalla guerra e dalla prepotenza della forza ed inizi una storia nuova \u2013 conclude il segretario generale della Cisl Taranto Brindisi \u2013 e ci\u00f2 incoraggia e d\u00e0 forza alla nostra iniziativa che, scevra da strumentalizzazioni ideologiche, intende unire lavoratori, pensionati, studenti, famiglie, associazioni e cittadini comuni, perch\u00e9 sia restituita centralit\u00e0 ovunque e sempre alla giustizia, alla libert\u00e0, all\u2019autodeterminazione dei popoli.\u201d<\/p>\n","protected":false},"excerpt":{"rendered":"<p>\u201cLa pace non \u00e8 dono scontato ma responsabilit\u00e0 collettiva che richiede coerenza e volont\u00e0. La Maratona della Pace, promossa dalla Cisl nazionale in tutto il Paese e che culminer\u00e0 il 15 novembre a Roma con una grande Assemblea nazionale, vede mobilitarci anche nel nostro territorio, per lanciare un segnale forte e corale: scegliere sempre la via del dialogo, della responsabilit\u00e0, della solidariet\u00e0 civile e sociale, della convivenza dei popoli e delle nazioni\u201d: \u00e8 quanto dichiara Luigi Spinzi, segretario generale della Cisl territoriale annunciando \u201cla veglia di preghiera e la fiaccolata della Cisl Taranto Brindisi\u201d di marted\u00ec 4 novembre p.v. alle ore 16:30, presso il Santuario Santa Maria Madre della Chiesa (Jaddico), SS 379 \u2013 Brindisi, con la partecipazione di don Mimmo Roma responsabile, per la diocesi di Brindisi-Ostuni, del progetto Policoro. \u201cSar\u00e0 una marcia silenziosa e pacifica, con momenti di profonda riflessione e di spiritualit\u00e0; un gesto collettivo per manifestare la nostra contrariet\u00e0 ad ogni guerra e ad ogni violazione dei diritti umani \u2013 prosegue Spinzi \u2013 perch\u00e9 il sindacato&#8230;<\/p>\n","protected":false},"author":2,"featured_media":238243,"comment_status":"open","ping_status":"closed","sticky":false,"template":"","format":"standard","meta":{"footnotes":""},"categories":[7],"tags":[],"class_list":["post-252396","post","type-post","status-publish","format-standard","has-post-thumbnail","hentry","category-news"],"_links":{"self":[{"href":"https:\/\/www.brundisium.net\/index.php\/wp-json\/wp\/v2\/posts\/252396","targetHints":{"allow":["GET"]}}],"collection":[{"href":"https:\/\/www.brundisium.net\/index.php\/wp-json\/wp\/v2\/posts"}],"about":[{"href":"https:\/\/www.brundisium.net\/index.php\/wp-json\/wp\/v2\/types\/post"}],"author":[{"embeddable":true,"href":"https:\/\/www.brundisium.net\/index.php\/wp-json\/wp\/v2\/users\/2"}],"replies":[{"embeddable":true,"href":"https:\/\/www.brundisium.net\/index.php\/wp-json\/wp\/v2\/comments?post=252396"}],"version-history":[{"count":1,"href":"https:\/\/www.brundisium.net\/index.php\/wp-json\/wp\/v2\/posts\/252396\/revisions"}],"predecessor-version":[{"id":252407,"href":"https:\/\/www.brundisium.net\/index.php\/wp-json\/wp\/v2\/posts\/252396\/revisions\/252407"}],"wp:featuredmedia":[{"embeddable":true,"href":"https:\/\/www.brundisium.net\/index.php\/wp-json\/wp\/v2\/media\/238243"}],"wp:attachment":[{"href":"https:\/\/www.brundisium.net\/index.php\/wp-json\/wp\/v2\/media?parent=252396"}],"wp:term":[{"taxonomy":"category","embeddable":true,"href":"https:\/\/www.brundisium.net\/index.php\/wp-json\/wp\/v2\/categories?post=252396"},{"taxonomy":"post_tag","embeddable":true,"href":"https:\/\/www.brundisium.net\/index.php\/wp-json\/wp\/v2\/tags?post=252396"}],"curies":[{"name":"wp","href":"https:\/\/api.w.org\/{rel}","templated":true}]}}