{"id":252482,"date":"2025-11-04T15:53:20","date_gmt":"2025-11-04T14:53:20","guid":{"rendered":"https:\/\/www.brundisium.net\/?p=252482"},"modified":"2025-11-04T15:54:43","modified_gmt":"2025-11-04T14:54:43","slug":"a-brindisi-la-celebrazione-del-giorno-dellunita-nazionale-e-della-giornata-delle-forze-armate-2025","status":"publish","type":"post","link":"https:\/\/www.brundisium.net\/index.php\/a-brindisi-la-celebrazione-del-giorno-dellunita-nazionale-e-della-giornata-delle-forze-armate-2025\/","title":{"rendered":"A Brindisi la Celebrazione del Giorno dell\u2019Unit\u00e0 Nazionale e della Giornata delle Forze Armate 2025"},"content":{"rendered":"<p>Nel segno della continuit\u00e0, la comunit\u00e0 della provincia di Brindisi ha rinnovato anche quest\u2019anno la celebrazione della Giorno dell\u2019Unit\u00e0 Nazionale e Giornata delle Forze Armate, rendendo omaggio a quanti, con il proprio sacrificio, hanno contribuito a costruire e difendere la libert\u00e0 e la coesione del Paese.<\/p>\n<p>Le celebrazioni sono state precedute dall\u2019inaugurazione, presso l\u2019Archivio di Stato, di una esposizione di documenti dedicata alla memoria dei caduti delle Forze Armate brindisine, con il fine di offrire uno spunto di riflessione sul valore della memoria storica per la comunit\u00e0 cittadina.<\/p>\n<p>A seguire, in Piazza S. Teresa, si \u00e8 svolta la cerimonia ufficiale cui hanno preso parte le Autorit\u00e0 civili, militari e religiose, i Sindaci dei Comuni della provincia, le Associazioni combattentistiche, numerosi cittadini ed oltre duecento studenti e docenti provenienti dagli Istituti scolastici comprensivi di Brindisi.<\/p>\n<p>La cerimonia si \u00e8 aperta con il passaggio in rassegna degli schieramenti da parte del Prefetto, unitamente al Comandante del Presidio Militare, cui \u00e8 seguito il solenne rito dell\u2019alzabandiera accompagnato dal partecipato canto dell\u2019inno nazionale.<\/p>\n<p>Particolarmente intenso e significativo \u00e8 stato poi l\u2019omaggio ai Caduti, con la deposizione di una corona d\u2019alloro, seguito dalla lettura dei messaggi del Capo di Stato Maggiore della Difesa, del Ministro della Difesa e del Presidente della Repubblica.<\/p>\n<p>Dopo gli interventi del Comandante del Presidio Militare di Brindisi e del Sindaco del Comune capoluogo, il Prefetto ha rivolto un sentito messaggio di saluto ai presenti, sottolineando il profondo valore della ricorrenza, e ha esortato gli studenti a guardare ai nostri valorosi militari come un modello di dedizione e di servizio al Paese. Giovani militari che \u201cindossano la divisa con lo stesso spirito di sacrificio e con lo stesso senso del dovere, ma sono espressione di Forze Armate che, pur addestrate al combattimento, si sono formate alla cultura della pace, da difendere con la stessa determinazione dei nostri confini\u201d.<\/p>\n<p>Nel commemorare il sacrificio di quanti hanno donato la propria vita per l\u2019unit\u00e0 d\u2019Italia, il Prefetto ha rammentato come la citt\u00e0 di Brindisi abbia il privilegio di ospitare il Monumento al Marinaio, la cui vista ogni giorno rievoca il ricordo di un giovane zio paterno, di cui porta lo stesso nome e che, arruolato in Marina, mor\u00ec, a 21 anni, durante il secondo conflitto mondiale. \u201cAl ricordo di quel giovane zio, accomuno il ricordo di tutti i caduti per la Patria, nella speranza che nessun\u2019altra guerra possa inghiottire nel suo abisso i nostri giovani e la nostra Nazione\u201d &#8211; ha chiosato.<\/p>\n<p>Alle ore 11.00 e alle ore 12.00, dalla batteria del Castello Svevo, sede del Comando della Marina Militare e del Presidio Militare di Brindisi, sono state esplose due salve di 21 colpi di cannone, a suggellare simbolicamente la solennit\u00e0 della ricorrenza.<br \/>\nNell\u2019ambito dell\u2019iniziativa \u201cCaserme Aperte\u201d, sar\u00e0 possibile visitare il Castello Svevo e la Stazione Navale di Brindisi dalle ore 14.00 alle 16.00.<\/p>\n<p>Nel prosieguo della giornata, le diverse Forze Armate si avvicenderanno nella Guardia d\u2019Onore al Monumento ai Caduti, a testimonianza della continuit\u00e0 del ricordo e della gratitudine verso quanti hanno servito e continuano a servire la Nazione.<\/p>\n","protected":false},"excerpt":{"rendered":"<p>Nel segno della continuit\u00e0, la comunit\u00e0 della provincia di Brindisi ha rinnovato anche quest\u2019anno la celebrazione della Giorno dell\u2019Unit\u00e0 Nazionale e Giornata delle Forze Armate, rendendo omaggio a quanti, con il proprio sacrificio, hanno contribuito a costruire e difendere la libert\u00e0 e la coesione del Paese. Le celebrazioni sono state precedute dall\u2019inaugurazione, presso l\u2019Archivio di Stato, di una esposizione di documenti dedicata alla memoria dei caduti delle Forze Armate brindisine, con il fine di offrire uno spunto di riflessione sul valore della memoria storica per la comunit\u00e0 cittadina. A seguire, in Piazza S. Teresa, si \u00e8 svolta la cerimonia ufficiale cui hanno preso parte le Autorit\u00e0 civili, militari e religiose, i Sindaci dei Comuni della provincia, le Associazioni combattentistiche, numerosi cittadini ed oltre duecento studenti e docenti provenienti dagli Istituti scolastici comprensivi di Brindisi. La cerimonia si \u00e8 aperta con il passaggio in rassegna degli schieramenti da parte del Prefetto, unitamente al Comandante del Presidio Militare, cui \u00e8 seguito il solenne rito dell\u2019alzabandiera accompagnato dal partecipato canto dell\u2019inno nazionale. Particolarmente&#8230;<\/p>\n","protected":false},"author":2,"featured_media":252486,"comment_status":"closed","ping_status":"closed","sticky":false,"template":"","format":"standard","meta":{"footnotes":""},"categories":[7],"tags":[],"class_list":["post-252482","post","type-post","status-publish","format-standard","has-post-thumbnail","hentry","category-news"],"_links":{"self":[{"href":"https:\/\/www.brundisium.net\/index.php\/wp-json\/wp\/v2\/posts\/252482","targetHints":{"allow":["GET"]}}],"collection":[{"href":"https:\/\/www.brundisium.net\/index.php\/wp-json\/wp\/v2\/posts"}],"about":[{"href":"https:\/\/www.brundisium.net\/index.php\/wp-json\/wp\/v2\/types\/post"}],"author":[{"embeddable":true,"href":"https:\/\/www.brundisium.net\/index.php\/wp-json\/wp\/v2\/users\/2"}],"replies":[{"embeddable":true,"href":"https:\/\/www.brundisium.net\/index.php\/wp-json\/wp\/v2\/comments?post=252482"}],"version-history":[{"count":1,"href":"https:\/\/www.brundisium.net\/index.php\/wp-json\/wp\/v2\/posts\/252482\/revisions"}],"predecessor-version":[{"id":252487,"href":"https:\/\/www.brundisium.net\/index.php\/wp-json\/wp\/v2\/posts\/252482\/revisions\/252487"}],"wp:featuredmedia":[{"embeddable":true,"href":"https:\/\/www.brundisium.net\/index.php\/wp-json\/wp\/v2\/media\/252486"}],"wp:attachment":[{"href":"https:\/\/www.brundisium.net\/index.php\/wp-json\/wp\/v2\/media?parent=252482"}],"wp:term":[{"taxonomy":"category","embeddable":true,"href":"https:\/\/www.brundisium.net\/index.php\/wp-json\/wp\/v2\/categories?post=252482"},{"taxonomy":"post_tag","embeddable":true,"href":"https:\/\/www.brundisium.net\/index.php\/wp-json\/wp\/v2\/tags?post=252482"}],"curies":[{"name":"wp","href":"https:\/\/api.w.org\/{rel}","templated":true}]}}