{"id":252524,"date":"2025-11-04T22:48:06","date_gmt":"2025-11-04T21:48:06","guid":{"rendered":"https:\/\/www.brundisium.net\/?p=252524"},"modified":"2025-11-05T10:06:12","modified_gmt":"2025-11-05T09:06:12","slug":"alliiss-e-ferdinando-si-e-parlato-di-epilessia","status":"publish","type":"post","link":"https:\/\/www.brundisium.net\/index.php\/alliiss-e-ferdinando-si-e-parlato-di-epilessia\/","title":{"rendered":"All\u2019IISS E. Ferdinando si \u00e8 parlato di epilessia"},"content":{"rendered":"<p>All\u2019 E. Ferdinando di Mesagne \u2013 plesso Liceo Scientifico si \u00e8 svolto un incontro con la Dott.ssa Durante Vania, neurologa che opera presso il \u201cPerrino\u201c di Brindisi,  e un nutrito gruppo di docenti. L\u2019incontro \u00e8 stato reso possibile grazie alla sensibilit\u00e0 del Dirigente Scolastico Prof. Mario Palmisano Romano e al reparto di neurologia dell\u2019ospedale Perrino  di Brindisi,  guidato dal Dott. Rini e la caposala Emanuela Capodieci, che ha coordinato l\u2019incontro insieme all\u2019associazione \u201cEmotiva\u2026mente\u201c Mesagne,  che si preoccupa di migliorare la qualit\u00e0 della vita delle persone con epilessia. E\u2019 stato  incontro di formazione e sensibilizzazione sulla gestione delle crisi e delle varie criticit\u00e0 che possono interessare gli alunni con epilessia, rivolto ai docenti. Nelle scuole come nella vita dovremmo essere attrezzati per far fronte alle emergenze, mettere le famiglie nelle condizioni di avere fiducia nei docenti ed educatori ed aprirsi perch\u00e9 pi\u00f9 si conosce, si informa e si forma meno danni si fanno; se si chiama l\u2019ambulanza o il 118 quando non \u00e8 necessario si fa doppio danno, sia alla struttura pubblica che  al ragazzo\/a. L\u2019incontro \u00e8 stato  molto partecipato da parte dei docenti, che hanno seguito con interesse le informazioni che ha portato la Dott. Durante Vania,  neurologa specializzata nello studio e cura delle epilessie e che tra l\u2019altro ha fatto notare quanto questo  tipo di incontri siano importanti anche perch\u00e9 di fronte a una \u201ccrisi\u201c che avviene in aula non possiamo farci prendere dal panico e non sapere come agire.  E\u2019 fondamentale sapersi muovere e  far conoscere la patologia agli insegnanti ma anche ai ragazzi affinch\u00e8 nella loro conoscenza e nel loro vissuto diventi una \u201ccondizione\u201c come le altre, che non stravolge affatto l\u2019integrit\u00e0 psichica e mentale di chi ne soffre. La cosa buona,  hanno affermato i responsabili dell\u2019associazione,  \u00e8 quella di creare una rete virtuosa che vede al centro la persona con epilessia, insieme alla scuola importante agenzia educativa, ai medici neurologi, alle associazioni,  ai mezzi di informazione. L\u2019incontro \u00e8 stato ricco di osservazioni, riflessioni, domande che i docenti hanno rivolto alla Dott.ssa Durante al fine di  migliorare la conoscenza e di allontanare lo stigma verso chi soffre di questa patologia, perch\u00e9 il pregiudizio ha conseguenze gravi su vari aspetti sociali. Etichetta, stigma e pregiudizio, hanno radici nell&#8217;ignoranza intesa come non conoscenza di una condizione ed \u00e8 proprio la non conoscenza che porta ad assumere atteggiamenti discriminanti; ecco perch\u00e9 \u00e8 importante lavorare sulla cultura, sulla conoscenza.  Molti docenti, alla fine dell\u2019incontro, hanno affermato:  \u201cci siamo arricchiti di buone prassi da spendere sui nostri ragazzi\u201d. <\/p>\n","protected":false},"excerpt":{"rendered":"<p>All\u2019 E. Ferdinando di Mesagne \u2013 plesso Liceo Scientifico si \u00e8 svolto un incontro con la Dott.ssa Durante Vania, neurologa che opera presso il \u201cPerrino\u201c di Brindisi, e un nutrito gruppo di docenti. L\u2019incontro \u00e8 stato reso possibile grazie alla sensibilit\u00e0 del Dirigente Scolastico Prof. Mario Palmisano Romano e al reparto di neurologia dell\u2019ospedale Perrino di Brindisi, guidato dal Dott. Rini e la caposala Emanuela Capodieci, che ha coordinato l\u2019incontro insieme all\u2019associazione \u201cEmotiva\u2026mente\u201c Mesagne, che si preoccupa di migliorare la qualit\u00e0 della vita delle persone con epilessia. E\u2019 stato incontro di formazione e sensibilizzazione sulla gestione delle crisi e delle varie criticit\u00e0 che possono interessare gli alunni con epilessia, rivolto ai docenti. Nelle scuole come nella vita dovremmo essere attrezzati per far fronte alle emergenze, mettere le famiglie nelle condizioni di avere fiducia nei docenti ed educatori ed aprirsi perch\u00e9 pi\u00f9 si conosce, si informa e si forma meno danni si fanno; se si chiama l\u2019ambulanza o il 118 quando non \u00e8 necessario si fa doppio danno, sia alla struttura&#8230;<\/p>\n","protected":false},"author":2,"featured_media":252525,"comment_status":"closed","ping_status":"closed","sticky":false,"template":"","format":"standard","meta":{"footnotes":""},"categories":[7],"tags":[],"class_list":["post-252524","post","type-post","status-publish","format-standard","has-post-thumbnail","hentry","category-news"],"_links":{"self":[{"href":"https:\/\/www.brundisium.net\/index.php\/wp-json\/wp\/v2\/posts\/252524","targetHints":{"allow":["GET"]}}],"collection":[{"href":"https:\/\/www.brundisium.net\/index.php\/wp-json\/wp\/v2\/posts"}],"about":[{"href":"https:\/\/www.brundisium.net\/index.php\/wp-json\/wp\/v2\/types\/post"}],"author":[{"embeddable":true,"href":"https:\/\/www.brundisium.net\/index.php\/wp-json\/wp\/v2\/users\/2"}],"replies":[{"embeddable":true,"href":"https:\/\/www.brundisium.net\/index.php\/wp-json\/wp\/v2\/comments?post=252524"}],"version-history":[{"count":1,"href":"https:\/\/www.brundisium.net\/index.php\/wp-json\/wp\/v2\/posts\/252524\/revisions"}],"predecessor-version":[{"id":252526,"href":"https:\/\/www.brundisium.net\/index.php\/wp-json\/wp\/v2\/posts\/252524\/revisions\/252526"}],"wp:featuredmedia":[{"embeddable":true,"href":"https:\/\/www.brundisium.net\/index.php\/wp-json\/wp\/v2\/media\/252525"}],"wp:attachment":[{"href":"https:\/\/www.brundisium.net\/index.php\/wp-json\/wp\/v2\/media?parent=252524"}],"wp:term":[{"taxonomy":"category","embeddable":true,"href":"https:\/\/www.brundisium.net\/index.php\/wp-json\/wp\/v2\/categories?post=252524"},{"taxonomy":"post_tag","embeddable":true,"href":"https:\/\/www.brundisium.net\/index.php\/wp-json\/wp\/v2\/tags?post=252524"}],"curies":[{"name":"wp","href":"https:\/\/api.w.org\/{rel}","templated":true}]}}