{"id":253188,"date":"2025-11-12T10:17:51","date_gmt":"2025-11-12T09:17:51","guid":{"rendered":"https:\/\/www.brundisium.net\/?p=253188"},"modified":"2025-11-12T09:21:13","modified_gmt":"2025-11-12T08:21:13","slug":"il-brindisino-mino-greco-eletto-segretario-regionale-di-uil-trasporti","status":"publish","type":"post","link":"https:\/\/www.brundisium.net\/index.php\/il-brindisino-mino-greco-eletto-segretario-regionale-di-uil-trasporti\/","title":{"rendered":"Il brindisino Mino Greco eletto segretario regionale di Uil Trasporti"},"content":{"rendered":"<p>La UIL di Brindisi augura buon lavoro a Mino Greco nel suo nuovo incarico di Segretario Generale Regionale della UIL Trasporti.<br \/>\nUna elezione che riempie d\u2019orgoglio il Sindacato in Terra di Brindisi e che premia la competenza, la passione e la grande esperienza maturata in anni di impegno costante nel mondo del lavoro e del Sindacato dal nostro Dirigente.<\/p>\n<p>Mino rappresenta un sicuro punto di riferimento per i lavoratori dei comparti Logistica, Trasporti ed Igiene Ambientale ed ha saputo affrontare con determinazione le complesse sfide legate alla Categoria, in modo particolare negli appalti industriali. Un ambito nel quale tutela, sicurezza e dignit\u00e0 del lavoro devono essere difese quotidianamente. Tante le battaglie qui a Brindisi, in modo particolare negli ultimi anni di Transizione Economica e Sociale.<\/p>\n<p>La sua elezione \u00e8 garanzia di continuit\u00e0 e di rinnovato slancio per la Categoria in Puglia e per tutta la nostra Organizzazione. Siamo certi che Mino sapr\u00e0 portare avanti con autorevolezza e visione i valori della UIL e dei lavoratori pugliesi e brindisini.<\/p>\n<p>&nbsp;<\/p>\n<p><strong>Fabrizio Caliolo<br \/>\nCoordinatore Provinciale UIL Brindisi<\/strong><\/p>\n","protected":false},"excerpt":{"rendered":"<p>La UIL di Brindisi augura buon lavoro a Mino Greco nel suo nuovo incarico di Segretario Generale Regionale della UIL Trasporti. Una elezione che riempie d\u2019orgoglio il Sindacato in Terra di Brindisi e che premia la competenza, la passione e la grande esperienza maturata in anni di impegno costante nel mondo del lavoro e del Sindacato dal nostro Dirigente. Mino rappresenta un sicuro punto di riferimento per i lavoratori dei comparti Logistica, Trasporti ed Igiene Ambientale ed ha saputo affrontare con determinazione le complesse sfide legate alla Categoria, in modo particolare negli appalti industriali. Un ambito nel quale tutela, sicurezza e dignit\u00e0 del lavoro devono essere difese quotidianamente. Tante le battaglie qui a Brindisi, in modo particolare negli ultimi anni di Transizione Economica e Sociale. La sua elezione \u00e8 garanzia di continuit\u00e0 e di rinnovato slancio per la Categoria in Puglia e per tutta la nostra Organizzazione. Siamo certi che Mino sapr\u00e0 portare avanti con autorevolezza e visione i valori della UIL e dei lavoratori pugliesi e brindisini. &nbsp; Fabrizio&#8230;<\/p>\n","protected":false},"author":2,"featured_media":253189,"comment_status":"closed","ping_status":"closed","sticky":false,"template":"","format":"standard","meta":{"footnotes":""},"categories":[7],"tags":[],"class_list":["post-253188","post","type-post","status-publish","format-standard","has-post-thumbnail","hentry","category-news"],"_links":{"self":[{"href":"https:\/\/www.brundisium.net\/index.php\/wp-json\/wp\/v2\/posts\/253188","targetHints":{"allow":["GET"]}}],"collection":[{"href":"https:\/\/www.brundisium.net\/index.php\/wp-json\/wp\/v2\/posts"}],"about":[{"href":"https:\/\/www.brundisium.net\/index.php\/wp-json\/wp\/v2\/types\/post"}],"author":[{"embeddable":true,"href":"https:\/\/www.brundisium.net\/index.php\/wp-json\/wp\/v2\/users\/2"}],"replies":[{"embeddable":true,"href":"https:\/\/www.brundisium.net\/index.php\/wp-json\/wp\/v2\/comments?post=253188"}],"version-history":[{"count":1,"href":"https:\/\/www.brundisium.net\/index.php\/wp-json\/wp\/v2\/posts\/253188\/revisions"}],"predecessor-version":[{"id":253190,"href":"https:\/\/www.brundisium.net\/index.php\/wp-json\/wp\/v2\/posts\/253188\/revisions\/253190"}],"wp:featuredmedia":[{"embeddable":true,"href":"https:\/\/www.brundisium.net\/index.php\/wp-json\/wp\/v2\/media\/253189"}],"wp:attachment":[{"href":"https:\/\/www.brundisium.net\/index.php\/wp-json\/wp\/v2\/media?parent=253188"}],"wp:term":[{"taxonomy":"category","embeddable":true,"href":"https:\/\/www.brundisium.net\/index.php\/wp-json\/wp\/v2\/categories?post=253188"},{"taxonomy":"post_tag","embeddable":true,"href":"https:\/\/www.brundisium.net\/index.php\/wp-json\/wp\/v2\/tags?post=253188"}],"curies":[{"name":"wp","href":"https:\/\/api.w.org\/{rel}","templated":true}]}}