{"id":253212,"date":"2025-11-12T14:24:39","date_gmt":"2025-11-12T13:24:39","guid":{"rendered":"https:\/\/www.brundisium.net\/?p=253212"},"modified":"2025-11-14T19:43:57","modified_gmt":"2025-11-14T18:43:57","slug":"piazza-del-salento-degrado-e-sicurezza-perduta-da-troppo-troppo-tempo-di-vincenzo-albano","status":"publish","type":"post","link":"https:\/\/www.brundisium.net\/index.php\/piazza-del-salento-degrado-e-sicurezza-perduta-da-troppo-troppo-tempo-di-vincenzo-albano\/","title":{"rendered":"Piazza del Salento: degrado e sicurezza perduta da troppo troppo tempo. Di Vincenzo Albano"},"content":{"rendered":"<p>Negli anni scorsi, ma anche in quest&#8217;ultimi mesi, ho pi\u00f9 volte portato all\u2019attenzione dell\u2019Amministrazione Comunale la preoccupazione di numerosi nostri concittadini, che reclamavano il proprio diritto alla sicurezza, revocata in dubbio dalla situazione di estremo degrado esistente in Piazza del salento, nel quartiere Commenda. Ridotta oramai in condizioni pietose.<\/p>\n<p>In quelle circostanze ho cercato di rappresentare l\u2019amarezza di chi non aveva trovato nella pubblica amministrazione un interlocutore attento alle loro preoccupazioni e sollecito nel soddisfare i bisogni di sicurezza e di tranquillit\u00e0, messe a rischio dal pavimento della piazza danneggiato in moltissimi punti, dalle numerosissime buche e rigonfiamenti, dalle tantissime piastrelle divelte, lesionate, inclinate, che causano seri problemi di equilibrio ai temerari frequentatori della piazza, dalle quattro panchine eliminate da tempo mai sostituite, dalla Fontana centrale marrone scuro, ricoperta completamente di melmadalla Fontanina dell&#8217;acqua non funzionante. Ma anche dai cordoli dissestati, dall&#8217;asfalto della carreggiata e delle strade circostanti la piazza danneggiato, con molte buche. Un vero e proprio inferno che non ha destato alcun interesse da parte del Sindaco e dell&#8217;assessore competente.<\/p>\n<p>Nel frattempo, la situazione \u00e8 peggiorata. A quelle esistenti da lungo tempo, si sono aggiunte altre situazioni di sofferenza.<br \/>\nUna costante inerzia che desta non poche perplessit\u00e0 sulla reale capacit\u00e0 della struttura comunale di essere all\u2019altezza dei bisogni della gente, a causa di quello che viene percepito come un evidente deficit di capacit\u00e0 di direzione, di organizzazione, uomini, mezzi e del sistema di controllo del territorio, che sarebbe necessario riorganizzare con urgenza.<\/p>\n<p>Nondimeno, quella che \u00e8 mancata in questi ultimi anni, credo sia stata la cultura dell\u2019attenzione al cittadino, ai suoi bisogni, alle sue esigenze, praticata e confinata quasi esclusivamente nelle parole, nelle tante promesse, elargite specialmente nei periodi elettorali, che ha contribuito a determinare un diffuso senso di sfiducia dei cittadini nella capacit\u00e0 di reale rappresentanza dell &#8216; Amministrazione Comunale, di essere all&#8217;altezza del proprio ruolo e dell&#8217;impegno assicurato nel suo programma elettorale.<\/p>\n<p>Per questo, se si vuole effettivamente tentare di ricostruire quel rapporto di fiducia, non \u00e8 pi\u00f9 rinviabile la realizzazione di una nuova municipalit\u00e0, di una nuova cultura dell\u2019amministrare, che metta effettivamente al centro dell\u2019interesse dell\u2019amministrazione comunale la Comunit\u00e0 , che li faccia uscire finalmente dall&#8217; isolamento delle aule comunali in cui si sono rinchiusi da tempo, per avventurarsi nella citt\u00e0, fra i cittadini, per ascoltarli, per toccare con mano i loro bisogni .<\/p>\n<p>Sperimentando, come hanno fatto da tempo in tantissime altre citt\u00e0, un nuovo terreno di partecipazione, di ascolto e di confronto continuo con il cittadino, che dia conto e visibilit\u00e0 dell\u2019attivit\u00e0 svolta e dei risultati reali conseguiti in termini di efficacia sociale degli interventi effettuati, affinch\u00e9 egli possa consapevolmente valutare la corrispondenza fra il suo sistema di bisogni e le risposte che vengono fornite in termini di qualit\u00e0, efficienza e coerenza con gli obiettivi dichiarati.<\/p>\n<p>Spero che le mie, come quelle di tante cittadini, non siano, ancora una volta, parole affidate al vento, come purtroppo \u00e8 avvenuto in altre circostanze.<br \/>\nNe va della sicurezza e della tranquillit\u00e0 dei cittadini.<br \/>\nE\u2019 sempre pi\u00f9 difficile e faticoso vivere nell\u2019indifferenza di chi deve provvedere e non lo fa.<\/p>\n<p>&nbsp;<\/p>\n<p><em><strong>Vincenzo Albano<\/strong><\/em><\/p>\n<p>&nbsp;<\/p>\n<p><iframe loading=\"lazy\" src=\"https:\/\/www.facebook.com\/plugins\/post.php?href=https%3A%2F%2Fwww.facebook.com%2FBrundisium.net%2Fposts%2Fpfbid02eUHkdiHF8snQec7D4qV1RBpKyhtMxBnbMRPFNHZQCYwvB7bYrwcbNa1KaN2CfH71l&#038;show_text=true&#038;width=500\" width=\"500\" height=\"703\" style=\"border:none;overflow:hidden\" scrolling=\"no\" frameborder=\"0\" allowfullscreen=\"true\" allow=\"autoplay; clipboard-write; encrypted-media; picture-in-picture; web-share\"><\/iframe><\/p>\n","protected":false},"excerpt":{"rendered":"<p>Negli anni scorsi, ma anche in quest&#8217;ultimi mesi, ho pi\u00f9 volte portato all\u2019attenzione dell\u2019Amministrazione Comunale la preoccupazione di numerosi nostri concittadini, che reclamavano il proprio diritto alla sicurezza, revocata in dubbio dalla situazione di estremo degrado esistente in Piazza del salento, nel quartiere Commenda. Ridotta oramai in condizioni pietose. In quelle circostanze ho cercato di rappresentare l\u2019amarezza di chi non aveva trovato nella pubblica amministrazione un interlocutore attento alle loro preoccupazioni e sollecito nel soddisfare i bisogni di sicurezza e di tranquillit\u00e0, messe a rischio dal pavimento della piazza danneggiato in moltissimi punti, dalle numerosissime buche e rigonfiamenti, dalle tantissime piastrelle divelte, lesionate, inclinate, che causano seri problemi di equilibrio ai temerari frequentatori della piazza, dalle quattro panchine eliminate da tempo mai sostituite, dalla Fontana centrale marrone scuro, ricoperta completamente di melmadalla Fontanina dell&#8217;acqua non funzionante. Ma anche dai cordoli dissestati, dall&#8217;asfalto della carreggiata e delle strade circostanti la piazza danneggiato, con molte buche. Un vero e proprio inferno che non ha destato alcun interesse da parte del Sindaco e&#8230;<\/p>\n","protected":false},"author":2,"featured_media":253213,"comment_status":"closed","ping_status":"closed","sticky":false,"template":"","format":"standard","meta":{"footnotes":""},"categories":[9],"tags":[],"class_list":["post-253212","post","type-post","status-publish","format-standard","has-post-thumbnail","hentry","category-interventi"],"_links":{"self":[{"href":"https:\/\/www.brundisium.net\/index.php\/wp-json\/wp\/v2\/posts\/253212","targetHints":{"allow":["GET"]}}],"collection":[{"href":"https:\/\/www.brundisium.net\/index.php\/wp-json\/wp\/v2\/posts"}],"about":[{"href":"https:\/\/www.brundisium.net\/index.php\/wp-json\/wp\/v2\/types\/post"}],"author":[{"embeddable":true,"href":"https:\/\/www.brundisium.net\/index.php\/wp-json\/wp\/v2\/users\/2"}],"replies":[{"embeddable":true,"href":"https:\/\/www.brundisium.net\/index.php\/wp-json\/wp\/v2\/comments?post=253212"}],"version-history":[{"count":1,"href":"https:\/\/www.brundisium.net\/index.php\/wp-json\/wp\/v2\/posts\/253212\/revisions"}],"predecessor-version":[{"id":253214,"href":"https:\/\/www.brundisium.net\/index.php\/wp-json\/wp\/v2\/posts\/253212\/revisions\/253214"}],"wp:featuredmedia":[{"embeddable":true,"href":"https:\/\/www.brundisium.net\/index.php\/wp-json\/wp\/v2\/media\/253213"}],"wp:attachment":[{"href":"https:\/\/www.brundisium.net\/index.php\/wp-json\/wp\/v2\/media?parent=253212"}],"wp:term":[{"taxonomy":"category","embeddable":true,"href":"https:\/\/www.brundisium.net\/index.php\/wp-json\/wp\/v2\/categories?post=253212"},{"taxonomy":"post_tag","embeddable":true,"href":"https:\/\/www.brundisium.net\/index.php\/wp-json\/wp\/v2\/tags?post=253212"}],"curies":[{"name":"wp","href":"https:\/\/api.w.org\/{rel}","templated":true}]}}