{"id":253237,"date":"2025-11-12T19:05:40","date_gmt":"2025-11-12T18:05:40","guid":{"rendered":"https:\/\/www.brundisium.net\/?p=253237"},"modified":"2025-11-12T19:05:40","modified_gmt":"2025-11-12T18:05:40","slug":"sio-radioweb-la-voce-che-unisce-presentata-la-web-radio-della-scuola-ospedaliera-del-perrino","status":"publish","type":"post","link":"https:\/\/www.brundisium.net\/index.php\/sio-radioweb-la-voce-che-unisce-presentata-la-web-radio-della-scuola-ospedaliera-del-perrino\/","title":{"rendered":"Sio Radioweb &#8211; la voce che unisce: presentata la web radio della scuola ospedaliera del Perrino"},"content":{"rendered":"<p>Si \u00e8 tenuta oggi la conferenza stampa per la presentazione del progetto \u201cSIO RADIOWEB\u201d &#8211; LA VOCE CHE UNISCE\u201d. Un\u2019iniziativa che nasce dal desiderio di dare voce ai ragazzi ricoverati, offrendo loro uno spazio creativo e partecipativo attraverso una web radio.<\/p>\n<p>&nbsp;<\/p>\n<p>Sono stati donati alcuni strumenti utili per l\u2019avvio della radio, forniti dai Giovani Imprenditori di Confindustria Brindisi e dai Maestri del Lavoro, per sostenere concretamente la realizzazione del progetto e favorire l\u2019autonomia dei ragazzi nella gestione delle attivit\u00e0.<\/p>\n<p>&nbsp;<\/p>\n<p>\u201cUn\u2019idea nata dal desiderio di dare voce ai ragazzi, uno spazio tutto per loro &#8211; per raccontare le proprie emozioni e per sentirsi protagonisti, anche nei momenti pi\u00f9 difficili. Con questa iniziativa vogliamo testimoniare che l\u2019impresa non \u00e8 soltanto produzione ed economia, ma anche attenzione al territorio, alle persone e soprattutto alle future generazioni. La nostra donazione \u00e8 un piccolo gesto, ma con un grande significato: un modo per dire ai ragazzi che non sono soli, che la citt\u00e0 e il mondo delle imprese sono accanto a loro, e che la loro voce merita di essere ascoltata\u201d \u2013 ha dichiarato la Presidente Giovani Imprenditori Confindustria Brindisi, Laura De Rocco.<\/p>\n<p>&nbsp;<\/p>\n<p>\u201cL\u2019iniziativa odierna \u00e8 un reale esempio di come la collaborazione tra pubblico, privato e associazioni pu\u00f2 dare risposte adeguate ai bisogni della comunit\u00e0. Fare rete significa mettere a disposizione risorse economiche, umane ed idee, dalle idee nascono progetti importanti come quello che stiamo avviando oggi\u201d \u2013 ha affermato il Console Provinciale Maestri del Lavoro, Vincenzo Gatto.<\/p>\n<p>&nbsp;<\/p>\n<p>\u201cLa web radio come veicolo d&#8217;esperienza risuona di sentimenti e opportunit\u00e0 comunicative. Tutti gli agenti Giovani Imprenditori Confindustria Brindisi, Maestri del Lavoro, Asl BR e ICS Cappuccini, riuniti in un unico sentire di solidariet\u00e0 efficace e visione di futuro\u201d \u2013 ha continuato la Dirigente ICS Cappuccini, Rosetta Carlino.<\/p>\n<p>&nbsp;<\/p>\n<p>Il Direttore Sanitario, Andrea Molino ha sottolineato &#8211; \u201cgrazie a questo progetto ci sono degli strumenti per il bambino che \u00e8 ricoverato perch\u00e9 sa che la sua voce viene ascoltata, si sente considerato e questo incide positivamente sulla sua permanenza in ospedale. In questo modo si permette ai bambini di capire che non c&#8217;\u00e8 solo l\u2019intelligenza artificiale ma anche l\u2019intelligenza umana e le sensazioni. I bambini che si trovano qui, purtroppo, conoscono la sofferenza ma potranno vivere questa esperienza e fare un percorso di crescita insieme ai compagni. \u00c8 importante ascoltare quello che i ragazzi: sono come un terreno che deve essere seminato, trattato e concimato per portare dei frutti\u201d.<\/p>\n<p>&nbsp;<\/p>\n<p>\u201cIn ospedale \u2013 ha detto Maurizio De Nuccio, Direttore Generale della Asl Brindisi \u2013 \u00e8 importante che insieme al percorso clinico ci sia un percorso che segue il paziente da un punto di vista relazionale. Noi colleghiamo l&#8217;ospedale alla malattia: invece l\u2019ospedale deve essere interconnesso con il territorio e farne parte integrante. Dare voce a questi ragazzi \u00e8 sicuramente una terapia: i discorsi e le discussioni che affronteranno nel podcast rappresentano un percorso che affianca quello clinico. Questa \u00e8 una Asl che guarda in avanti, perch\u00e9 stiamo dando voce ai nostri bambini che sono il futuro. Il mio ringraziamento va a tutti: ai giovani imprenditori di Confindustria, ai docenti e alla preside Rosetta Carlino. Grazie di cuore\u201d.<\/p>\n<p>Un progetto educativo e umano, che punta a valorizzare la comunicazione come strumento di crescita, condivisione ed inclusione.<\/p>\n","protected":false},"excerpt":{"rendered":"<p>Si \u00e8 tenuta oggi la conferenza stampa per la presentazione del progetto \u201cSIO RADIOWEB\u201d &#8211; LA VOCE CHE UNISCE\u201d. Un\u2019iniziativa che nasce dal desiderio di dare voce ai ragazzi ricoverati, offrendo loro uno spazio creativo e partecipativo attraverso una web radio. &nbsp; Sono stati donati alcuni strumenti utili per l\u2019avvio della radio, forniti dai Giovani Imprenditori di Confindustria Brindisi e dai Maestri del Lavoro, per sostenere concretamente la realizzazione del progetto e favorire l\u2019autonomia dei ragazzi nella gestione delle attivit\u00e0. &nbsp; \u201cUn\u2019idea nata dal desiderio di dare voce ai ragazzi, uno spazio tutto per loro &#8211; per raccontare le proprie emozioni e per sentirsi protagonisti, anche nei momenti pi\u00f9 difficili. Con questa iniziativa vogliamo testimoniare che l\u2019impresa non \u00e8 soltanto produzione ed economia, ma anche attenzione al territorio, alle persone e soprattutto alle future generazioni. La nostra donazione \u00e8 un piccolo gesto, ma con un grande significato: un modo per dire ai ragazzi che non sono soli, che la citt\u00e0 e il mondo delle imprese sono accanto a loro, e&#8230;<\/p>\n","protected":false},"author":2,"featured_media":253238,"comment_status":"closed","ping_status":"closed","sticky":false,"template":"","format":"standard","meta":{"footnotes":""},"categories":[7],"tags":[],"class_list":["post-253237","post","type-post","status-publish","format-standard","has-post-thumbnail","hentry","category-news"],"_links":{"self":[{"href":"https:\/\/www.brundisium.net\/index.php\/wp-json\/wp\/v2\/posts\/253237","targetHints":{"allow":["GET"]}}],"collection":[{"href":"https:\/\/www.brundisium.net\/index.php\/wp-json\/wp\/v2\/posts"}],"about":[{"href":"https:\/\/www.brundisium.net\/index.php\/wp-json\/wp\/v2\/types\/post"}],"author":[{"embeddable":true,"href":"https:\/\/www.brundisium.net\/index.php\/wp-json\/wp\/v2\/users\/2"}],"replies":[{"embeddable":true,"href":"https:\/\/www.brundisium.net\/index.php\/wp-json\/wp\/v2\/comments?post=253237"}],"version-history":[{"count":1,"href":"https:\/\/www.brundisium.net\/index.php\/wp-json\/wp\/v2\/posts\/253237\/revisions"}],"predecessor-version":[{"id":253240,"href":"https:\/\/www.brundisium.net\/index.php\/wp-json\/wp\/v2\/posts\/253237\/revisions\/253240"}],"wp:featuredmedia":[{"embeddable":true,"href":"https:\/\/www.brundisium.net\/index.php\/wp-json\/wp\/v2\/media\/253238"}],"wp:attachment":[{"href":"https:\/\/www.brundisium.net\/index.php\/wp-json\/wp\/v2\/media?parent=253237"}],"wp:term":[{"taxonomy":"category","embeddable":true,"href":"https:\/\/www.brundisium.net\/index.php\/wp-json\/wp\/v2\/categories?post=253237"},{"taxonomy":"post_tag","embeddable":true,"href":"https:\/\/www.brundisium.net\/index.php\/wp-json\/wp\/v2\/tags?post=253237"}],"curies":[{"name":"wp","href":"https:\/\/api.w.org\/{rel}","templated":true}]}}