{"id":253301,"date":"2025-11-14T13:34:48","date_gmt":"2025-11-14T12:34:48","guid":{"rendered":"https:\/\/www.brundisium.net\/?p=253301"},"modified":"2025-11-14T13:35:36","modified_gmt":"2025-11-14T12:35:36","slug":"sabato-15-novembre-la-giornata-nazionale-della-colletta-alimentare","status":"publish","type":"post","link":"https:\/\/www.brundisium.net\/index.php\/sabato-15-novembre-la-giornata-nazionale-della-colletta-alimentare\/","title":{"rendered":"Sabato 15 novembre la Giornata Nazionale della Colletta Alimentare"},"content":{"rendered":"<p>Torna sabato 15 novembre, sotto l\u2019Alto Patronato del Presidente della Repubblica, l\u2019appuntamento con la Giornata Nazionale della Colletta Alimentare, l\u2019iniziativa promossa dalla Fondazione Banco Alimentare ETS.<br \/>\nL\u2019obiettivo di questo evento \u00e8 sensibilizzare la societ\u00e0 civile sul problema della povert\u00e0, richiamando ai concetti di condivisione, gratuit\u00e0 e carit\u00e0 e raccogliere alimenti attraverso le donazioni delle persone che vi partecipano secondo il principio educativo \u201cCondividere i bisogni per condividere il senso della vita\u201d.<br \/>\nGrandi protagonisti, anche in questa edizione, i ragazzi e le ragazze delle Scuole del territorio. Decine i volontari che vivono una esperienza di Cittadinanza Attiva sul campo, nel concreto di un gesto solidale. Quest\u2019anno hanno aderito gli Istituti Scolastici Palumbo, Fermi-Monticelli e Morvillo-Falcone-Bassi di Brindisi citt\u00e0, il Fermi di Francavilla Fontana ed il Comprensivo Mazzini-Pascoli di Torre Santa Susanna ed Erchie. Ai Dirigenti Scolastici, ai docenti e ad ogni ragazzo che render\u00e0 possibile il Gesto la viva gratitudine del Banco Alimentare di Brindisi.<br \/>\nDopo la grande novit\u00e0 dello scorso anno la Colletta Alimentare a Brindisi avr\u00e0 una gradita conferma: la partecipazione straordinaria al gesto di diversi volontari della Casa Circondariale di Brindisi. Un coinvolgimento educativo promosso dal Ministero e che \u00e8 stato entusiasticamente accolto dal direttore della Casa Circondariale di Brindisi dott.ssa Meo Evoli, come preziosa occasione di volontariato sociale. I detenuti vivranno la Colletta all\u2019interno della Casa Circondariale e la raccolta sar\u00e0 consegnata dagli stessi ad un Ente caritativo della citt\u00e0 di Brindisi.<br \/>\nLa Colletta muove un intero popolo fatto da tanti volontari e diversi gruppi organizzati. Fra questi i gruppi Agesci Scout di Brindisi e i Lions Club nelle diverse Delegazioni e Distretti afferenti al territorio provinciale di Brindisi.<br \/>\nQuesto l\u2019elenco dei punti vendita aderenti nella nostra provincia di Brindisi. <\/p>\n<p>\u201cUn piccolo gesto, un aiuto concreto\u201d<\/p>\n<p>Citt\u00e0\tPunto Vendita\tIndirizzo<br \/>\nBRINDISI\tDESPAR\tVIA ALDO MORO<br \/>\nBRINDISI\tEUROSPIN\tVIA MONTE SABOTINO<br \/>\nBRINDISI\tEUROSPIN\tPIAZZA DEL POPOLO<br \/>\nBRINDISI\tEUROSPIN\tVIA FERMI ANG. VIALE ARNO<br \/>\nBRINDISI\tEUROSPIN\tVIA CADUTI DI VIA FANI<br \/>\nBRINDISI\tPENNY MARKET \tVIA RAFFAELLO SANZIO<br \/>\nBRINDISI\tMD\tVIA DELLA TORRETTA<br \/>\nBRINDISI\tMD \tVIALE SPAGNA<br \/>\nBRINDISI\tCONAD\tVIA DALMAZIA ANG.A. MORO<br \/>\nBRINDISI\tINTERSPAR\tVIALE ALDO MORO<br \/>\nBRINDISI\tDOK\tVIA SANT&#8217;ANGELO<br \/>\nBRINDISI\tDOK\tVIA APPIA<br \/>\nBRINDISI\tDOK\tVIA BELGIO<br \/>\nBRINDISI\tLIDL\tVIA APPIA<br \/>\nBRINDISI\tMD\tSTR. DELLA TORRETTA<br \/>\nBRINDISI\tMD\tVIA SPAGNA<br \/>\nBRINDISI\tPENNY MARKET\tVIA RAFFAELLO SANZIO<br \/>\nBRINDISI\tDOK\tVIA APPIA<br \/>\nBRINDISI\tFAMILA\tVIA TORRETTA<br \/>\nBRINDISI\tBIG MARKET\tVIA COCEIO NERVA<br \/>\nCAROVIGNO\tEUROSPIN\tVIA SANTA SABINA<br \/>\nCEGLIE MESSAPICA\tEUROSPIN\tVIA MASSIMO D&#8217;AZEGLIO PARALLELA L. DA VINCI<br \/>\nFRANCAVILLA FONTANA\tEUROSPIN\tVIA PER BRINDISI KM. 1,5<br \/>\nFRANCAVILLA FONTANA\tEUROSPIN\tVIA PER GROTTAGLIE<br \/>\nFRANCAVILLA FONTANA\tFAMILA\tVIA ORIA<br \/>\nFRANCAVILLA FONTANA\tCAM\tVIA IMPERIALI<br \/>\nFRANCAVILLA FONTANA\tZIZZO\tPIAZZA VERDI<br \/>\nFRANCAVILLA FONTANA\tZIZZO\tVIA GORIZIA<br \/>\nFRANCAVILLA FONTANA\tCAM\tVIA REGINA ELENA<br \/>\nMESAGNE\tEUROSPIN\tVIALE INDIPENDENZA<br \/>\nMESAGNE\tEUROSPIN\tVIA PER TORRE SANTA SUSANNA<br \/>\nMESAGNE\tPENNY MARKET\tVIA BRINDISI<br \/>\nMESAGNE\tMD\tVIA GUGLIELMO MARCONI<br \/>\nMESAGNE\tCONAD IPERMERCATO\tS.S.7<br \/>\nMESAGNE\tPENNY MARKET\tVIA BRINDISI<br \/>\nMESAGNE\tDOK\tVIA MARCONI<br \/>\nMESAGNE\tDOK\tVIA STAZIONE<br \/>\nMESAGNE\tROSSO TONO\tVIA ALESSANDRO VOLTA<br \/>\nMESAGNE\tROSSO TONO\tVIA XXV APRILE<br \/>\nOSTUNI\tEUROSPIN\tVIA TANZARELLA<br \/>\nOSTUNI\tFAMILA\tVIA PIETRO DE LAURENTIS<br \/>\nOSTUNI\tDESPAR\tVIA PESARO<br \/>\nOSTUNI\tDESPAR\tVIA DIAZ<br \/>\nSAN VITO DEI NORMANNI\tEUROSPIN\tS.S. 16 PER CAROVIGNO &#8211; C.DA SCANNATIZZA<br \/>\nSAN VITO DEI NORMANNI\tEUROSPIN\tVIA CAROVIGNO<br \/>\nSAN VITO DEI NORMANNI\tPENNY MARKET\tVIA BRINDISI<br \/>\nSAN VITO DEI NORMANNI\tDOK\tVIA CAROVIGNO<br \/>\nSAN VITO DEI NORMANNI\tFAMILA\tVIA CAROVIGNO<br \/>\nTORRE SANTA SUSANNA\tEUROSPIN\tS.P. 63 VIA PER ERCHIE<br \/>\nVILLA CASTELLI\tEUROSPIN\tVIA TARANTO<\/p>\n","protected":false},"excerpt":{"rendered":"<p>Torna sabato 15 novembre, sotto l\u2019Alto Patronato del Presidente della Repubblica, l\u2019appuntamento con la Giornata Nazionale della Colletta Alimentare, l\u2019iniziativa promossa dalla Fondazione Banco Alimentare ETS. L\u2019obiettivo di questo evento \u00e8 sensibilizzare la societ\u00e0 civile sul problema della povert\u00e0, richiamando ai concetti di condivisione, gratuit\u00e0 e carit\u00e0 e raccogliere alimenti attraverso le donazioni delle persone che vi partecipano secondo il principio educativo \u201cCondividere i bisogni per condividere il senso della vita\u201d. Grandi protagonisti, anche in questa edizione, i ragazzi e le ragazze delle Scuole del territorio. Decine i volontari che vivono una esperienza di Cittadinanza Attiva sul campo, nel concreto di un gesto solidale. Quest\u2019anno hanno aderito gli Istituti Scolastici Palumbo, Fermi-Monticelli e Morvillo-Falcone-Bassi di Brindisi citt\u00e0, il Fermi di Francavilla Fontana ed il Comprensivo Mazzini-Pascoli di Torre Santa Susanna ed Erchie. Ai Dirigenti Scolastici, ai docenti e ad ogni ragazzo che render\u00e0 possibile il Gesto la viva gratitudine del Banco Alimentare di Brindisi. Dopo la grande novit\u00e0 dello scorso anno la Colletta Alimentare a Brindisi avr\u00e0 una gradita conferma:&#8230;<\/p>\n","protected":false},"author":2,"featured_media":253302,"comment_status":"closed","ping_status":"closed","sticky":false,"template":"","format":"standard","meta":{"footnotes":""},"categories":[7],"tags":[],"class_list":["post-253301","post","type-post","status-publish","format-standard","has-post-thumbnail","hentry","category-news"],"_links":{"self":[{"href":"https:\/\/www.brundisium.net\/index.php\/wp-json\/wp\/v2\/posts\/253301","targetHints":{"allow":["GET"]}}],"collection":[{"href":"https:\/\/www.brundisium.net\/index.php\/wp-json\/wp\/v2\/posts"}],"about":[{"href":"https:\/\/www.brundisium.net\/index.php\/wp-json\/wp\/v2\/types\/post"}],"author":[{"embeddable":true,"href":"https:\/\/www.brundisium.net\/index.php\/wp-json\/wp\/v2\/users\/2"}],"replies":[{"embeddable":true,"href":"https:\/\/www.brundisium.net\/index.php\/wp-json\/wp\/v2\/comments?post=253301"}],"version-history":[{"count":2,"href":"https:\/\/www.brundisium.net\/index.php\/wp-json\/wp\/v2\/posts\/253301\/revisions"}],"predecessor-version":[{"id":253305,"href":"https:\/\/www.brundisium.net\/index.php\/wp-json\/wp\/v2\/posts\/253301\/revisions\/253305"}],"wp:featuredmedia":[{"embeddable":true,"href":"https:\/\/www.brundisium.net\/index.php\/wp-json\/wp\/v2\/media\/253302"}],"wp:attachment":[{"href":"https:\/\/www.brundisium.net\/index.php\/wp-json\/wp\/v2\/media?parent=253301"}],"wp:term":[{"taxonomy":"category","embeddable":true,"href":"https:\/\/www.brundisium.net\/index.php\/wp-json\/wp\/v2\/categories?post=253301"},{"taxonomy":"post_tag","embeddable":true,"href":"https:\/\/www.brundisium.net\/index.php\/wp-json\/wp\/v2\/tags?post=253301"}],"curies":[{"name":"wp","href":"https:\/\/api.w.org\/{rel}","templated":true}]}}