{"id":253373,"date":"2025-11-16T16:21:42","date_gmt":"2025-11-16T15:21:42","guid":{"rendered":"https:\/\/www.brundisium.net\/?p=253373"},"modified":"2025-11-22T13:07:19","modified_gmt":"2025-11-22T12:07:19","slug":"martedi-18-novembre-si-parla-di-mestieri-e-attivita-storiche-di-brindisi-vol-2-alla-casa-di-quartiere-minimus","status":"publish","type":"post","link":"https:\/\/www.brundisium.net\/index.php\/martedi-18-novembre-si-parla-di-mestieri-e-attivita-storiche-di-brindisi-vol-2-alla-casa-di-quartiere-minimus\/","title":{"rendered":"Marted\u00ec 18 novembre si parla di \u201cMestieri e attivit\u00e0 storiche di Brindisi \u2013 Vol. 2\u201d alla Casa di Quartiere Minimus"},"content":{"rendered":"<p>Un viaggio nella memoria della citt\u00e0, tra botteghe, antichi mestieri e storie di uomini e donne che hanno lasciato un segno nella comunit\u00e0 di Brindisi degli ultimi 60 anni.<br \/>\n\u00c8 questo lo spirito del nuovo volume \u201cMestieri e attivit\u00e0 storiche di Brindisi \u2013 Vol. 2\u201d, firmato da Giovanni Membola e pubblicato da Brundisium.net Edizioni.<br \/>\nDel libro e dei suoi protagonisti se ne parla marted\u00ec 18 novembre 2025, alle ore 18.00, presso la Casa di Quartiere MINIMUS, nel Bastione Carlo V (via Bastioni San Giorgio, 64).<\/p>\n<p>L\u2019incontro, promosso da La Bottega delle Storie, sar\u00e0 introdotto dalla dott.ssa Anna Tassielli, psicoterapeuta. A dialogare con l\u2019autore sar\u00e0 Michele Bombacigno, che condurr\u00e0 la conversazione alla scoperta del lavoro di ricerca e delle testimonianze raccolte da Membola.<\/p>\n<p>Il volume, secondo di una serie che sta riscuotendo grande interesse tra appassionati e cittadini, raccoglie racconti, fotografie e materiali d\u2019archivio dedicati alle attivit\u00e0 produttive e commerciali che hanno caratterizzato la Brindisi del dopoguerra fino ai giorni nostri. <\/p>\n<p>Si tratta di un lavoro di documentazione storica e sociale che d\u00e0 valore alle botteghe artigiane, ai laboratori, ai negozi di quartiere: luoghi in cui si tramandavano saperi, identit\u00e0 e relazioni sociali.<\/p>\n<p>Giovanni Membola, giornalista, ricercatore e fondatore della testata Brindisiweb.it, da anni dedica il proprio impegno alla valorizzazione della storia locale e della memoria collettiva della citt\u00e0. Con questa nuova pubblicazione prosegue il suo percorso di recupero delle radici sociali, economiche e culturali di Brindisi attraverso le storie dei suoi protagonisti, spesso rimasti ai margini delle narrazioni ufficiali.<\/p>\n<p>L\u2019evento \u00e8 realizzato in collaborazione con Casa di Quartiere MINIMUS, nell\u2019ambito del progetto Riusa Brindisi e delle attivit\u00e0 di Case di Quartiere Brindisi e conferma il ruolo degli spazi di comunit\u00e0 come luoghi di cultura, partecipazione e rigenerazione sociale.<\/p>\n<p>Un appuntamento che non riguarda soltanto il passato, ma un invito a riflettere sulla citt\u00e0 di oggi e sul valore delle sue radici.<\/p>\n","protected":false},"excerpt":{"rendered":"<p>Un viaggio nella memoria della citt\u00e0, tra botteghe, antichi mestieri e storie di uomini e donne che hanno lasciato un segno nella comunit\u00e0 di Brindisi degli ultimi 60 anni. \u00c8 questo lo spirito del nuovo volume \u201cMestieri e attivit\u00e0 storiche di Brindisi \u2013 Vol. 2\u201d, firmato da Giovanni Membola e pubblicato da Brundisium.net Edizioni. Del libro e dei suoi protagonisti se ne parla marted\u00ec 18 novembre 2025, alle ore 18.00, presso la Casa di Quartiere MINIMUS, nel Bastione Carlo V (via Bastioni San Giorgio, 64). L\u2019incontro, promosso da La Bottega delle Storie, sar\u00e0 introdotto dalla dott.ssa Anna Tassielli, psicoterapeuta. A dialogare con l\u2019autore sar\u00e0 Michele Bombacigno, che condurr\u00e0 la conversazione alla scoperta del lavoro di ricerca e delle testimonianze raccolte da Membola. Il volume, secondo di una serie che sta riscuotendo grande interesse tra appassionati e cittadini, raccoglie racconti, fotografie e materiali d\u2019archivio dedicati alle attivit\u00e0 produttive e commerciali che hanno caratterizzato la Brindisi del dopoguerra fino ai giorni nostri. Si tratta di un lavoro di documentazione storica e sociale&#8230;<\/p>\n","protected":false},"author":2,"featured_media":253376,"comment_status":"closed","ping_status":"closed","sticky":false,"template":"","format":"standard","meta":{"footnotes":""},"categories":[224,7],"tags":[],"class_list":["post-253373","post","type-post","status-publish","format-standard","has-post-thumbnail","hentry","category-libri","category-news"],"_links":{"self":[{"href":"https:\/\/www.brundisium.net\/index.php\/wp-json\/wp\/v2\/posts\/253373","targetHints":{"allow":["GET"]}}],"collection":[{"href":"https:\/\/www.brundisium.net\/index.php\/wp-json\/wp\/v2\/posts"}],"about":[{"href":"https:\/\/www.brundisium.net\/index.php\/wp-json\/wp\/v2\/types\/post"}],"author":[{"embeddable":true,"href":"https:\/\/www.brundisium.net\/index.php\/wp-json\/wp\/v2\/users\/2"}],"replies":[{"embeddable":true,"href":"https:\/\/www.brundisium.net\/index.php\/wp-json\/wp\/v2\/comments?post=253373"}],"version-history":[{"count":2,"href":"https:\/\/www.brundisium.net\/index.php\/wp-json\/wp\/v2\/posts\/253373\/revisions"}],"predecessor-version":[{"id":253378,"href":"https:\/\/www.brundisium.net\/index.php\/wp-json\/wp\/v2\/posts\/253373\/revisions\/253378"}],"wp:featuredmedia":[{"embeddable":true,"href":"https:\/\/www.brundisium.net\/index.php\/wp-json\/wp\/v2\/media\/253376"}],"wp:attachment":[{"href":"https:\/\/www.brundisium.net\/index.php\/wp-json\/wp\/v2\/media?parent=253373"}],"wp:term":[{"taxonomy":"category","embeddable":true,"href":"https:\/\/www.brundisium.net\/index.php\/wp-json\/wp\/v2\/categories?post=253373"},{"taxonomy":"post_tag","embeddable":true,"href":"https:\/\/www.brundisium.net\/index.php\/wp-json\/wp\/v2\/tags?post=253373"}],"curies":[{"name":"wp","href":"https:\/\/api.w.org\/{rel}","templated":true}]}}