{"id":253395,"date":"2025-11-16T21:03:51","date_gmt":"2025-11-16T20:03:51","guid":{"rendered":"https:\/\/www.brundisium.net\/?p=253395"},"modified":"2025-11-16T21:04:48","modified_gmt":"2025-11-16T20:04:48","slug":"brindisi-bimbo-di-9-anni-colpito-da-emorragia-cerebrale-e-gravissimo-scatta-la-gara-di-solidarieta-per-aiutare-la-famiglia","status":"publish","type":"post","link":"https:\/\/www.brundisium.net\/index.php\/brindisi-bimbo-di-9-anni-colpito-da-emorragia-cerebrale-e-gravissimo-scatta-la-gara-di-solidarieta-per-aiutare-la-famiglia\/","title":{"rendered":"Brindisi, bimbo di 9 anni colpito da emorragia cerebrale: \u00e8 gravissimo. Scatta la gara di solidariet\u00e0 per aiutare la famiglia"},"content":{"rendered":"<p>Una notte come tante si \u00e8 trasformata in un incubo per una famiglia brindisina. Erano circa le quattro del mattino del 13 novembre quando Cristiano, 9 anni, alunno della scuola primaria Mantegna\u2013Sant\u2019Elia, ha avvertito un dolore lancinante alla testa. Ha chiamato la madre chiedendo aiuto, poi ha perso conoscenza.<\/p>\n<p>&nbsp;<\/p>\n<p>I genitori hanno attivato i soccorsi: il bambino \u00e8 stato trasportato d\u2019urgenza al Perrino, dove i medici gli hanno diagnosticato una grave emorragia cerebrale. Operato subito, le sue condizioni sono rimaste critiche. Per questo motivo, nella giornata di ieri, \u00e8 stato disposto il trasferimento al Policlinico di Bari, dove dovr\u00e0 affrontare un secondo intervento neurochirurgico.<\/p>\n<p>&nbsp;<\/p>\n<p><strong>La famiglia in difficolt\u00e0, la citt\u00e0 si mobilita<\/strong><\/p>\n<p>Mentre i medici lottano per salvargli la vita, la famiglia affronta un dramma nel dramma. Non hanno un\u2019auto, il padre lavora ma con uno stipendio modesto, e ora si trovano a Bari per seguire il figlio tra spese impreviste e grandissima preoccupazione.<\/p>\n<p>Da Brindisi \u00e8 partita una catena di solidariet\u00e0 che coinvolge scuola, insegnanti, compagni di classe e cittadini. La scuola Mantegna\u2013Sant\u2019Elia ha attivato un punto di raccolta e invita chi pu\u00f2 a contribuire anche tramite donazione diretta.<\/p>\n<p>&nbsp;<\/p>\n<p><strong>Come aiutare Cristiano<\/strong><\/p>\n<p>Per sostenere la famiglia \u00e8 stato messo a disposizione un conto dedicato:<\/p>\n<p>IBAN: IT50M3608105138235899735953<br \/>\nIntestatario: Altavilla Vincenzo<br \/>\nCausale consigliata: Sostegno per Cristiano<\/p>\n<p>&nbsp;<\/p>\n<p>L\u2019appello \u00e8 rivolto all\u2019intera comunit\u00e0: ogni contributo pu\u00f2 fare la differenza in un momento cos\u00ec difficile.<\/p>\n","protected":false},"excerpt":{"rendered":"<p>Una notte come tante si \u00e8 trasformata in un incubo per una famiglia brindisina. Erano circa le quattro del mattino del 13 novembre quando Cristiano, 9 anni, alunno della scuola primaria Mantegna\u2013Sant\u2019Elia, ha avvertito un dolore lancinante alla testa. Ha chiamato la madre chiedendo aiuto, poi ha perso conoscenza. &nbsp; I genitori hanno attivato i soccorsi: il bambino \u00e8 stato trasportato d\u2019urgenza al Perrino, dove i medici gli hanno diagnosticato una grave emorragia cerebrale. Operato subito, le sue condizioni sono rimaste critiche. Per questo motivo, nella giornata di ieri, \u00e8 stato disposto il trasferimento al Policlinico di Bari, dove dovr\u00e0 affrontare un secondo intervento neurochirurgico. &nbsp; La famiglia in difficolt\u00e0, la citt\u00e0 si mobilita Mentre i medici lottano per salvargli la vita, la famiglia affronta un dramma nel dramma. Non hanno un\u2019auto, il padre lavora ma con uno stipendio modesto, e ora si trovano a Bari per seguire il figlio tra spese impreviste e grandissima preoccupazione. Da Brindisi \u00e8 partita una catena di solidariet\u00e0 che coinvolge scuola, insegnanti, compagni di&#8230;<\/p>\n","protected":false},"author":2,"featured_media":253398,"comment_status":"closed","ping_status":"closed","sticky":false,"template":"","format":"standard","meta":{"footnotes":""},"categories":[7],"tags":[],"class_list":["post-253395","post","type-post","status-publish","format-standard","has-post-thumbnail","hentry","category-news"],"_links":{"self":[{"href":"https:\/\/www.brundisium.net\/index.php\/wp-json\/wp\/v2\/posts\/253395","targetHints":{"allow":["GET"]}}],"collection":[{"href":"https:\/\/www.brundisium.net\/index.php\/wp-json\/wp\/v2\/posts"}],"about":[{"href":"https:\/\/www.brundisium.net\/index.php\/wp-json\/wp\/v2\/types\/post"}],"author":[{"embeddable":true,"href":"https:\/\/www.brundisium.net\/index.php\/wp-json\/wp\/v2\/users\/2"}],"replies":[{"embeddable":true,"href":"https:\/\/www.brundisium.net\/index.php\/wp-json\/wp\/v2\/comments?post=253395"}],"version-history":[{"count":3,"href":"https:\/\/www.brundisium.net\/index.php\/wp-json\/wp\/v2\/posts\/253395\/revisions"}],"predecessor-version":[{"id":253401,"href":"https:\/\/www.brundisium.net\/index.php\/wp-json\/wp\/v2\/posts\/253395\/revisions\/253401"}],"wp:featuredmedia":[{"embeddable":true,"href":"https:\/\/www.brundisium.net\/index.php\/wp-json\/wp\/v2\/media\/253398"}],"wp:attachment":[{"href":"https:\/\/www.brundisium.net\/index.php\/wp-json\/wp\/v2\/media?parent=253395"}],"wp:term":[{"taxonomy":"category","embeddable":true,"href":"https:\/\/www.brundisium.net\/index.php\/wp-json\/wp\/v2\/categories?post=253395"},{"taxonomy":"post_tag","embeddable":true,"href":"https:\/\/www.brundisium.net\/index.php\/wp-json\/wp\/v2\/tags?post=253395"}],"curies":[{"name":"wp","href":"https:\/\/api.w.org\/{rel}","templated":true}]}}