{"id":253449,"date":"2025-11-17T20:31:07","date_gmt":"2025-11-17T19:31:07","guid":{"rendered":"https:\/\/www.brundisium.net\/?p=253449"},"modified":"2025-11-17T20:31:07","modified_gmt":"2025-11-17T19:31:07","slug":"post-carbone-a-brindisi-accelerazione-sul-futuro-di-cerano-cisal-e-uiltec-chiedono-tutele-e-chiarezza-su-enel","status":"publish","type":"post","link":"https:\/\/www.brundisium.net\/index.php\/post-carbone-a-brindisi-accelerazione-sul-futuro-di-cerano-cisal-e-uiltec-chiedono-tutele-e-chiarezza-su-enel\/","title":{"rendered":"Post carbone a Brindisi, accelerazione sul futuro di Cerano: Cisal e Uiltec chiedono tutele e chiarezza su Enel"},"content":{"rendered":"<p>Si \u00e8 svolto a Roma, al Ministero delle Imprese e del Made in Italy, un nuovo incontro sul futuro dell\u2019area di Cerano, alla presenza del ministro Adolfo Urso, del Commissario straordinario per la reindustrializzazione Luigi Carnevale, delle istituzioni locali, di Invitalia, delle associazioni datoriali e delle organizzazioni sindacali, tra cui UIL, UILTEC e CISAL. Il confronto ha registrato passi concreti verso l\u2019Accordo di Programma per il post carbone, che il Governo punta a rendere operativo entro marzo 2026.<\/p>\n<p>Secondo quanto illustrato da Invitalia, sono oltre cinquanta le proposte di investimento raccolte negli ultimi mesi, ma l\u2019attenzione si sta concentrando su dodici progetti ritenuti pi\u00f9 maturi e gi\u00e0 in capo a imprese titolari delle aree. Si tratta di iniziative che, sulla carta, potrebbero generare circa 670 occupati diretti e altri 250 nell\u2019indotto secondo le elaborazioni UIL, mentre le stime CISAL parlano di 931 nuovi posti pi\u00f9 460 nella fase di realizzazione, con investimenti potenziali vicini al miliardo di euro. L\u2019accordo consentirebbe un iter autorizzativo accelerato e l\u2019avvio dei cantieri in tempi brevi.<\/p>\n<p>Accanto alle opportunit\u00e0, resta aperta la questione pi\u00f9 delicata: cosa accadr\u00e0 alla centrale Enel e ai lavoratori oggi impiegati nel sito. Il Segretario nazionale UILTEC Marco Pant\u00f2 ha chiesto risposte precise sul futuro dell\u2019impianto, anche alla luce della scadenza dell\u2019AIA prevista per il 31 dicembre. Enel ha confermato che il phase out partir\u00e0 dal 1\u00b0 gennaio 2026 e durer\u00e0 tra i 24 e i 36 mesi, coinvolgendo \u00abgran parte della manodopera attuale\u00bb in attivit\u00e0 di dismissione, ma senza fornire numeri, profili professionali richiesti o garanzie sul ruolo dell\u2019indotto.<\/p>\n<p>\u201cNon possiamo aspettare che i nuovi investimenti diventino operativi per garantire reddito e dignit\u00e0 ai lavoratori \u2013 sostiene la UIL \u2013. \u00c8 necessario un protocollo di salvaguardia reddituale e percorsi certi di riqualificazione\u201d. Il sindacato ha anche sollecitato un confronto diretto con le aziende proponenti i progetti, per conoscerne piani industriali, contratti e ricadute occupazionali.<\/p>\n<p>Preoccupazioni analoghe arrivano anche da Cisal Federenergia e dall\u2019Unione Cisal Brindisi. Il coordinatore provinciale Massimo Pagliara, pur apprezzando la velocit\u00e0 del percorso istituzionale, ha richiamato l\u2019urgenza di tutelare i lavoratori dell\u2019indotto che gi\u00e0 oggi stanno perdendo posti di lavoro: \u201cSosteniamo con convinzione la riconversione, ma servono strumenti straordinari per chi rischia di restare senza reddito in questa fase di transizione\u201d.<\/p>\n<p>La partita per Cerano entra dunque nel vivo. Tarare lo sviluppo industriale sulla qualit\u00e0 dei posti di lavoro, garantire continuit\u00e0 occupazionale e trasformare la decarbonizzazione in una reale occasione di rilancio sono i nodi che le parti sociali chiedono di sciogliere subito. Il Commissario Carnevale, che ha confermato la propria sensibilit\u00e0 ai temi della tenuta sociale ed economica del territorio, viene indicato dai sindacati come figura chiave per assicurare tempi certi ai prossimi passaggi.<\/p>\n<p>La reindustrializzazione dell\u2019area Cerano \u00e8 un passaggio storico per Brindisi. L\u2019obiettivo condiviso, al netto delle diverse sensibilit\u00e0, \u00e8 costruire un polo che assicuri sviluppo, energia e lavoro stabile. Il tempo per farlo, avvertono i sindacati, inizia ora.<\/p>\n","protected":false},"excerpt":{"rendered":"<p>Si \u00e8 svolto a Roma, al Ministero delle Imprese e del Made in Italy, un nuovo incontro sul futuro dell\u2019area di Cerano, alla presenza del ministro Adolfo Urso, del Commissario straordinario per la reindustrializzazione Luigi Carnevale, delle istituzioni locali, di Invitalia, delle associazioni datoriali e delle organizzazioni sindacali, tra cui UIL, UILTEC e CISAL. Il confronto ha registrato passi concreti verso l\u2019Accordo di Programma per il post carbone, che il Governo punta a rendere operativo entro marzo 2026. Secondo quanto illustrato da Invitalia, sono oltre cinquanta le proposte di investimento raccolte negli ultimi mesi, ma l\u2019attenzione si sta concentrando su dodici progetti ritenuti pi\u00f9 maturi e gi\u00e0 in capo a imprese titolari delle aree. Si tratta di iniziative che, sulla carta, potrebbero generare circa 670 occupati diretti e altri 250 nell\u2019indotto secondo le elaborazioni UIL, mentre le stime CISAL parlano di 931 nuovi posti pi\u00f9 460 nella fase di realizzazione, con investimenti potenziali vicini al miliardo di euro. L\u2019accordo consentirebbe un iter autorizzativo accelerato e l\u2019avvio dei cantieri in tempi&#8230;<\/p>\n","protected":false},"author":2,"featured_media":253450,"comment_status":"closed","ping_status":"closed","sticky":false,"template":"","format":"standard","meta":{"footnotes":""},"categories":[7],"tags":[],"class_list":["post-253449","post","type-post","status-publish","format-standard","has-post-thumbnail","hentry","category-news"],"_links":{"self":[{"href":"https:\/\/www.brundisium.net\/index.php\/wp-json\/wp\/v2\/posts\/253449","targetHints":{"allow":["GET"]}}],"collection":[{"href":"https:\/\/www.brundisium.net\/index.php\/wp-json\/wp\/v2\/posts"}],"about":[{"href":"https:\/\/www.brundisium.net\/index.php\/wp-json\/wp\/v2\/types\/post"}],"author":[{"embeddable":true,"href":"https:\/\/www.brundisium.net\/index.php\/wp-json\/wp\/v2\/users\/2"}],"replies":[{"embeddable":true,"href":"https:\/\/www.brundisium.net\/index.php\/wp-json\/wp\/v2\/comments?post=253449"}],"version-history":[{"count":1,"href":"https:\/\/www.brundisium.net\/index.php\/wp-json\/wp\/v2\/posts\/253449\/revisions"}],"predecessor-version":[{"id":253451,"href":"https:\/\/www.brundisium.net\/index.php\/wp-json\/wp\/v2\/posts\/253449\/revisions\/253451"}],"wp:featuredmedia":[{"embeddable":true,"href":"https:\/\/www.brundisium.net\/index.php\/wp-json\/wp\/v2\/media\/253450"}],"wp:attachment":[{"href":"https:\/\/www.brundisium.net\/index.php\/wp-json\/wp\/v2\/media?parent=253449"}],"wp:term":[{"taxonomy":"category","embeddable":true,"href":"https:\/\/www.brundisium.net\/index.php\/wp-json\/wp\/v2\/categories?post=253449"},{"taxonomy":"post_tag","embeddable":true,"href":"https:\/\/www.brundisium.net\/index.php\/wp-json\/wp\/v2\/tags?post=253449"}],"curies":[{"name":"wp","href":"https:\/\/api.w.org\/{rel}","templated":true}]}}