{"id":253512,"date":"2025-11-18T16:03:07","date_gmt":"2025-11-18T15:03:07","guid":{"rendered":"https:\/\/www.brundisium.net\/?p=253512"},"modified":"2025-11-19T16:03:56","modified_gmt":"2025-11-19T15:03:56","slug":"lisola-che-ce-presentato-alla-stampa-il-nuovo-centro-del-riuso-di-fasano","status":"publish","type":"post","link":"https:\/\/www.brundisium.net\/index.php\/lisola-che-ce-presentato-alla-stampa-il-nuovo-centro-del-riuso-di-fasano\/","title":{"rendered":"\u201cL\u2019Isola che c\u2019\u00e8\u201d: presentato alla stampa il nuovo Centro del Riuso di Fasano"},"content":{"rendered":"<p>Si \u00e8 svolta oggi presso il Centro del Riuso \u201cL\u2019Isola che c\u2019\u00e8\u201d in c.da Sant\u2019Angelo a Fasano la conferenza stampa di presentazione della campagna di educazione ambientale promossa dal Comune di Fasano in collaborazione con l\u2019associazione SCI\u00c1.<br \/>\nNel corso dell\u2019incontro sono stati illustrati obiettivi, modalit\u00e0 di funzionamento del Centro e calendario delle attivit\u00e0 di avvicinamento: incontri nelle scuole, visite guidate per associazioni, famiglie e cittadini.<br \/>\n\u00abL\u2019Isola che c\u2019\u00e8 \u00e8 un servizio completamente gratuito, semplice e ad alto impatto: meno sprechi, maggiori benefici per l\u2019ambiente e minori costi di conferimento &#8211; ha dichiarato Francesco Zaccaria, sindaco di Fasano &#8211; Prima dello smaltimento in discarica, i cittadini potranno portare qui oggetti ancora utilizzabili, che resteranno a disposizione per un mese in cerca di nuova vita. Vogliamo farlo diventare un\u2019abitudine cittadina, a partire dalle scuole e dalle associazioni\u00bb.<br \/>\nIl centro, ubicato nelle vicinanze del CCR in contrada Sant\u2019Angelo a Fasano, \u00e8 gi\u00e0 operativo con il seguente calendario:<br \/>\n    \u2022 Luned\u00ec: chiuso<br \/>\n    \u2022 Marted\u00ec: 8:30\u201312:30<br \/>\n    \u2022 Mercoled\u00ec: 15:30\u201318:30<br \/>\n    \u2022 Gioved\u00ec: 8:30\u201312:30<br \/>\n    \u2022 Venerd\u00ec: 9:00\u201312:00<br \/>\n    \u2022 Sabato: 9:00\u201312:00<br \/>\n\u00abQuesto progetto &#8211; spiega Gianluca Cisternino, assessore all\u2019Ecologia &#8211; nasce grazie ad un finanziamento regionale. Grazie al prezioso lavoro degli Uffici abbiamo riqualificato e reso accessibile l\u2019intera area e dotato il Centro del Riuso di un regolamento approvato dal Consiglio comunale. \u00c8 uno spazio pubblico dove dare nuova vita agli oggetti ancora in buone condizioni: un dovere civico che genera benefici per l\u2019ambiente e riduce i costi di smaltimento a carico di tutti i cittadini\u00bb.<br \/>\n\u00abLa partecipazione dei cittadini all\u2019economia circolare &#8211; spiega Oronzo Rubino, consigliere comunale &#8211; \u00e8 un passo di cittadinanza attiva che ci allinea agli Obiettivi dell\u2019Agenda 2030. Con \u201cL\u2019Isola che c\u2019\u00e8\u201d vogliamo costruire dal basso una rete stabile tra scuole, associazioni e quartieri: un percorso dal basso, trasparente e misurabile, che trasformi il riuso in abitudine quotidiana e in coesione sociale\u00bb.<br \/>\n\u00abCome associazione &#8211; ha spiegato Michele Semeraro, presidente dell\u2019associazione SCI\u00c1 &#8211; vogliamo creare punti di incontro e di comunit\u00e0. Siamo gi\u00e0 in contatto con le scuole che hanno risposto al nostro appello, mentre nelle prossime settimane inviteremo pubblicamente le associazioni e i cittadini che lo vorranno a trascorrere con noi una mattina al centro del riuso per una visita guidata e per creare occasioni di scambio\u00bb.<\/p>\n<p>Ufficio Stampa<br \/>\nCitt\u00e0 di Fasano<\/p>\n","protected":false},"excerpt":{"rendered":"<p>Si \u00e8 svolta oggi presso il Centro del Riuso \u201cL\u2019Isola che c\u2019\u00e8\u201d in c.da Sant\u2019Angelo a Fasano la conferenza stampa di presentazione della campagna di educazione ambientale promossa dal Comune di Fasano in collaborazione con l\u2019associazione SCI\u00c1. Nel corso dell\u2019incontro sono stati illustrati obiettivi, modalit\u00e0 di funzionamento del Centro e calendario delle attivit\u00e0 di avvicinamento: incontri nelle scuole, visite guidate per associazioni, famiglie e cittadini. \u00abL\u2019Isola che c\u2019\u00e8 \u00e8 un servizio completamente gratuito, semplice e ad alto impatto: meno sprechi, maggiori benefici per l\u2019ambiente e minori costi di conferimento &#8211; ha dichiarato Francesco Zaccaria, sindaco di Fasano &#8211; Prima dello smaltimento in discarica, i cittadini potranno portare qui oggetti ancora utilizzabili, che resteranno a disposizione per un mese in cerca di nuova vita. Vogliamo farlo diventare un\u2019abitudine cittadina, a partire dalle scuole e dalle associazioni\u00bb. Il centro, ubicato nelle vicinanze del CCR in contrada Sant\u2019Angelo a Fasano, \u00e8 gi\u00e0 operativo con il seguente calendario: \u2022 Luned\u00ec: chiuso \u2022 Marted\u00ec: 8:30\u201312:30 \u2022 Mercoled\u00ec: 15:30\u201318:30 \u2022 Gioved\u00ec: 8:30\u201312:30 \u2022 Venerd\u00ec: 9:00\u201312:00 \u2022&#8230;<\/p>\n","protected":false},"author":2,"featured_media":253513,"comment_status":"closed","ping_status":"closed","sticky":false,"template":"","format":"standard","meta":{"footnotes":""},"categories":[7],"tags":[],"class_list":["post-253512","post","type-post","status-publish","format-standard","has-post-thumbnail","hentry","category-news"],"_links":{"self":[{"href":"https:\/\/www.brundisium.net\/index.php\/wp-json\/wp\/v2\/posts\/253512","targetHints":{"allow":["GET"]}}],"collection":[{"href":"https:\/\/www.brundisium.net\/index.php\/wp-json\/wp\/v2\/posts"}],"about":[{"href":"https:\/\/www.brundisium.net\/index.php\/wp-json\/wp\/v2\/types\/post"}],"author":[{"embeddable":true,"href":"https:\/\/www.brundisium.net\/index.php\/wp-json\/wp\/v2\/users\/2"}],"replies":[{"embeddable":true,"href":"https:\/\/www.brundisium.net\/index.php\/wp-json\/wp\/v2\/comments?post=253512"}],"version-history":[{"count":1,"href":"https:\/\/www.brundisium.net\/index.php\/wp-json\/wp\/v2\/posts\/253512\/revisions"}],"predecessor-version":[{"id":253514,"href":"https:\/\/www.brundisium.net\/index.php\/wp-json\/wp\/v2\/posts\/253512\/revisions\/253514"}],"wp:featuredmedia":[{"embeddable":true,"href":"https:\/\/www.brundisium.net\/index.php\/wp-json\/wp\/v2\/media\/253513"}],"wp:attachment":[{"href":"https:\/\/www.brundisium.net\/index.php\/wp-json\/wp\/v2\/media?parent=253512"}],"wp:term":[{"taxonomy":"category","embeddable":true,"href":"https:\/\/www.brundisium.net\/index.php\/wp-json\/wp\/v2\/categories?post=253512"},{"taxonomy":"post_tag","embeddable":true,"href":"https:\/\/www.brundisium.net\/index.php\/wp-json\/wp\/v2\/tags?post=253512"}],"curies":[{"name":"wp","href":"https:\/\/api.w.org\/{rel}","templated":true}]}}