{"id":253611,"date":"2025-11-22T13:06:14","date_gmt":"2025-11-22T12:06:14","guid":{"rendered":"https:\/\/www.brundisium.net\/?p=253611"},"modified":"2025-11-22T13:06:14","modified_gmt":"2025-11-22T12:06:14","slug":"giornata-internazionale-per-leliminazione-della-violenza-contro-le-donne-il-25-novembre-iniziative-nel-centro-di-riabilitazione-di-ceglie-messapica","status":"publish","type":"post","link":"https:\/\/www.brundisium.net\/index.php\/giornata-internazionale-per-leliminazione-della-violenza-contro-le-donne-il-25-novembre-iniziative-nel-centro-di-riabilitazione-di-ceglie-messapica\/","title":{"rendered":"Giornata internazionale per l\u2019eliminazione della violenza contro le donne: il 25 novembre iniziative nel Centro di Riabilitazione di Ceglie Messapica"},"content":{"rendered":"<p>Il Centro di Riabilitazione di Ceglie Messapica dell\u2019Asl Brindisi partecipa il 25 novembre alla Giornata internazionale per l\u2019eliminazione della violenza contro le donne con una serie di iniziative, a partire dalle 10, pensate per trasformare gli spazi di cura in luoghi di riflessione, consapevolezza e condivisione. L\u2019obiettivo \u00e8 coinvolgere pazienti, operatori sanitari, famiglie e cittadini in un momento collettivo di attenzione verso un tema che interpella fortemente la societ\u00e0 e il mondo della cura.<\/p>\n<p>\u201cIl nostro Centro &#8211; afferma il direttore medico Andrea Molino &#8211; non \u00e8 soltanto un luogo dedicato alla riabilitazione, ma anche uno spazio in cui promuovere una cultura fondata sulla dignit\u00e0 e sul rispetto. Partecipare a questa giornata significa riaffermare l\u2019impegno a costruire contesti sicuri e sensibili, in cui la tutela delle persone passa anche dalla consapevolezza e dall\u2019educazione condivisa. \u00c8 una responsabilit\u00e0 che sentiamo profondamente e che appartiene alla missione sanitaria e sociale della struttura&#8221;.<\/p>\n<p>La proposta nasce dal lavoro della dottoressa Vincenza Pinto, dirigente medico della Uoc di Neuroriabilitazione, da sempre impegnata nella promozione di iniziative di sensibilizzazione nei luoghi di cura. Su sua iniziativa, il Centro dedicher\u00e0 la giornata a un percorso simbolico che prender\u00e0 forma anche attraverso l\u2019uso del colore rosso &#8211; simbolo universale della lotta contro la violenza sulle donne &#8211; valorizzato negli spazi comuni mediante allestimenti e segnaletica tematica, cos\u00ec da rendere immediatamente percepibile il messaggio dell\u2019iniziativa a chiunque attraversi la struttura.<\/p>\n<p>La mattinata sar\u00e0 inoltre arricchita da un momento artistico di particolare intensit\u00e0: una giovane donna, vestita di rosso, eseguir\u00e0 una danza di pizzica all\u2019interno dell\u2019area dedicata ai familiari. Un gesto evocativo, pensato per raggiungere il cuore dei pazienti ricoverati, degli utenti del Service e delle loro famiglie, nonch\u00e9 dei bambini e dei genitori che accedono al DH pediatrico.<br \/>\nDurante la performance, la danzatrice distribuir\u00e0 nastri rossi agli uomini presenti &#8211; professionisti sanitari e non, pazienti, visitatori e utenti esterni &#8211; invitandoli a donarli a una donna insieme a una rosa rossa, come testimonianza di un impegno personale e collettivo. A spiegare il significato di questo gesto la dottoressa Claudia Pati, fisioterapista incaricata dell\u2019Organizzazione dell\u2019Area Riabilitazione, che sottolinea: \u201cIl nastro rosso rappresenta un messaggio che nasce dalla condivisione. Professionisti e pazienti, insieme, danno voce a un impegno comune: riconoscere, contrastare e prevenire la violenza. Condividere significa unire le nostre energie e le nostre storie per costruire una comunit\u00e0 pi\u00f9 consapevole. \u00c8 proprio questo senso di partecipazione condivisa a rendere l\u2019iniziativa cos\u00ec significativa per tutti noi\u201d.<br \/>\nPer la dirigente delle Professioni Sanitarie della Asl Brindisi, Adelina Usai, &#8220;la violenza contro le donne rappresenta uno dei problemi pi\u00f9 gravi e persistenti delle societ\u00e0 contemporanee. Non costituisce solo una violazione dei diritti umani, ma anche una questione centrale di salute pubblica, con ricadute fisiche, psicologiche, sociali ed economiche che coinvolgono l\u2019intera comunit\u00e0. Gli operatori sanitari, e in particolare gli infermieri, ricoprono un ruolo essenziale nel riconoscimento, nella gestione e nella prevenzione di questo fenomeno, che spesso si manifesta in modo sommerso e silenzioso\u201d.<\/p>\n<p>Accanto alle iniziative interne, uno spazio esterno della struttura ospiter\u00e0 un\u2019installazione di scarpe rosse, simbolo ormai riconosciuto a livello internazionale sia del rifiuto della violenza che della memoria delle donne che ne sono state vittime.<\/p>\n<p>A completare il percorso simbolico della giornata, operatori sanitari, pazienti e giovani donne saranno invitati a indossare un nastro rosso; al personale amministrativo femminile sar\u00e0 inoltre offerta la possibilit\u00e0 di indossare un capo di abbigliamento rosso, come ulteriore gesto di adesione e partecipazione. Con questo insieme di azioni, il Centro di Riabilitazione di Ceglie e l\u2019Asl Brindisi confermano la volont\u00e0 di essere parte attiva nella costruzione di una comunit\u00e0 pi\u00f9 sensibile, consapevole e impegnata nel promuovere una cultura del rispetto e nel proteggere sempre la dignit\u00e0 delle donne.<\/p>\n<p>&nbsp;<\/p>\n<p>UFFICIO STAMPA ASL BRINDISI<\/p>\n","protected":false},"excerpt":{"rendered":"<p>Il Centro di Riabilitazione di Ceglie Messapica dell\u2019Asl Brindisi partecipa il 25 novembre alla Giornata internazionale per l\u2019eliminazione della violenza contro le donne con una serie di iniziative, a partire dalle 10, pensate per trasformare gli spazi di cura in luoghi di riflessione, consapevolezza e condivisione. L\u2019obiettivo \u00e8 coinvolgere pazienti, operatori sanitari, famiglie e cittadini in un momento collettivo di attenzione verso un tema che interpella fortemente la societ\u00e0 e il mondo della cura. \u201cIl nostro Centro &#8211; afferma il direttore medico Andrea Molino &#8211; non \u00e8 soltanto un luogo dedicato alla riabilitazione, ma anche uno spazio in cui promuovere una cultura fondata sulla dignit\u00e0 e sul rispetto. Partecipare a questa giornata significa riaffermare l\u2019impegno a costruire contesti sicuri e sensibili, in cui la tutela delle persone passa anche dalla consapevolezza e dall\u2019educazione condivisa. \u00c8 una responsabilit\u00e0 che sentiamo profondamente e che appartiene alla missione sanitaria e sociale della struttura&#8221;. La proposta nasce dal lavoro della dottoressa Vincenza Pinto, dirigente medico della Uoc di Neuroriabilitazione, da sempre impegnata nella promozione&#8230;<\/p>\n","protected":false},"author":2,"featured_media":253612,"comment_status":"closed","ping_status":"closed","sticky":false,"template":"","format":"standard","meta":{"footnotes":""},"categories":[7],"tags":[],"class_list":["post-253611","post","type-post","status-publish","format-standard","has-post-thumbnail","hentry","category-news"],"_links":{"self":[{"href":"https:\/\/www.brundisium.net\/index.php\/wp-json\/wp\/v2\/posts\/253611","targetHints":{"allow":["GET"]}}],"collection":[{"href":"https:\/\/www.brundisium.net\/index.php\/wp-json\/wp\/v2\/posts"}],"about":[{"href":"https:\/\/www.brundisium.net\/index.php\/wp-json\/wp\/v2\/types\/post"}],"author":[{"embeddable":true,"href":"https:\/\/www.brundisium.net\/index.php\/wp-json\/wp\/v2\/users\/2"}],"replies":[{"embeddable":true,"href":"https:\/\/www.brundisium.net\/index.php\/wp-json\/wp\/v2\/comments?post=253611"}],"version-history":[{"count":1,"href":"https:\/\/www.brundisium.net\/index.php\/wp-json\/wp\/v2\/posts\/253611\/revisions"}],"predecessor-version":[{"id":253613,"href":"https:\/\/www.brundisium.net\/index.php\/wp-json\/wp\/v2\/posts\/253611\/revisions\/253613"}],"wp:featuredmedia":[{"embeddable":true,"href":"https:\/\/www.brundisium.net\/index.php\/wp-json\/wp\/v2\/media\/253612"}],"wp:attachment":[{"href":"https:\/\/www.brundisium.net\/index.php\/wp-json\/wp\/v2\/media?parent=253611"}],"wp:term":[{"taxonomy":"category","embeddable":true,"href":"https:\/\/www.brundisium.net\/index.php\/wp-json\/wp\/v2\/categories?post=253611"},{"taxonomy":"post_tag","embeddable":true,"href":"https:\/\/www.brundisium.net\/index.php\/wp-json\/wp\/v2\/tags?post=253611"}],"curies":[{"name":"wp","href":"https:\/\/api.w.org\/{rel}","templated":true}]}}