{"id":253808,"date":"2025-11-26T15:51:18","date_gmt":"2025-11-26T14:51:18","guid":{"rendered":"https:\/\/www.brundisium.net\/?p=253808"},"modified":"2025-11-26T15:51:18","modified_gmt":"2025-11-26T14:51:18","slug":"tpl-urbano-a-fasano-la-navetta-elettrica-urbana-raddoppia-e-diventa-gratuita-per-tutti-i-cittadini","status":"publish","type":"post","link":"https:\/\/www.brundisium.net\/index.php\/tpl-urbano-a-fasano-la-navetta-elettrica-urbana-raddoppia-e-diventa-gratuita-per-tutti-i-cittadini\/","title":{"rendered":"TPL Urbano a Fasano: la navetta elettrica urbana raddoppia e diventa gratuita per tutti i cittadini"},"content":{"rendered":"<p>Il Comune di Fasano estende la sperimentazione del servizio di Trasporto Pubblico Locale dal 1\u00b0 dicembre al 30 giugno 2026. Nuove corse pomeridiane e percorsi potenziati per disincentivare l&#8217;uso dell&#8217;auto privata<\/p>\n<p>Fasano &#8211; Importanti novit\u00e0 per il Trasporto Pubblico Locale (TPL) urbano a Fasano. A partire dal\u00a01\u00b0 dicembre 2025, la\u00a0&#8220;Navetta Centro Urbano&#8221; elettrica\u00a0non solo potenzier\u00e0 i suoi percorsi, ma diventer\u00e0 completamente\u00a0gratuita\u00a0per l&#8217;intera durata della sperimentazione aggiuntiva, che si protrarr\u00e0 fino al\u00a030 giugno 2026.<\/p>\n<p>L\u2019iniziativa, fortemente voluta dall&#8217;Amministrazione comunale e in linea con gli obiettivi di mobilit\u00e0 eco-sostenibile previsti nel Piano Integrato di Attivit\u00e0 e Organizzazione (P.I.A.O. 2025\/2027), mira a ottimizzare il servizio di circolare cittadina, riducendo i tempi di percorrenza e disincentivando l\u2019uso dei mezzi privati nel centro urbano.<\/p>\n<p>Le novit\u00e0 introdotte sono il risultato di una positiva rilevazione della\u00a0customer satisfaction\u00a0che ha evidenziato la necessit\u00e0 di estendere il servizio e sono coerenti con gli indirizzi del PUMS della citt\u00e0.<\/p>\n<p>I\u00a0punti chiave\u00a0dell&#8217;ampliamento sperimentale sono:<br \/>\n    \u2022 Gratuit\u00e0 Totale:\u00a0l&#8217;utilizzo del bus elettrico sar\u00e0 completamente gratuito per tutti gli utenti e per qualsiasi percorso in questa fase sperimentale con costi interamente a carico del Bilancio comunale;<br \/>\n    \u2022 Prolungamento:\u00a0la sperimentazione sar\u00e0 estesa ulteriormente, dal 1\u00b0 dicembre 2025 al\u00a030 giugno 2026;<br \/>\n    \u2022 Nuovi Collegamenti:\u00a0la linea sar\u00e0 integrata con la previsione di corse, anche pomeridiane, per collegare efficacemente nuove aree nevralgiche della citt\u00e0:<br \/>\n        \u25e6 La zona residenziale tra\u00a0via Gravinella e via Santa Margherita\u00a0con il centro (Piazza Ciaia)<br \/>\n        \u25e6 Le\u00a0zone commerciali\u00a0di Via Roma (lato Ostuni e lato Monopoli) e gli\u00a0uffici pubblici\u00a0della zona nord.<\/p>\n<p>Francesco Zaccaria, Sindaco di Fasano, sottolinea l&#8217;importanza di questo passo in avanti: \u00abQuando abbiamo avviato la sperimentazione della Navetta Centro Urbano con il nostro bus elettrico, lo abbiamo fatto con l\u2019obiettivo di offrire un servizio\u00a0moderno e sostenibile. Oggi, quel percorso si consolida e fa un salto di qualit\u00e0 storico: non solo\u00a0raddoppiamo i percorsi, includendo finalmente collegamenti essenziali anche in orario pomeridiano e verso nuove aree periferiche e commerciali, ma rendiamo il servizio\u00a0completamente gratuito\u00a0per l\u2019intera durata della sperimentazione. \u00c8 una scelta strategica che dimostra il nostro impegno concreto verso una\u00a0mobilit\u00e0 pi\u00f9 vicina ai cittadini\u00a0e rispettosa dell\u2019ambiente. Invito tutti i Fasanesi a utilizzare questa navetta per i propri spostamenti: \u00e8 un servizio utile alla vita quotidiana di ciascuno di noi e un gesto importante per la vivibilit\u00e0 della nostra citt\u00e0. Ringrazio l\u2019Assessora\u00a0Donatella Martucci\u00a0e l\u2019Ufficio Trasporto Pubblico per aver raggiunto questo traguardo\u00bb.<\/p>\n<p>L&#8217;Assessore alla Mobilit\u00e0,\u00a0Donatella Martucci, ha espresso grande soddisfazione per l&#8217;avvio della fase potenziata: \u00abCon questo servizio diamo concretezza al nostro obiettivo di incentivare la mobilit\u00e0 eco-sostenibile nel centro urbano, come previsto dal PUMS. L\u2019estensione della sperimentazione, specialmente in orario pomeridiano e verso nuove aree cittadine, risponde direttamente alle esigenze emerse dai cittadini e in particolare anche dai ragazzi. L\u2019invito che rivolgo a tutti \u00e8 quello di testare l\u2019utilizzo di questo bus elettrico dal momento che sar\u00e0 completamente gratuito, sfruttandolo come valida alternativa all\u2019auto privata. Un ringraziamento lo rivolgo oltre che agli uffici anche al consorzio COTRAP per la disponibilit\u00e0 ad integrare questo servizio aggiuntivo e complementare\u00bb.<\/p>\n<p>Gli orari dettagliati delle nuove corse sono stati elaborati dall\u2019Ufficio Trasporti del Comune di Fasano e saranno comunicati tempestivamente all&#8217;utenza attraverso tutti i canali ufficiali.<\/p>\n<p>Ufficio Stampa<br \/>\nCitt\u00e0 di Fasano<\/p>\n","protected":false},"excerpt":{"rendered":"<p>Il Comune di Fasano estende la sperimentazione del servizio di Trasporto Pubblico Locale dal 1\u00b0 dicembre al 30 giugno 2026. Nuove corse pomeridiane e percorsi potenziati per disincentivare l&#8217;uso dell&#8217;auto privata Fasano &#8211; Importanti novit\u00e0 per il Trasporto Pubblico Locale (TPL) urbano a Fasano. A partire dal\u00a01\u00b0 dicembre 2025, la\u00a0&#8220;Navetta Centro Urbano&#8221; elettrica\u00a0non solo potenzier\u00e0 i suoi percorsi, ma diventer\u00e0 completamente\u00a0gratuita\u00a0per l&#8217;intera durata della sperimentazione aggiuntiva, che si protrarr\u00e0 fino al\u00a030 giugno 2026. L\u2019iniziativa, fortemente voluta dall&#8217;Amministrazione comunale e in linea con gli obiettivi di mobilit\u00e0 eco-sostenibile previsti nel Piano Integrato di Attivit\u00e0 e Organizzazione (P.I.A.O. 2025\/2027), mira a ottimizzare il servizio di circolare cittadina, riducendo i tempi di percorrenza e disincentivando l\u2019uso dei mezzi privati nel centro urbano. Le novit\u00e0 introdotte sono il risultato di una positiva rilevazione della\u00a0customer satisfaction\u00a0che ha evidenziato la necessit\u00e0 di estendere il servizio e sono coerenti con gli indirizzi del PUMS della citt\u00e0. I\u00a0punti chiave\u00a0dell&#8217;ampliamento sperimentale sono: \u2022 Gratuit\u00e0 Totale:\u00a0l&#8217;utilizzo del bus elettrico sar\u00e0 completamente gratuito per tutti gli utenti e per qualsiasi percorso&#8230;<\/p>\n","protected":false},"author":2,"featured_media":253813,"comment_status":"closed","ping_status":"closed","sticky":false,"template":"","format":"standard","meta":{"footnotes":""},"categories":[7],"tags":[],"class_list":["post-253808","post","type-post","status-publish","format-standard","has-post-thumbnail","hentry","category-news"],"_links":{"self":[{"href":"https:\/\/www.brundisium.net\/index.php\/wp-json\/wp\/v2\/posts\/253808","targetHints":{"allow":["GET"]}}],"collection":[{"href":"https:\/\/www.brundisium.net\/index.php\/wp-json\/wp\/v2\/posts"}],"about":[{"href":"https:\/\/www.brundisium.net\/index.php\/wp-json\/wp\/v2\/types\/post"}],"author":[{"embeddable":true,"href":"https:\/\/www.brundisium.net\/index.php\/wp-json\/wp\/v2\/users\/2"}],"replies":[{"embeddable":true,"href":"https:\/\/www.brundisium.net\/index.php\/wp-json\/wp\/v2\/comments?post=253808"}],"version-history":[{"count":1,"href":"https:\/\/www.brundisium.net\/index.php\/wp-json\/wp\/v2\/posts\/253808\/revisions"}],"predecessor-version":[{"id":253814,"href":"https:\/\/www.brundisium.net\/index.php\/wp-json\/wp\/v2\/posts\/253808\/revisions\/253814"}],"wp:featuredmedia":[{"embeddable":true,"href":"https:\/\/www.brundisium.net\/index.php\/wp-json\/wp\/v2\/media\/253813"}],"wp:attachment":[{"href":"https:\/\/www.brundisium.net\/index.php\/wp-json\/wp\/v2\/media?parent=253808"}],"wp:term":[{"taxonomy":"category","embeddable":true,"href":"https:\/\/www.brundisium.net\/index.php\/wp-json\/wp\/v2\/categories?post=253808"},{"taxonomy":"post_tag","embeddable":true,"href":"https:\/\/www.brundisium.net\/index.php\/wp-json\/wp\/v2\/tags?post=253808"}],"curies":[{"name":"wp","href":"https:\/\/api.w.org\/{rel}","templated":true}]}}